{"id":36262,"date":"2008-04-07T02:12:32","date_gmt":"2008-04-07T02:12:32","guid":{"rendered":"http:\/\/diariodominicano.ddns.net\/?p=36262"},"modified":"2008-04-07T02:12:32","modified_gmt":"2008-04-07T02:12:32","slug":"que-las-autoridades-e-instituciones-de-mexico-asuman-la-condena-de-la-masacre-en-ecuador-en-lugar-de-justificarla","status":"publish","type":"post","link":"https:\/\/diariodominicano.com\/?p=36262","title":{"rendered":"\u00a1Que las autoridades e instituciones de M\u00e9xico asuman la condena de la masacre en Ecuador, en lugar de justificarla!"},"content":{"rendered":"<p><body><\/p>\n<p align=\"justify\" class=\"titulogrande1\">\u00a1Que las autoridades e instituciones  de M\u00e9xico asuman la condena de la masacre en Ecuador, en lugar de justificarla!<\/p>\n<p>&#13;<\/p>\n<p align=\"justify\" class=\"text1noticias\">Est\u00e1 plenamente confirmado que lo  ocurrido en territorio ecuatoriano en el campamento guerrillero del comandante Ra\u00fal  Reyes -tr\u00e1gico hecho en el que perdieron la vida valiosos(as) j\u00f3venes mexicano(as),  fue una masacre fr\u00edamente planificada por el gobierno narco-paramilitar de  \u00c1lvaro Uribe, el alto mando militar de ese pa\u00eds, el Pent\u00e1gono y la CIA.<\/p>\n<p>&#13;<\/p>\n<p align=\"justify\" class=\"text1noticias\">Fue tambien, en consecuencia, una  grosera violaci\u00f3n de la soberan\u00eda territorial del Ecuador, acompa\u00f1ada de alto  grado de alevos\u00eda y enga\u00f1o contra el digno gobierno del Presidente Correa.<\/p>\n<p>&#13;<\/p>\n<p align=\"justify\" class=\"text1noticias\">Est\u00e1 confirmado adem\u00e1s, que ese  campamento estaba jugando, en esos instantes, un destacado papel pol\u00edtico-diplom\u00e1tico  de relacionamiento con los sectores de la comunidad latino-caribe\u00f1a y mundial  empe\u00f1ados en la humanizaci\u00f3n del conflicto armado, en el intercambio humanitario  de prisioneros y en la b\u00fasqueda del camino de paz. Que incluso poco antes del  bombardeo, el propio Ra\u00fal Reyes, estaba dedicado a encontrar f\u00f3rmulas que  posibilitaran un acuerdo con el gobierno de Francia a favor de la liberaci\u00f3n de  Ingrid Betancourt.<\/p>\n<p>&#13;<\/p>\n<p align=\"justify\" class=\"text1noticias\">Todo esto explica el porqu\u00e9 de  las frecuentes visitas de representantes de organismos de solidaridad, de  movimientos sociales, fuerzas pol\u00edticas y gobiernos partidarios del fin de al  guerra sucia desatada por el Estado colombiano y\u00a0\u00a0 del logro definitivo de una paz digna.<\/p>\n<p>&#13;<\/p>\n<p align=\"justify\" class=\"text1noticias\">Explica, puntualmente, el porqu\u00e9  de la visita voluntaria de los(as) referidos j\u00f3venes mexicanos(as), que  previamente participaron en el <strong>II  Congreso de la CCB<\/strong> y en el <strong>Seminario Internacional <\/strong>sobre  la <strong>\u201cActualidad de las Ideas de Bol\u00edvar y  de los Pr\u00f3ceres de Nuestra Am\u00e9rica\u201d, \u00a0<\/strong>realizados  en Quito del 23 al 27 de febrero.<\/p>\n<p>&#13;<\/p>\n<p align=\"justify\" class=\"text1noticias\">Por eso resulta detestable e  indignante que autoridades e instituciones mexicanas (incluidas ciertas  autoridades acad\u00e9micas) -en lugar de condenar esa masacre y de instrumentar  procesos que conduzcan a la debida sanci\u00f3n del gobierno Colombiano y de las  jerarqu\u00edas militares estadounidenses involucradas en ese horroroso hecho, en  lugar de defender la \u00a0dignidad de sus  j\u00f3venes conciudadanos(as) y de rendirle los honores merecidos- se dediquen a  compartir expedientes e \u201cinvestigaciones\u201d mentirosas, a estigmatizar y desacreditar  a las v\u00edctimas de esa criminal \u201coperaci\u00f3n quir\u00fargica\u201d y a penalizar a todos(as)  sus relacionados(as), como tambien a perseguir y reprimir a los(as) integrantes  del cap\u00edtulo mexicano de la CCB  y a fomentar el \u201cterrorismo medi\u00e1tico\u201d.<\/p>\n<p>&#13;<\/p>\n<p align=\"justify\" class=\"text1noticias\">El derecho a la solidaridad con  las insurgencias justas y a la b\u00fasqueda de camino de paz que superen sus causas  hist\u00f3ricas de los conflictos armados, es un derecho consagrado y ejercido  universalmente.<\/p>\n<p>&#13;<\/p>\n<p align=\"justify\" class=\"text1noticias\">Es un derecho, adem\u00e1s, que el  pueblo de Pancho Villa, Zapata y Benito Ju\u00e1rez, ha sabido ejercer y respetar.<\/p>\n<p>&#13;<\/p>\n<p align=\"justify\" class=\"text1noticias\">Igual el derecho a la no  intervenci\u00f3n y autodeterminaci\u00f3n, en este caso violentado descaradamente por un  gobierno que ha asumido sumisamente la doctrina de la guerra preventiva de los  halcones de Washington\u00a0 y\u00a0 un rol  parecido al del Estado sionista de Israel en el Medio Oriente, sin ninguna  probabilidad de \u00e9xito.<\/p>\n<p>&#13;<\/p>\n<p align=\"justify\" class=\"text1noticias\">El presidente Calder\u00f3n esta  emplazado a rectificar, tanto por la naturaleza de los hechos, como por la  tradici\u00f3n hist\u00f3rica de esa gran naci\u00f3n y la conciencia colectiva de su pueblo.<\/p>\n<p>&#13;<\/p>\n<p align=\"justify\" class=\"text1noticias\">A M\u00e9xico, m\u00e1s que a ninguna otra  naci\u00f3n, no le luce un comportamiento oficial tan vergonzoso.<\/p>\n<p>&#13;<\/p>\n<p align=\"justify\" class=\"text1noticias\">Por eso, recogiendo el sentir de  toda nuestra membres\u00eda y de amplios sectores de la sociedad latino-caribe\u00f1a y  mundial, la   Presidencia Colectiva de la CCB, le solicita vehementemente a las autoridades  gubernamentales, a las instituciones del Estado mexicano y a las academias de  ese pa\u00eds involucradas en esa conducta inhumana y antipatri\u00f3tica, desistir de  ese comportamiento y asumir la condena de ese genocidio, la defensa de la soberan\u00eda  ecuatoriana y el homenaje a sus j\u00f3venes conciudadanos(as).<\/p>\n<p>&#13;<\/p>\n<p align=\"justify\" class=\"text1noticias\"><strong>\u00a1En Bol\u00edvar y Zapata nos encontramos  todos(as)!<\/strong><\/p>\n<p>&#13;<\/p>\n<p align=\"justify\" class=\"text1noticias\">Por la Presidencia Colectiva  de la CCB,<\/p>\n<p>&#13;<\/p>\n<p align=\"justify\" class=\"text1noticias\"><strong>Narciso Isa Conde<\/strong>.<\/p>\n<p>&#13;<\/p>\n<h6> 2008-04-07 02:12:32 <\/h6>\n<p><!--\n<link rel=\"stylesheet\" href=\"css\/bootstrap.min.css\">\n\n\n<ul class=\"pagination\">\n\t    \n\t\n\n<li >\n\t<a href='?page_no=12141'>Previous<\/a>\n\t<\/li>\n\n\n       \n    \n\n<li><a href='?page_no=1'>1<\/a><\/li>\n\n\n\n<li><a href='?page_no=2'>2<\/a><\/li>\n\n\n\n<li><a>...<\/a><\/li>\n\n\n\n<li><a href='?page_no=12140'>12140<\/a><\/li>\n\n\n\n<li><a href='?page_no=12141'>12141<\/a><\/li>\n\n\n\n<li class='active'><a>12142<\/a><\/li>\n\n\n\n<li><a href='?page_no=12143'>12143<\/a><\/li>\n\n\n\n<li><a href='?page_no=12144'>12144<\/a><\/li>\n\n\n\n<li><a>...<\/a><\/li>\n\n\n\n<li><a href='?page_no=13611'>13611<\/a><\/li>\n\n\n\n<li><a href='?page_no=13612'>13612<\/a><\/li>\n\n    \n\t\n\n<li >\n\t<a href='?page_no=12143'>Next<\/a>\n\t<\/li>\n\n\n    \n\n<li><a href='?page_no=13612'>Last &rsaquo;&rsaquo;<\/a><\/li>\n\n<\/ul>\n\n\n--><br \/>\n<\/body><\/p>\n","protected":false},"excerpt":{"rendered":"<p>\u00a1Que las autoridades e instituciones de M\u00e9xico asuman la condena de la masacre en Ecuador, en lugar de justificarla! &#13; Est\u00e1 plenamente confirmado que lo ocurrido en territorio ecuatoriano en el campamento guerrillero del comandante Ra\u00fal Reyes -tr\u00e1gico hecho en el que perdieron la vida valiosos(as) j\u00f3venes mexicano(as), fue una masacre fr\u00edamente planificada por el [&hellip;]<\/p>\n","protected":false},"author":3,"featured_media":0,"comment_status":"open","ping_status":"open","sticky":false,"template":"","format":"standard","meta":{"footnotes":""},"categories":[16],"tags":[],"class_list":["post-36262","post","type-post","status-publish","format-standard","hentry","category-opiniones"],"_links":{"self":[{"href":"https:\/\/diariodominicano.com\/index.php?rest_route=\/wp\/v2\/posts\/36262","targetHints":{"allow":["GET"]}}],"collection":[{"href":"https:\/\/diariodominicano.com\/index.php?rest_route=\/wp\/v2\/posts"}],"about":[{"href":"https:\/\/diariodominicano.com\/index.php?rest_route=\/wp\/v2\/types\/post"}],"author":[{"embeddable":true,"href":"https:\/\/diariodominicano.com\/index.php?rest_route=\/wp\/v2\/users\/3"}],"replies":[{"embeddable":true,"href":"https:\/\/diariodominicano.com\/index.php?rest_route=%2Fwp%2Fv2%2Fcomments&post=36262"}],"version-history":[{"count":0,"href":"https:\/\/diariodominicano.com\/index.php?rest_route=\/wp\/v2\/posts\/36262\/revisions"}],"wp:attachment":[{"href":"https:\/\/diariodominicano.com\/index.php?rest_route=%2Fwp%2Fv2%2Fmedia&parent=36262"}],"wp:term":[{"taxonomy":"category","embeddable":true,"href":"https:\/\/diariodominicano.com\/index.php?rest_route=%2Fwp%2Fv2%2Fcategories&post=36262"},{"taxonomy":"post_tag","embeddable":true,"href":"https:\/\/diariodominicano.com\/index.php?rest_route=%2Fwp%2Fv2%2Ftags&post=36262"}],"curies":[{"name":"wp","href":"https:\/\/api.w.org\/{rel}","templated":true}]}}