{"id":36261,"date":"2008-04-07T02:15:18","date_gmt":"2008-04-07T02:15:18","guid":{"rendered":"http:\/\/diariodominicano.ddns.net\/?p=36261"},"modified":"2008-04-07T02:15:18","modified_gmt":"2008-04-07T02:15:18","slug":"con-las-farc-y-que","status":"publish","type":"post","link":"https:\/\/diariodominicano.com\/?p=36261","title":{"rendered":"Con las FARC: \u00bfY que?"},"content":{"rendered":"<p><body><\/p>\n<p align=\"center\" class=\"titulogrande1\"><strong>Con  las FARC: \u00bfY que?<\/strong><\/p>\n<p>&#13;<\/p>\n<p align=\"center\"><strong>Por <\/strong>Narciso Isa Conde<\/p>\n<p>&#13;<\/p>\n<p align=\"justify\" class=\"text1noticias\">Desde mi adolescencia en la vida  y en la lucha revolucionaria, asum\u00ed una actitud de solidaridad, alianza y  colaboraci\u00f3n pol\u00edtica con las FARC-EP.<\/p>\n<p>&#13;<\/p>\n<p align=\"justify\" class=\"text1noticias\">Y no solo con las FARC, sino  tambien con otros grupos insurgentes de Colombia y organizaciones pol\u00edticas  militares del continente y del mundo.<\/p>\n<p>&#13;<\/p>\n<p align=\"justify\" class=\"text1noticias\">Jam\u00e1s me inhib\u00ed frente a las  intensas y persistentes campa\u00f1as de descr\u00e9ditos que contra las FARC, el Frente  Sandinista de Liberaci\u00f3n Nacional, La   URNG de Guatemala, el Frente de Liberaci\u00f3n de Viet-Nam, el  ELN de Bolivia, el MRTA de Per\u00fa, el Frente Manuel Rodr\u00edguez de Chile, el PRT de  Argentina, las guerrillas filipinas, la insurgencia palestina, las resistencias  pol\u00edticas en Irlanda, y el Pa\u00eds Vasco y Turqu\u00eda han desplegado las oligarqu\u00edas,  los Estados terroristas opresores y muy especialmente la potencia mundial l\u00edder  en temor de Estado, genocidios, mascares, guerras destructivas a escala  planetaria.<\/p>\n<p>&#13;<\/p>\n<p align=\"justify\" class=\"text1noticias\">Nunca acepte el chantaje de las  acusaciones de terrorista, subversivas y narco-terrorista en su contra. Como me  burle de la acusaci\u00f3n de \u201csaqueadores\u201d contra la poblaci\u00f3n negra empobrecida de  Nueva Orle\u00e1ns en ocasi\u00f3n del impacto del hurac\u00e1n y de la negligencia criminal  de la administraci\u00f3n Bush; y tambien de aquella que califico de forajidos a alo  sectores medios y populares del Ecuador que se insubordinaron frente a la  traici\u00f3n de Lucio Guti\u00e9rrez.<\/p>\n<p>&#13;<\/p>\n<p align=\"justify\" class=\"text1noticias\">Nadie, sin embargo, me ha visto  respaldando a aquellos movimientos armados; Estado cultores del terror  indiscriminado, del fanatismo aberrante, del despotismo desenfrenado a nombre  de la revoluci\u00f3n (tipo Palpat, Sendero Luminoso o Stalin).<\/p>\n<p>&#13;<\/p>\n<p align=\"justify\" class=\"text1noticias\">Nadie me ha vito en actitud  seguidista, subordinada, dependiente o incondicional de nuestros aliados  pol\u00edticos por fuerte o prestigioso que sea la organizaci\u00f3n y el Estado que  representan \u00a1Ni siquiera frente al respetable y admirable liderazgo hist\u00f3rico  de la revoluci\u00f3n cubana!<\/p>\n<p>&#13;<\/p>\n<p align=\"justify\" class=\"text1noticias\">Nuestra relaci\u00f3n de solidaridad  no solo ha ido con las heroicas organizaciones pol\u00edtico-militares, sino con la  diversidad revolucionaria, antiimperialista, socialista, comunista,  independientemente de los m\u00e9todos de lucha que empleen y de sus fuentes de  inspiraci\u00f3n te\u00f3rica-pol\u00edtica y sus trayectorias hist\u00f3ricas.<\/p>\n<p>&#13;<\/p>\n<p align=\"justify\" class=\"text1noticias\">Innumerables organizaci\u00f3n  revolucionarias y movimientos sociales que no han recurrido a armas han contado  con nuestra solidaridad en escenarios electorales y en diversas luchas y  protestas sociales.<\/p>\n<p>&#13;<\/p>\n<p align=\"justify\" class=\"text1noticias\">Ahora, si alguien esta en busca  de aliados o colaboradores de las FARC-EP en la Rep\u00fablica Dominicana  debo decirles que aqu\u00ed tienen uno con domicilio conocido y que en el proyecto  de Nueva Izquierda C\u00edrculos Caama\u00f1istas los somos todos y todas, como pasa en  otros sectores de las izquierdas sociales, culturales y pol\u00edtica del pais y en  no pocos componte de \u201clos(as) dominicanos(as) a pie\u201d.<\/p>\n<p>&#13;<\/p>\n<p align=\"justify\" class=\"text1noticias\">D\u00e9jense de inventar el \u201chilo en  bollito\u201d y el \u201chelado en palito\u201d.<\/p>\n<p>&#13;<\/p>\n<p align=\"justify\" class=\"text1noticias\">D\u00e9jense de hacer el rid\u00edculo  llev\u00e1ndose del cuento inventado por la   CIA, y de la inteligencia del gobierno narco-paramilitar de  \u00c1lvaro Uribe, difundido por el diario el Tiempo de Bogota, sobre las supuestas  siete fundaciones y los misterioso siete colaboradores de las FARC-EP.<\/p>\n<p>&#13;<\/p>\n<p align=\"justify\" class=\"text1noticias\">D\u00e9jense de darle cr\u00e9dito a la  torpeza de los agentes que la   Estaci\u00f3n de la   CIA \u201cSierra\u201d impera en la DNI y otras organizaciones d seguridad del  Estado, instruido por los inventores de las armas de destrucci\u00f3n masiva en  Irak.<\/p>\n<p>&#13;<\/p>\n<p align=\"justify\" class=\"text1noticias\">Vayan al grano, a lo concreto.<\/p>\n<p>&#13;<\/p>\n<p align=\"justify\" class=\"text1noticias\">Pasen por mi casa y la de todos  los(as) dominicanos(as) que nos proclamamos amigos de las FARC-EP y del  legendario comandante Manuel Marulanda V\u00e9lez, comunista y bolivariano de pura  cepa.<\/p>\n<p>&#13;<\/p>\n<p align=\"justify\" class=\"text1noticias\">Lo que esta a la vista no  necesita espejuelos, mucho menos el microscopio de Orlando, asesinado por  personeros de la misma cala\u00f1a de los promotores de esta perversa campa\u00f1a.<\/p>\n<p>&#13;<\/p>\n<p align=\"justify\" class=\"text1noticias\">Tengan valor: si les disgusta  tanto nuestra actitud, apr\u00e9sennos, arr\u00e9stennos, proc\u00e9sennos. Y est\u00e9n seguros  que nos vamos a amilanar ni intimidar.<\/p>\n<p>&#13;<\/p>\n<p align=\"justify\" class=\"text1noticias\">Y esto valido para calieses y  represores locales, gentes de la   CIA, generales de horca y cuchillo, INTERPOL y todos las  malas yerbas que pululan por aqu\u00ed y en el mundo.<\/p>\n<p>&#13;<\/p>\n<p align=\"justify\" class=\"text1noticias\">V\u00e1yanse al carajo con su  chantaje.<\/p>\n<p>&#13;<\/p>\n<p align=\"justify\" class=\"text1noticias\">Si, agrego, he visitado  campamentos de las FARC-EP, soy amigo y aliado de sus comandantes y de su  guerrillerrada, tuve hace ya varios a\u00f1os con Marulanda, Ra\u00fal Reyes y Jorge  Brice\u00f1o, me he entrevistado varias veces con Iv\u00e1n M\u00e1rquez, Jes\u00fas Santrich,  Lucia y Rodrigo Granda.<\/p>\n<p>&#13;<\/p>\n<p align=\"justify\" class=\"text1noticias\">\u00bfY que?<\/p>\n<p>&#13;<\/p>\n<p align=\"justify\" class=\"text1noticias\">\u00a1Hago lo que me venga en gana!<\/p>\n<p>&#13;<\/p>\n<p align=\"justify\" class=\"text1noticias\">Y a los periodistas que est\u00e9n  tentando a hacer terrorismo medi\u00e1tico, les sugiero sinceramente que en este  pais no hay caldo de cultivo para esa perversidad y menos contra nosotros(as).<\/p>\n<p>&#13;<\/p>\n<h6> 2008-04-07 02:15:18 <\/h6>\n<p><!--\n<link rel=\"stylesheet\" href=\"css\/bootstrap.min.css\">\n\n\n<ul class=\"pagination\">\n\t    \n\t\n\n<li >\n\t<a href='?page_no=12140'>Previous<\/a>\n\t<\/li>\n\n\n       \n    \n\n<li><a href='?page_no=1'>1<\/a><\/li>\n\n\n\n<li><a href='?page_no=2'>2<\/a><\/li>\n\n\n\n<li><a>...<\/a><\/li>\n\n\n\n<li><a href='?page_no=12139'>12139<\/a><\/li>\n\n\n\n<li><a href='?page_no=12140'>12140<\/a><\/li>\n\n\n\n<li class='active'><a>12141<\/a><\/li>\n\n\n\n<li><a href='?page_no=12142'>12142<\/a><\/li>\n\n\n\n<li><a href='?page_no=12143'>12143<\/a><\/li>\n\n\n\n<li><a>...<\/a><\/li>\n\n\n\n<li><a href='?page_no=13611'>13611<\/a><\/li>\n\n\n\n<li><a href='?page_no=13612'>13612<\/a><\/li>\n\n    \n\t\n\n<li >\n\t<a href='?page_no=12142'>Next<\/a>\n\t<\/li>\n\n\n    \n\n<li><a href='?page_no=13612'>Last &rsaquo;&rsaquo;<\/a><\/li>\n\n<\/ul>\n\n\n--><br \/>\n<\/body><\/p>\n","protected":false},"excerpt":{"rendered":"<p>Con las FARC: \u00bfY que? &#13; Por Narciso Isa Conde &#13; Desde mi adolescencia en la vida y en la lucha revolucionaria, asum\u00ed una actitud de solidaridad, alianza y colaboraci\u00f3n pol\u00edtica con las FARC-EP. &#13; Y no solo con las FARC, sino tambien con otros grupos insurgentes de Colombia y organizaciones pol\u00edticas militares del continente [&hellip;]<\/p>\n","protected":false},"author":3,"featured_media":0,"comment_status":"open","ping_status":"open","sticky":false,"template":"","format":"standard","meta":{"footnotes":""},"categories":[16],"tags":[],"class_list":["post-36261","post","type-post","status-publish","format-standard","hentry","category-opiniones"],"_links":{"self":[{"href":"https:\/\/diariodominicano.com\/index.php?rest_route=\/wp\/v2\/posts\/36261","targetHints":{"allow":["GET"]}}],"collection":[{"href":"https:\/\/diariodominicano.com\/index.php?rest_route=\/wp\/v2\/posts"}],"about":[{"href":"https:\/\/diariodominicano.com\/index.php?rest_route=\/wp\/v2\/types\/post"}],"author":[{"embeddable":true,"href":"https:\/\/diariodominicano.com\/index.php?rest_route=\/wp\/v2\/users\/3"}],"replies":[{"embeddable":true,"href":"https:\/\/diariodominicano.com\/index.php?rest_route=%2Fwp%2Fv2%2Fcomments&post=36261"}],"version-history":[{"count":0,"href":"https:\/\/diariodominicano.com\/index.php?rest_route=\/wp\/v2\/posts\/36261\/revisions"}],"wp:attachment":[{"href":"https:\/\/diariodominicano.com\/index.php?rest_route=%2Fwp%2Fv2%2Fmedia&parent=36261"}],"wp:term":[{"taxonomy":"category","embeddable":true,"href":"https:\/\/diariodominicano.com\/index.php?rest_route=%2Fwp%2Fv2%2Fcategories&post=36261"},{"taxonomy":"post_tag","embeddable":true,"href":"https:\/\/diariodominicano.com\/index.php?rest_route=%2Fwp%2Fv2%2Ftags&post=36261"}],"curies":[{"name":"wp","href":"https:\/\/api.w.org\/{rel}","templated":true}]}}