{"id":362607,"date":"2022-06-19T23:43:04","date_gmt":"2022-06-20T03:43:04","guid":{"rendered":"http:\/\/diariodominicano.com\/?p=362607"},"modified":"2022-06-20T07:44:38","modified_gmt":"2022-06-20T11:44:38","slug":"llegaron-a-maimon-otros-expedicionarios-de-junio-de-1959","status":"publish","type":"post","link":"https:\/\/diariodominicano.com\/?p=362607","title":{"rendered":"Llegaron a\u00a0 Maim\u00f3n otros\u00a0 expedicionarios de Junio\u00a0 de 1959"},"content":{"rendered":"\n<p>Por H\u00e9ctor Tineo Nolasco<\/p>\n\n\n\n<p><strong>Diariodominicano.com<\/strong><\/p>\n\n\n\n<p><\/p>\n\n\n\n<p>&nbsp;<strong>&nbsp; MAIMON, PUERTO PLATA<\/strong>, el&nbsp; 20 de junio de 1959, llegaron por Maim\u00f3n y Estero Hondo, en la provincia Puerto Plata, los integrantes del&nbsp; segundo grupo de expedicionarios de la gesta de junio&nbsp; de 1959.<\/p>\n\n\n\n<p>&nbsp;&nbsp;&nbsp; Del&nbsp; grupo al mando de Jos\u00e9&nbsp; Horacio Rodr\u00edguez s\u00f3lo pudo desembarcar una parte de sus integrantes, porque los dem\u00e1s murieron en aguas del Oc\u00e9ano Atl\u00e1ntico, en Maim\u00f3n, cuando la lancha&nbsp; Carmen Elsa, fue ca\u00f1oneada por la Marina de Guerra.<\/p>\n\n\n\n<p>&nbsp;&nbsp;&nbsp;&nbsp; Otro grupo lleg\u00f3 en la lancha La Tinima,&nbsp; y pudo desembarcar por Estero Hondo, pero al igual que sus compa\u00f1eros de la Carmen&nbsp; Elsa, fueron diezmados por los bombardeos de aviones de la Aviaci\u00f3n Militar y los ataques por tierra del Ej\u00e9rcito Nacional. Algunos fueron fusilados en el lugar del arresto.<\/p>\n\n\n\n<p>&nbsp;&nbsp;&nbsp;&nbsp;&nbsp;&nbsp; Vinieron a Rep\u00fablica Dominicana con el prop\u00f3sito de unirse a los expedicionarios del 14 de junio que seis d\u00edas antes llegaron en un avi\u00f3n y se internaron en la zona monta\u00f1osa de Constanza, pero como los servicios de inteligencia de la dictadura de Trujillo estaban enterados, lograron aniquilar el grupo con rapidez. Incluso, Jos\u00e9 Horacio Rodr\u00edguez, comandante de la lancha&nbsp; Carmen Elsa, cay\u00f3 a pocos minutos del desembarco.<\/p>\n\n\n\n<p>&nbsp;&nbsp;&nbsp; Los expedicionarios a pesar de la lucha desigual manten\u00edan la resistencia en las primeras horas que siguieron al desembarco.<\/p>\n\n\n\n<p>&nbsp;&nbsp;&nbsp; Los expedicionarios llegaron en las lanchas Carmen Elsa y&nbsp; La Tinima, que hab\u00edan zarpado de la bah\u00eda de Nipe, Cuba, el d\u00eda 13 de junio de 1959. En el viaje se produjeron m\u00faltiples dificultades y en el momento de la salida las dos naves estuvieron a punto de chocar.<\/p>\n\n\n\n<p>&nbsp;&nbsp;&nbsp; El d\u00eda 16 de junio perdieron contacto con la Tinima,&nbsp; el combustible se le agot\u00f3, hab\u00eda poco alimento y el agua se acababa. Temieron un sabotaje y trataron de linchar al capit\u00e1n de la Carmen Elsa, Stelio Bellelis (El Griego), ya que algunos sospecharon que podr\u00edan estar confabulados para impedir el viaje.<\/p>\n\n\n\n<figure class=\"wp-block-image size-full\"><img loading=\"lazy\" decoding=\"async\" width=\"189\" height=\"267\" src=\"https:\/\/diariodominicano.com\/wp-content\/uploads\/2022\/06\/Jose-Horacio-Rodriguez-junio-1959.jpg\" alt=\"\" class=\"wp-image-362615\"\/><figcaption>Jos\u00e9 Horacio Rodr\u00edguez<\/figcaption><\/figure>\n\n\n\n<p>&nbsp;&nbsp;&nbsp; La intervenci\u00f3n del comandante Jos\u00e9 Horacio Rodr\u00edguez, impidi\u00f3 que Ercilio Garc\u00eda disparara su pistola para matar al timonel. Luego se hizo una revisi\u00f3n y se comprob\u00f3 que los motores de la lancha ten\u00edan desperfectos que pon\u00edan en peligro el viaje a Rep\u00fablica Dominicana.<\/p>\n\n\n\n<p>&nbsp; Luego de horas por tratar de comunicarse con la Marina Cubana, hicieron contacto con un radio aficionado de Camag\u00fcey, Cuba, quien posibilitar\u00eda la comunicaci\u00f3n con la Marina Cubana.&nbsp; En efecto, fueron auxiliados por la tripulaci\u00f3n de la Fragata Jos\u00e9 Mart\u00ed, que remolc\u00f3 a la Carmen Elsa hasta el islote de Gran Iguana, all\u00ed recibieron asistencia m\u00e9dica los m\u00e1s afectados por el hambre y la falta de agua.<\/p>\n\n\n\n<p>&nbsp;&nbsp; A pesar de los momentos dif\u00edciles, la mayor\u00eda estaba decidida a seguir su ruta. En consecuencia, la noche del 19 de junio, retomaron la ruta hacia Puerto Plata.<\/p>\n\n\n\n<p>&nbsp;&nbsp; El periodista Juan Delancer, en su obra Desembarco de la Gloria, se\u00f1ala que en ese instante \u201cLa Tinima hab\u00eda aparecido poco antes y volv\u00eda a la cola de la Carmen Elsa escoltada por las fragatas Jos\u00e9 Mart\u00ed, Antonio Maceo y M\u00e1ximo G\u00f3mez, que protegieron las lanchas hasta escasas millas de las costas dominicanas\u201d.<\/p>\n\n\n\n<figure class=\"wp-block-image size-full\"><img loading=\"lazy\" decoding=\"async\" width=\"225\" height=\"225\" src=\"https:\/\/diariodominicano.com\/wp-content\/uploads\/2022\/06\/General-Jose-Arturo-Espaillat-arc.jpg\" alt=\"\" class=\"wp-image-362630\" srcset=\"https:\/\/diariodominicano.com\/wp-content\/uploads\/2022\/06\/General-Jose-Arturo-Espaillat-arc.jpg 225w, https:\/\/diariodominicano.com\/wp-content\/uploads\/2022\/06\/General-Jose-Arturo-Espaillat-arc-150x150.jpg 150w, https:\/\/diariodominicano.com\/wp-content\/uploads\/2022\/06\/General-Jose-Arturo-Espaillat-arc-88x88.jpg 88w\" sizes=\"auto, (max-width: 225px) 100vw, 225px\" \/><figcaption>El dictador Trujillo y el general Jos\u00e9 Arturo Espaillat.<\/figcaption><\/figure>\n\n\n\n<p>&nbsp;&nbsp; Los servicios de seguridad de la dictadura de Trujillo, estaban enterados de la expedici\u00f3n y ten\u00edan el prop\u00f3sito de hundir las dos lanchas. El General Jos\u00e9 Arturo Espaillat, public\u00f3 la versi\u00f3n de que el 18 de junio los agentes de la dictadura en Cuba, informaron que una flota cubana de invasi\u00f3n hab\u00eda zarpado del puerto cubano de La Chiva.<\/p>\n\n\n\n<p>&nbsp;&nbsp;&nbsp;&nbsp;&nbsp;&nbsp; Desde Sos\u00faa hasta Montecristi, la vigilancia estaba a cargo de la fragata F-103 y el guardacostas GC-101. Delancer, anota que los \u00faltimos informes de inteligencia obtenidos por el r\u00e9gimen trujillista se\u00f1alaban que las embarcaciones expedicionarias navegar\u00edan paralelamente a la costa norte, y que, ubicado el punto de desembarco, bajar\u00edan perpendicularmente en la noche\u201d.<\/p>\n\n\n\n<p>&nbsp; La Marina de Guerra y el Estado Mayor Conjunto se manten\u00edan en comunicaci\u00f3n.&nbsp; En tierra todo estaba preparado para proceder&nbsp; contra los expedicionarios.<\/p>\n\n\n\n<p>&nbsp;&nbsp; \u201cLos principales contingentes de tropas se hallaban listos en Santiago y Mao, lo mismo que las escuadrillas de cazas en San Isidro, Aeropuerto General Andrews, Barahona, Dajab\u00f3n y Santiago\u201d.<\/p>\n\n\n\n<p>&nbsp;&nbsp;&nbsp;&nbsp; La previsi\u00f3n permiti\u00f3 a las Fuerzas Armadas de la dictadura de Trujillo, aniquilar a los expedicionarios. A las 5:30 de la ma\u00f1ana del d\u00eda 20 de junio la lancha Carmen Elsa, fue detectada a media milla de Puerto Plata, por la tripulaci\u00f3n del guardacostas CG-101, denominado S\u00e1nchez, cuyo comandante al no lograr la se\u00f1al de identificaci\u00f3n del Carmen Elsa, la atac\u00f3 a ca\u00f1onazos.<\/p>\n\n\n\n<p>&nbsp;&nbsp;&nbsp; Los expedicionarios contestaron de inmediato, mataron a un miembro de la Marina de Guerra, pero los ataques impidieron que el capit\u00e1n desviara la nave hacia la bah\u00eda de Maim\u00f3n. R\u00e1pidamente la Aviaci\u00f3n Dominicana entr\u00f3 en acci\u00f3n.<\/p>\n\n\n\n<p>&nbsp;&nbsp; La&nbsp; Carmen Elsa, encall\u00f3 en la ensenada La Pava. Fue destrozada&nbsp; y una parte de los expedicionarios muri\u00f3 en el lugar. Los dem\u00e1s lograron tomar tierra. El hecho de que el&nbsp; \u00e1rea es&nbsp; muy despejada, facilit\u00f3 los ataques que se llevaron a cabo desde aviones cazas P-51 y Vampiros.<\/p>\n\n\n\n<p>&nbsp;&nbsp;&nbsp; Del\u00e1ncer&nbsp; refiere que&nbsp; \u201cAntes de que un contingente de los guerrilleros pudiera parapetarse&nbsp; detr\u00e1s de las Dos Hermanas, dos promontorios rocosos, la aviaci\u00f3n hab\u00eda diezmado a los antitrujillistas en apreciable cantidad. Jos\u00e9 Horacio, comandante de la Carmen Elsa, cay\u00f3 a s\u00f3lo pocos minutos del desembarco\u201d.<\/p>\n\n\n\n<p>&nbsp;&nbsp;&nbsp; En dos d\u00edas de bombardeo la aviaci\u00f3n trujillista logr\u00f3 aniquilar a los antitrujillistas. Algunos de los detenidos fueron fusilados y otros trasladados a Puerto Plata, que viv\u00eda desde el d\u00eda 20 una situaci\u00f3n de tensi\u00f3n.<\/p>\n\n\n\n<p>&nbsp;&nbsp;&nbsp; En cambio, La Tinima entr\u00f3 por Estero Hondo. Los 60 hombres que la ocuparon lograron desembarcar sin novedad. Los enfrentamientos entre los expedicionarios&nbsp; y las fuerzas regulares se prolongar\u00edan por varios d\u00edas, pero terminar\u00edan aniquilados.<\/p>\n\n\n\n<p>&nbsp;&nbsp;&nbsp; Una parte de los prisioneros fueron fusilados en los lugares de los arrestos y otros ejecutados en San Isidro, por disposici\u00f3n del jefe del Estado Mayor Conjunto, general Rafael Le\u00f3nidas Trujillo Mart\u00ednez&nbsp; (Ramfis).<\/p>\n\n\n\n<p>&nbsp;&nbsp;&nbsp; A pesar de que los organismos de seguridad de la dictadura ten\u00edan la informaci\u00f3n de que los guerrilleros zarparon de Cuba, el mismo d\u00eda 20 no ten\u00edan conocimiento del n\u00famero de hombres que vinieron al pa\u00eds en las dos lanchas.<\/p>\n\n\n\n<figure class=\"wp-block-image size-full\"><img loading=\"lazy\" decoding=\"async\" width=\"209\" height=\"241\" src=\"https:\/\/diariodominicano.com\/wp-content\/uploads\/2022\/06\/Pupo-Roman-4-2.jpg\" alt=\"\" class=\"wp-image-359216\"\/><figcaption>General  del Ej\u00e9rcito Jos\u00e9 Ren\u00e9 Rom\u00e1n Fern\u00e1ndez.<\/figcaption><\/figure>\n\n\n\n<p>&nbsp;&nbsp; Un informe del general del Ej\u00e9rcito Jos\u00e9 Ren\u00e9 Rom\u00e1n Fern\u00e1ndez, fechado el 30 de junio de 1959, en Santiago,&nbsp; al general Ramfis Trujillo sobre las acciones militares, anota&nbsp; que en el frente de Maim\u00f3n hubo 20 muertos identificados, 48 muertos sin identificar y 28 prisioneros \u201cgravemente heridos o estado ag\u00f3nico\u201d.<\/p>\n\n\n\n<p>&nbsp;&nbsp; Declarar los prisioneros \u201cgravemente heridos o estado ag\u00f3nico\u201d, fue un recurso que utiliz\u00f3 la dictadura para tratar de ocultar la ejecuci\u00f3n de los prisioneros\u201d, como lo dispuso el general Ramfis Trujillo, como medida de escarmiento.<\/p>\n\n\n\n<p>&nbsp;&nbsp; En virtud de su orden, los militares ten\u00edan la instrucci\u00f3n de fusilar en el lugar del arresto a los heridos y trasladar a San Isidro, los detenidos ilesos.<\/p>\n\n\n\n<p>&nbsp;&nbsp; En San Isidro, y la 40 eran torturados y luego ejecutados. Ramfis Trujillo hab\u00eda advertido que \u201ca los traidores hay que fusilarlos para dar un ejemplo\u201d. El diario El Caribe, bajo control de la dictadura, public\u00f3 como su principal informaci\u00f3n, una que dada cuenta de que las expediciones fueron aplastadas y que el dictador Trujillo, como estratega dirigi\u00f3 \u201cpersonalmente\u201d las operaciones.<\/p>\n\n\n\n<p>&nbsp;&nbsp;&nbsp; Entre los que sufrieron las mayores torturas, por su condici\u00f3n de ex militares, figuran Juan de Dios Ventura Sim\u00f3, un capit\u00e1n piloto de la Aviaci\u00f3n Militar, que desert\u00f3 a Puerto Rico y se uni\u00f3 a los antitrujillistas, y el ex sargento de la Marina de Guerra, Jos\u00e9 Messon.<\/p>\n\n\n\n<p>&nbsp;&nbsp;&nbsp; Ventura Sim\u00f3 fue el instructor de ruta en el avi\u00f3n que aterriz\u00f3 en Constanza el 14 de junio de 1959, con el primer grupo de la gesta de junio de ese a\u00f1o.<\/p>\n\n\n\n<p>&nbsp;&nbsp;&nbsp; El 24 de junio las Fuerzas Armadas informaron que el total de expedicionarios muertos ascend\u00eda a 217.<\/p>\n\n\n\n<p>&nbsp;&nbsp; En el frente de Estero Hondo se reportaron 22 muertos identificados, 19 muertos no identificados y 19 prisioneros \u201cgravemente heridos o en estado ag\u00f3nico\u201d.<\/p>\n\n\n\n<p>&nbsp;&nbsp;&nbsp; Con respecto a las fuerzas regulares, el general Rom\u00e1n Fern\u00e1ndez indica en su informe que murieron 13 militares, entre los que hab\u00eda un oficial, un voluntario y 11 rasos. Agrega que sufrieron heridas el mayor Anselmo Pilarte, el segundo teniente Jos\u00e9 Guzm\u00e1n Fern\u00e1ndez, 14 rasos y un voluntario.<\/p>\n\n\n\n<p>&nbsp;&nbsp;&nbsp; Tambi\u00e9n dio cuenta de un raso del Ej\u00e9rcito desaparecido, 10 civiles muertos y seis heridos.<\/p>\n\n\n\n<p>\u00a0\u00a0\u00a0 A las expediciones de junio de 1959\u00a0 sobrevivieron los dominicanos Poncio Pou Saleta, Mayobanex Vargas y Francisco Medardo Germ\u00e1n, as\u00ed como los cubanos Delio G\u00f3mez Ochoa y Pablo Mirabal (Pablito), quienes salieron del pa\u00eds en el a\u00f1o 1961.<\/p>\n\n\n\n<p>Relacionadas<\/p>\n\n\n\n<figure class=\"wp-block-embed is-type-wp-embed is-provider-diario-dominicano wp-block-embed-diario-dominicano\"><div class=\"wp-block-embed__wrapper\">\n<blockquote class=\"wp-embedded-content\" data-secret=\"9mI4vXRnB1\"><a href=\"https:\/\/diariodominicano.com\/?p=362601\">Juan Pablo Duarte viaja al Cibao para evitar luchas intestinas<\/a><\/blockquote><iframe loading=\"lazy\" class=\"wp-embedded-content\" sandbox=\"allow-scripts\" security=\"restricted\" style=\"position: absolute; visibility: hidden;\" title=\"\u00abJuan Pablo Duarte viaja al Cibao para evitar luchas intestinas\u00bb \u2014 Diario Dominicano\" src=\"https:\/\/diariodominicano.com\/?p=362601&#038;embed=true#?secret=LWVR943JKX#?secret=9mI4vXRnB1\" data-secret=\"9mI4vXRnB1\" width=\"600\" height=\"338\" frameborder=\"0\" marginwidth=\"0\" marginheight=\"0\" scrolling=\"no\"><\/iframe>\n<\/div><\/figure>\n\n\n\n<figure class=\"wp-block-embed is-type-wp-embed is-provider-diario-dominicano wp-block-embed-diario-dominicano\"><div class=\"wp-block-embed__wrapper\">\n<blockquote class=\"wp-embedded-content\" data-secret=\"9mI4vXRnB1\"><a href=\"https:\/\/diariodominicano.com\/?p=362601\">Juan Pablo Duarte viaja al Cibao para evitar luchas intestinas<\/a><\/blockquote><iframe loading=\"lazy\" class=\"wp-embedded-content\" sandbox=\"allow-scripts\" security=\"restricted\" style=\"position: absolute; visibility: hidden;\" title=\"\u00abJuan Pablo Duarte viaja al Cibao para evitar luchas intestinas\u00bb \u2014 Diario Dominicano\" src=\"https:\/\/diariodominicano.com\/?p=362601&#038;embed=true#?secret=LWVR943JKX#?secret=9mI4vXRnB1\" data-secret=\"9mI4vXRnB1\" width=\"600\" height=\"338\" frameborder=\"0\" marginwidth=\"0\" marginheight=\"0\" scrolling=\"no\"><\/iframe>\n<\/div><\/figure>\n\n\n\n<figure class=\"wp-block-embed is-type-wp-embed is-provider-diario-dominicano wp-block-embed-diario-dominicano\"><div class=\"wp-block-embed__wrapper\">\n<blockquote class=\"wp-embedded-content\" data-secret=\"CaJV4Ejp6c\"><a href=\"https:\/\/diariodominicano.com\/?p=362603\">Alejandro Woss Gil va a elecciones sin competencia<\/a><\/blockquote><iframe loading=\"lazy\" class=\"wp-embedded-content\" sandbox=\"allow-scripts\" security=\"restricted\" style=\"position: absolute; visibility: hidden;\" title=\"\u00abAlejandro Woss Gil va a elecciones sin competencia\u00bb \u2014 Diario Dominicano\" src=\"https:\/\/diariodominicano.com\/?p=362603&#038;embed=true#?secret=3rmB6tpfG2#?secret=CaJV4Ejp6c\" data-secret=\"CaJV4Ejp6c\" width=\"600\" height=\"338\" frameborder=\"0\" marginwidth=\"0\" marginheight=\"0\" scrolling=\"no\"><\/iframe>\n<\/div><\/figure>\n","protected":false},"excerpt":{"rendered":"<p>Por H\u00e9ctor Tineo Nolasco Diariodominicano.com &nbsp;&nbsp; MAIMON, PUERTO PLATA, el&nbsp; 20 de junio de 1959, llegaron por Maim\u00f3n y Estero Hondo, en la provincia Puerto Plata, los integrantes del&nbsp; segundo grupo de expedicionarios de la gesta de junio&nbsp; de 1959. &nbsp;&nbsp;&nbsp; Del&nbsp; grupo al mando de Jos\u00e9&nbsp; Horacio Rodr\u00edguez s\u00f3lo pudo desembarcar una parte de [&hellip;]<\/p>\n","protected":false},"author":28,"featured_media":362613,"comment_status":"closed","ping_status":"","sticky":true,"template":"","format":"standard","meta":{"footnotes":""},"categories":[26,27],"tags":[],"class_list":["post-362607","post","type-post","status-publish","format-standard","has-post-thumbnail","hentry","category-efemerides","category-portada"],"_links":{"self":[{"href":"https:\/\/diariodominicano.com\/index.php?rest_route=\/wp\/v2\/posts\/362607","targetHints":{"allow":["GET"]}}],"collection":[{"href":"https:\/\/diariodominicano.com\/index.php?rest_route=\/wp\/v2\/posts"}],"about":[{"href":"https:\/\/diariodominicano.com\/index.php?rest_route=\/wp\/v2\/types\/post"}],"author":[{"embeddable":true,"href":"https:\/\/diariodominicano.com\/index.php?rest_route=\/wp\/v2\/users\/28"}],"replies":[{"embeddable":true,"href":"https:\/\/diariodominicano.com\/index.php?rest_route=%2Fwp%2Fv2%2Fcomments&post=362607"}],"version-history":[{"count":7,"href":"https:\/\/diariodominicano.com\/index.php?rest_route=\/wp\/v2\/posts\/362607\/revisions"}],"predecessor-version":[{"id":362666,"href":"https:\/\/diariodominicano.com\/index.php?rest_route=\/wp\/v2\/posts\/362607\/revisions\/362666"}],"wp:featuredmedia":[{"embeddable":true,"href":"https:\/\/diariodominicano.com\/index.php?rest_route=\/wp\/v2\/media\/362613"}],"wp:attachment":[{"href":"https:\/\/diariodominicano.com\/index.php?rest_route=%2Fwp%2Fv2%2Fmedia&parent=362607"}],"wp:term":[{"taxonomy":"category","embeddable":true,"href":"https:\/\/diariodominicano.com\/index.php?rest_route=%2Fwp%2Fv2%2Fcategories&post=362607"},{"taxonomy":"post_tag","embeddable":true,"href":"https:\/\/diariodominicano.com\/index.php?rest_route=%2Fwp%2Fv2%2Ftags&post=362607"}],"curies":[{"name":"wp","href":"https:\/\/api.w.org\/{rel}","templated":true}]}}