{"id":362603,"date":"2022-06-19T23:31:43","date_gmt":"2022-06-20T03:31:43","guid":{"rendered":"http:\/\/diariodominicano.com\/?p=362603"},"modified":"2022-06-20T07:54:48","modified_gmt":"2022-06-20T11:54:48","slug":"alejandro-woss-gil-va-a-elecciones-sin-competencia-2","status":"publish","type":"post","link":"https:\/\/diariodominicano.com\/?p=362603","title":{"rendered":"Alejandro Woss Gil va a elecciones sin competencia"},"content":{"rendered":"\n<p> Alejandro Woss G\u00edl <\/p>\n\n\n\n<p>&nbsp;&nbsp;&nbsp;Por H\u00e9ctor Tineo Nolasco<\/p>\n\n\n\n<p>Diariodominicano.com<\/p>\n\n\n\n<p> SANTO DOMINGO, el 20 de junio de 1903, Alejandro Woss G\u00edl convoc\u00f3 a elecciones con su \u00fanica candidatura y su compa\u00f1ero a la Vicepresidencia, Eugenio Deschamps.<\/p>\n\n\n\n<p>&nbsp;&nbsp;&nbsp;&nbsp;&nbsp; Fueron declarados ganadores de los comicios, pero el 24 de noviembre de 1903 capitul\u00f3 al ser vencido por un movimiento armado que llev\u00f3 a cabo contra su r\u00e9gimen, Carlos Morales Languasco.<\/p>\n\n\n\n<p>&nbsp;&nbsp;&nbsp; Alejandro Woss G\u00edl hab\u00eda retomado el poder cuando el 23 de marzo de 1903, logr\u00f3 derrocar al Presidente Horacio V\u00e1squez, con el apoyo de las fuerzas lilisistas.<\/p>\n\n\n\n<p>&nbsp;&nbsp; Ese d\u00eda un grupo de presos lisistas se amotinaron en la Fortaleza Ozama y lograron salir para acabar con el Gobierno de Horacio V\u00e1squez, quien desde&nbsp; el Cibao trat\u00f3 de manera infructuosa de recuperar el Gobierno.<\/p>\n\n\n\n<p>Present\u00f3 renuncia al cargo el 23 de abril de 1903. Alejandro Woss y G\u00edl, fue presidente de la Rep\u00fablica en dos ocasiones.<\/p>\n\n\n\n<p>&nbsp;&nbsp; La primera vez que lleg\u00f3 a la Jefatura del Estado fue el 16 de mayo de 1885, cuando se produjo la renuncia del Presidente Francisco Gregorio Billini, quien tom\u00f3 la decisi\u00f3n luego de que el general Gregorio Luper\u00f3n amenaz\u00f3 con derrocarlo.<\/p>\n\n\n\n<p>&nbsp;&nbsp; En la ocasi\u00f3n tambi\u00e9n se plante\u00f3 como otra causa que el general Ulises Heureaux, ministro de Guerra y Marina, presionaba para influir en las decisiones del Gobierno del Presidente Francisco Gregorio Billini.<\/p>\n\n\n\n<p>&nbsp;&nbsp; El poder de Ulises Heureaux qued\u00f3 evidenciado cuando a partir del 16 de mayo de 1885, el Presidente Alejandro Woss y Gil, obedec\u00eda a sus dictados, porque le deb\u00eda el cargo.<\/p>\n\n\n\n<p>&nbsp;&nbsp;&nbsp;&nbsp;&nbsp; El Presidente Alejandro Woss Gil nombr\u00f3 al general Gregorio Luper\u00f3n, Delegado del Gobierno en el Cibao, lo que le permiti\u00f3 al grupo militar del Partido Azul, tener un control de Rep\u00fablica Dominicana.<\/p>\n\n\n\n<p>&nbsp;&nbsp;&nbsp; El primer Gobierno de Alejandro Woss y G\u00edl termin\u00f3 el 6 de enero de 1887, cuando asumi\u00f3 el poder Ulises Heureaux, quien fue declarado ganador en un proceso electoral considerado fruto de un fraude.<\/p>\n\n\n\n<p>&nbsp;&nbsp; Ulises Heureaux, llamado Lil\u00eds, se mantuvo en el poder hasta el d\u00eda 26 de julio de 1899, cuando fue asesinado en la ciudad Moca.<\/p>\n\n\n\n<p>&nbsp;&nbsp;&nbsp;&nbsp; Alejandro Woss y G\u00edl naci\u00f3 el 5 de mayo de 1856, en El Seybo, y&nbsp; muri\u00f3 en la ciudad &nbsp;Santo Domingo, el d\u00eda 29 de enero de 1932.<\/p>\n\n\n\n<p>Relacionadas <\/p>\n\n\n\n<figure class=\"wp-block-embed is-type-wp-embed is-provider-diario-dominicano wp-block-embed-diario-dominicano\"><div class=\"wp-block-embed__wrapper\">\n<blockquote class=\"wp-embedded-content\" data-secret=\"vI6H9aXKBP\"><a href=\"https:\/\/diariodominicano.com\/?p=362607\">Llegaron a\u00a0 Maim\u00f3n otros\u00a0 expedicionarios de Junio\u00a0 de 1959<\/a><\/blockquote><iframe loading=\"lazy\" class=\"wp-embedded-content\" sandbox=\"allow-scripts\" security=\"restricted\" style=\"position: absolute; visibility: hidden;\" title=\"\u00abLlegaron a\u00a0 Maim\u00f3n otros\u00a0 expedicionarios de Junio\u00a0 de 1959\u00bb \u2014 Diario Dominicano\" src=\"https:\/\/diariodominicano.com\/?p=362607&#038;embed=true#?secret=GZS4rto9L1#?secret=vI6H9aXKBP\" data-secret=\"vI6H9aXKBP\" width=\"600\" height=\"338\" frameborder=\"0\" marginwidth=\"0\" marginheight=\"0\" scrolling=\"no\"><\/iframe>\n<\/div><\/figure>\n\n\n\n<figure class=\"wp-block-embed is-type-wp-embed is-provider-diario-dominicano wp-block-embed-diario-dominicano\"><div class=\"wp-block-embed__wrapper\">\n<blockquote class=\"wp-embedded-content\" data-secret=\"NlCC3Ue9iE\"><a href=\"https:\/\/diariodominicano.com\/?p=362601\">Juan Pablo Duarte viaja al Cibao para evitar luchas intestinas<\/a><\/blockquote><iframe loading=\"lazy\" class=\"wp-embedded-content\" sandbox=\"allow-scripts\" security=\"restricted\" style=\"position: absolute; visibility: hidden;\" title=\"\u00abJuan Pablo Duarte viaja al Cibao para evitar luchas intestinas\u00bb \u2014 Diario Dominicano\" src=\"https:\/\/diariodominicano.com\/?p=362601&#038;embed=true#?secret=MuQH2EC2O7#?secret=NlCC3Ue9iE\" data-secret=\"NlCC3Ue9iE\" width=\"600\" height=\"338\" frameborder=\"0\" marginwidth=\"0\" marginheight=\"0\" scrolling=\"no\"><\/iframe>\n<\/div><\/figure>\n","protected":false},"excerpt":{"rendered":"<p>Alejandro Woss G\u00edl &nbsp;&nbsp;&nbsp;Por H\u00e9ctor Tineo Nolasco Diariodominicano.com SANTO DOMINGO, el 20 de junio de 1903, Alejandro Woss G\u00edl convoc\u00f3 a elecciones con su \u00fanica candidatura y su compa\u00f1ero a la Vicepresidencia, Eugenio Deschamps. &nbsp;&nbsp;&nbsp;&nbsp;&nbsp; Fueron declarados ganadores de los comicios, pero el 24 de noviembre de 1903 capitul\u00f3 al ser vencido por un movimiento [&hellip;]<\/p>\n","protected":false},"author":28,"featured_media":352133,"comment_status":"closed","ping_status":"","sticky":true,"template":"","format":"standard","meta":{"footnotes":""},"categories":[26,27],"tags":[],"class_list":["post-362603","post","type-post","status-publish","format-standard","has-post-thumbnail","hentry","category-efemerides","category-portada"],"_links":{"self":[{"href":"https:\/\/diariodominicano.com\/index.php?rest_route=\/wp\/v2\/posts\/362603","targetHints":{"allow":["GET"]}}],"collection":[{"href":"https:\/\/diariodominicano.com\/index.php?rest_route=\/wp\/v2\/posts"}],"about":[{"href":"https:\/\/diariodominicano.com\/index.php?rest_route=\/wp\/v2\/types\/post"}],"author":[{"embeddable":true,"href":"https:\/\/diariodominicano.com\/index.php?rest_route=\/wp\/v2\/users\/28"}],"replies":[{"embeddable":true,"href":"https:\/\/diariodominicano.com\/index.php?rest_route=%2Fwp%2Fv2%2Fcomments&post=362603"}],"version-history":[{"count":5,"href":"https:\/\/diariodominicano.com\/index.php?rest_route=\/wp\/v2\/posts\/362603\/revisions"}],"predecessor-version":[{"id":362671,"href":"https:\/\/diariodominicano.com\/index.php?rest_route=\/wp\/v2\/posts\/362603\/revisions\/362671"}],"wp:featuredmedia":[{"embeddable":true,"href":"https:\/\/diariodominicano.com\/index.php?rest_route=\/wp\/v2\/media\/352133"}],"wp:attachment":[{"href":"https:\/\/diariodominicano.com\/index.php?rest_route=%2Fwp%2Fv2%2Fmedia&parent=362603"}],"wp:term":[{"taxonomy":"category","embeddable":true,"href":"https:\/\/diariodominicano.com\/index.php?rest_route=%2Fwp%2Fv2%2Fcategories&post=362603"},{"taxonomy":"post_tag","embeddable":true,"href":"https:\/\/diariodominicano.com\/index.php?rest_route=%2Fwp%2Fv2%2Ftags&post=362603"}],"curies":[{"name":"wp","href":"https:\/\/api.w.org\/{rel}","templated":true}]}}