{"id":362601,"date":"2022-06-19T23:27:14","date_gmt":"2022-06-20T03:27:14","guid":{"rendered":"http:\/\/diariodominicano.com\/?p=362601"},"modified":"2022-06-20T07:52:42","modified_gmt":"2022-06-20T11:52:42","slug":"juan-pablo-duarte-viaja-al-cibao-para-evitar-luchas-intestinas","status":"publish","type":"post","link":"https:\/\/diariodominicano.com\/?p=362601","title":{"rendered":"Juan Pablo Duarte viaja al Cibao para evitar luchas intestinas"},"content":{"rendered":"\n<p>Por H\u00e9ctor Tineo Nolasco<\/p>\n\n\n\n<p>Diariodominicano.com<\/p>\n\n\n\n<p><\/p>\n\n\n\n<p>SANTO DOMINGO, el 20 de junio de 1844, En una misi\u00f3n por disposici\u00f3n de la Junta Central Gubernativa, el general Juan Pablo Duarte Diez viaj\u00f3 al Cibao con la misi\u00f3n de \u201cintervenir en las discordias intestinas y restablecer la paz y el orden necesario para la prosperidad p\u00fablica\u201d.<\/p>\n\n\n\n<p>&nbsp;&nbsp; En el&nbsp; momento que se dispuso la medida, la Junta Central Gubernativa estaba&nbsp; controlada por los trinitarios que hab\u00edan dado&nbsp; un golpe de Estado el 9 de junio de 1844, contra el organismo presidido por Tom\u00e1s Bobadilla y Briones.<\/p>\n\n\n\n<p>&nbsp;&nbsp;&nbsp;&nbsp;&nbsp;&nbsp; El d\u00eda 10 de junio de 1844, la Junta Central Gubernativa, presidida por el pr\u00f3cer Francisco del Rosario S\u00e1nchez, aprob\u00f3 enviar al general Juan Pablo Duarte a las provincias del Cibao, a fin de que orientara a la poblaci\u00f3n que se encontraba muy inquieta por las versiones que daban cuenta de la existencia de planes para convertir a Rep\u00fablica Dominicana en un protectorado de Francia.<\/p>\n\n\n\n<p>&nbsp;&nbsp;&nbsp; Los planes en procura del protectorado de Francia, dividieron a los dominicanos. En consecuencia, cuando Juan Pablo Duarte llegara al Cibao, deb\u00eda cumplir la misi\u00f3n de \u201cintervenir en las discordias intestinas y restablecer la paz y el orden necesarios para la prosperidad p\u00fablica\u201d.<\/p>\n\n\n\n<p>&nbsp;&nbsp;&nbsp;&nbsp;&nbsp; La salida del General&nbsp; Duarte, con destino al Cibao, se produjo&nbsp; el 20 de junio de 1844.<\/p>\n\n\n\n<p>&nbsp;&nbsp; &nbsp;&nbsp;&nbsp;&nbsp;&nbsp;Los trinitarios tomaron el poder el d\u00eda&nbsp; 9 de junio de 1844, cuando dieron el golpe de Estado para quitar el poder a los conservadores que controlaban la Junta Central Gubernativa, presidida por Tom\u00e1s Bobadilla.<\/p>\n\n\n\n<p>El grupo conservador deseaba\u00a0 convertir la naciente Rep\u00fablica Dominicana en un protectorado de Francia.<\/p>\n\n\n\n<p>Relacionadas<\/p>\n\n\n\n<figure class=\"wp-block-embed is-type-wp-embed is-provider-diario-dominicano wp-block-embed-diario-dominicano\"><div class=\"wp-block-embed__wrapper\">\n<blockquote class=\"wp-embedded-content\" data-secret=\"jcMtBfoxsH\"><a href=\"https:\/\/diariodominicano.com\/?p=362607\">Llegaron a\u00a0 Maim\u00f3n otros\u00a0 expedicionarios de Junio\u00a0 de 1959<\/a><\/blockquote><iframe loading=\"lazy\" class=\"wp-embedded-content\" sandbox=\"allow-scripts\" security=\"restricted\" style=\"position: absolute; visibility: hidden;\" title=\"\u00abLlegaron a\u00a0 Maim\u00f3n otros\u00a0 expedicionarios de Junio\u00a0 de 1959\u00bb \u2014 Diario Dominicano\" src=\"https:\/\/diariodominicano.com\/?p=362607&#038;embed=true#?secret=rFtIs9Zf36#?secret=jcMtBfoxsH\" data-secret=\"jcMtBfoxsH\" width=\"600\" height=\"338\" frameborder=\"0\" marginwidth=\"0\" marginheight=\"0\" scrolling=\"no\"><\/iframe>\n<\/div><\/figure>\n\n\n\n<figure class=\"wp-block-embed is-type-wp-embed is-provider-diario-dominicano wp-block-embed-diario-dominicano\"><div class=\"wp-block-embed__wrapper\">\n<blockquote class=\"wp-embedded-content\" data-secret=\"kXjUfsYF9a\"><a href=\"https:\/\/diariodominicano.com\/?p=362603\">Alejandro Woss Gil va a elecciones sin competencia<\/a><\/blockquote><iframe loading=\"lazy\" class=\"wp-embedded-content\" sandbox=\"allow-scripts\" security=\"restricted\" style=\"position: absolute; visibility: hidden;\" title=\"\u00abAlejandro Woss Gil va a elecciones sin competencia\u00bb \u2014 Diario Dominicano\" src=\"https:\/\/diariodominicano.com\/?p=362603&#038;embed=true#?secret=m8UUgVXzuK#?secret=kXjUfsYF9a\" data-secret=\"kXjUfsYF9a\" width=\"600\" height=\"338\" frameborder=\"0\" marginwidth=\"0\" marginheight=\"0\" scrolling=\"no\"><\/iframe>\n<\/div><\/figure>\n","protected":false},"excerpt":{"rendered":"<p>Por H\u00e9ctor Tineo Nolasco Diariodominicano.com SANTO DOMINGO, el 20 de junio de 1844, En una misi\u00f3n por disposici\u00f3n de la Junta Central Gubernativa, el general Juan Pablo Duarte Diez viaj\u00f3 al Cibao con la misi\u00f3n de \u201cintervenir en las discordias intestinas y restablecer la paz y el orden necesario para la prosperidad p\u00fablica\u201d. &nbsp;&nbsp; En [&hellip;]<\/p>\n","protected":false},"author":28,"featured_media":326471,"comment_status":"closed","ping_status":"","sticky":true,"template":"","format":"standard","meta":{"footnotes":""},"categories":[26,27],"tags":[],"class_list":["post-362601","post","type-post","status-publish","format-standard","has-post-thumbnail","hentry","category-efemerides","category-portada"],"_links":{"self":[{"href":"https:\/\/diariodominicano.com\/index.php?rest_route=\/wp\/v2\/posts\/362601","targetHints":{"allow":["GET"]}}],"collection":[{"href":"https:\/\/diariodominicano.com\/index.php?rest_route=\/wp\/v2\/posts"}],"about":[{"href":"https:\/\/diariodominicano.com\/index.php?rest_route=\/wp\/v2\/types\/post"}],"author":[{"embeddable":true,"href":"https:\/\/diariodominicano.com\/index.php?rest_route=\/wp\/v2\/users\/28"}],"replies":[{"embeddable":true,"href":"https:\/\/diariodominicano.com\/index.php?rest_route=%2Fwp%2Fv2%2Fcomments&post=362601"}],"version-history":[{"count":4,"href":"https:\/\/diariodominicano.com\/index.php?rest_route=\/wp\/v2\/posts\/362601\/revisions"}],"predecessor-version":[{"id":362670,"href":"https:\/\/diariodominicano.com\/index.php?rest_route=\/wp\/v2\/posts\/362601\/revisions\/362670"}],"wp:featuredmedia":[{"embeddable":true,"href":"https:\/\/diariodominicano.com\/index.php?rest_route=\/wp\/v2\/media\/326471"}],"wp:attachment":[{"href":"https:\/\/diariodominicano.com\/index.php?rest_route=%2Fwp%2Fv2%2Fmedia&parent=362601"}],"wp:term":[{"taxonomy":"category","embeddable":true,"href":"https:\/\/diariodominicano.com\/index.php?rest_route=%2Fwp%2Fv2%2Fcategories&post=362601"},{"taxonomy":"post_tag","embeddable":true,"href":"https:\/\/diariodominicano.com\/index.php?rest_route=%2Fwp%2Fv2%2Ftags&post=362601"}],"curies":[{"name":"wp","href":"https:\/\/api.w.org\/{rel}","templated":true}]}}