{"id":36260,"date":"2008-04-07T02:23:31","date_gmt":"2008-04-07T02:23:31","guid":{"rendered":"http:\/\/diariodominicano.ddns.net\/?p=36260"},"modified":"2008-04-07T02:23:31","modified_gmt":"2008-04-07T02:23:31","slug":"el-mercurio-miente-y-manipula","status":"publish","type":"post","link":"https:\/\/diariodominicano.com\/?p=36260","title":{"rendered":"El mercurio miente y manipula"},"content":{"rendered":"<p><body><\/p>\n<p align=\"center\" class=\"titulogrande1\"><strong>El  mercurio miente y man<\/strong>ipula <\/p>\n<p>&#13;<\/p>\n<p align=\"center\"><strong>\u00a0<\/strong><strong>Por<\/strong>: <span class=\"textogrande\">Narciso Isa Conde<\/span><strong>, \u00a1Especial para \u201cEl\u00a0Mercurio\u201d y otros<\/strong><\/p>\n<p>&#13;<\/p>\n<p align=\"justify\"><span class=\"text1noticias\">El diario <strong>\u201cEl Mercurio\u201d<\/strong> de Chile &#8211; tristemente c\u00e9lebre por su densa  participaci\u00f3n en los preparativos del golpe fascista de Pinochet y por su  respaldo a ese r\u00e9gimen terrorista durante sus 16 a\u00f1os de existencia, as\u00ed como a  sus nuevas expresiones de continuidad- miente y manipula en inter\u00e9s de  distorsionar las caracter\u00edsticas y objetivos del a <strong>Coordinadora Continental Bolivariana (CCB).<\/strong><\/span><\/p>\n<p>&#13;<\/p>\n<p align=\"justify\" class=\"text1noticias\">Le\u00ed, pocos d\u00edas despu\u00e9s que me  entrevistaran por tel\u00e9fono, el reportaje publicado recientemente en ese \u00a0diario chileno bajo el titulo <strong>\u201cLa Pol\u00e9mica   Red de Apoyo Pol\u00edtico de las FARC en Latinoam\u00e9rica\u201d, <\/strong>de  la autor\u00eda del periodista <strong>Jean Palou  Egoaguirre.<\/strong><\/p>\n<p>&#13;<\/p>\n<p align=\"justify\" class=\"text1noticias\">Sab\u00eda que por ah\u00ed ven\u00edan, a pesar  de que disponen de la informaci\u00f3n veraz y de las opiniones conocidas y  contrarias a esa valoraci\u00f3n fabricada mediante un h\u00e1bil uso de medias-verdades,  mentiras, e incluso ciertas verdades destinadas a envolver y pulir la  distorsi\u00f3n. Pero yo soy de los que me encanta escucharlos verlos ladrar.<\/p>\n<p>&#13;<\/p>\n<p align=\"justify\" class=\"text1noticias\">Y lo sab\u00eda porque este tipo de  medios de la desinformaci\u00f3n en estos casos emplean como fuente fundamental de  \u201cinformaci\u00f3n\u201d la misma matriz, la que ya otros de sus colegas como <strong>\u201cEl Comercio\u201d<\/strong> y <strong>\u201cLa Rep\u00fablica\u201d<\/strong> del Per\u00fa, \u201c<strong>El Tiempo<\/strong>\u201d de Bogot\u00e1, y <strong>\u201cTeleamazonas<\/strong>\u201d del Ecuador y muchos  otros, hab\u00edan utilizado y puesto en evidencia.<\/p>\n<p>&#13;<\/p>\n<p align=\"justify\" class=\"text1noticias\">Me refiero a la que nutren los  organismos de inteligencia del r\u00e9gimen narco-paramilitar de \u00c1lvaro Uribe, a las  estaciones continentales de la CIA  (meticulosamente interconectadas), a las altas jerarqu\u00edas militares de extrema  derecha y a los servicios de inteligencia militar y policial, o sectores  incluidos dentro de ellos, que en cada una de nuestras naciones operan en  \u201ccolaboraci\u00f3n\u201d con esos mecanismos de \u201cinvestigaci\u00f3n\u201d, sesgados y viciados  hasta el tu\u00e9tano.<\/p>\n<p>&#13;<\/p>\n<div align=\"justify\">&#13;<\/p>\n<ul>&#13;<\/p>\n<li class=\"text1noticias\"><strong>Las caracter\u00edsticas de la campa\u00f1a medi\u00e1tica.<\/strong><\/li>\n<p>&#13;\n  <\/ul>\n<p>&#13;\n<\/p><\/div>\n<p>&#13;<\/p>\n<p align=\"justify\" class=\"text1noticias\">El plan programado parte de  transferir a la <strong>Coordinadora Continental Bolivariana<\/strong> &#8211; por que en ella participan  (a considerable distancia) las <strong>FARC-EP<\/strong>,  junto a innumerables organizaciones pol\u00edticas, sociales, culturales con otras  caracter\u00edsticas y trayectorias, y a personas de las m\u00e1s diversas militancias de  izquierda- los estigmas y acusaciones de <strong>\u201cterrorista<\/strong>\u201d, <strong>\u201cnarcoterrorista\u201d<\/strong> y <strong>\u201csecuestradores<\/strong>\u201d fabricados contra esa  organizaci\u00f3n pol\u00edtico militar durante d\u00e9cadas por un apabullante e infernal  aparato de comunicaci\u00f3n al servicio de las clases dominantes-gobernante de  Colombia y del imperialismo estadounidense que saquea, interviene, explota,  somete y masacra a nuestros pueblos.<\/p>\n<p>&#13;<\/p>\n<p align=\"justify\" class=\"text1noticias\">El prop\u00f3sito del mismo persigue  presentar a la CCB  y a sus cap\u00edtulos por pa\u00edses como <strong>\u201c<\/strong>instrumentos\u201d  de las FARC, como una \u201cred\u201d a su servicio.<\/p>\n<p>&#13;<\/p>\n<p align=\"justify\" class=\"text1noticias\">Por eso El Mercurio, tristemente  famoso por esa capacidad de mentir y respaldar causas realmente criminales y  detestables, titula de esa manera su reportaje y de entrada afirma que \u201c<strong>formada por un abanico de grupos  izquierdistas en la regi\u00f3n, la Coordinadora Continental  Bolivariana (CCB) es vista en Colombia como una \u201cfranquicia de los  guerrilleros\u201d, mientras en Per\u00fa temen que sea la fachada del MRTA. Y el  nexo en Chile no es lejano, los dos chilenos fotografiados con \u201cRa\u00fal Reyes\u201d  asisten a una cumbre de la CCB\u201d.<\/strong><\/p>\n<p>&#13;<\/p>\n<p align=\"justify\" class=\"text1noticias\">\u00bfQui\u00e9nes \u201cven\u201d as\u00ed a la CCB y qui\u00e9nes temen que sea  \u201cfachada\u201d de esas fuerzas, por dem\u00e1s falsamente estigmatizadas como <strong>\u201cterroristas\u201d<\/strong> y <strong>\u201cnarco-terroristas<\/strong>\u201d?<\/p>\n<p>&#13;<\/p>\n<p align=\"justify\" class=\"text1noticias\">En <strong>Colombia:<\/strong> las voces de la guerra sucia desatada hace m\u00e1s de 40 a\u00f1os  por su Estado y por su oligarqu\u00eda.<\/p>\n<p>&#13;<\/p>\n<p align=\"justify\" class=\"text1noticias\">-Los creadores del para-militarismo  articulado al narco-poder y a las Fuerzas Armadas regulares del Estado en ese  pa\u00eds.<\/p>\n<p>&#13;<\/p>\n<p align=\"justify\" class=\"text1noticias\">-Los pol\u00edticos, que como \u00c1lvaro  Uribe y Francisco Santos (presidente y vicepresidente), a trav\u00e9s del jefe de la DAS (principal \u00f3rgano de  inteligencia del Estado), Jorge Noguera, se asociaron para delinquir a los  capos paramilitares, Jorge 40, Salvatore Macusso y Hern\u00e1n Giraldo, quienes  confesaron ante fiscaliza haberle suministrado grandes sumas dinero para su  reelecci\u00f3n y bandas para hacer fraudes electorales, reprimir, asesinar y  atemorizar. Y hoy, todos ellos, menos Uribe y Santos, guardan prisi\u00f3n.<\/p>\n<p>&#13;<\/p>\n<p align=\"justify\" class=\"text1noticias\">Los ministros de guerra como  Ram\u00f3n Santos, agente de la CIA,  que instruyen a generales matones como Rito Alejo del R\u00edo, autor de las  masacres de Salanqu\u00ed del Norte y el Choc\u00f3.<\/p>\n<p>&#13;<\/p>\n<p align=\"justify\" class=\"text1noticias\">En <strong>Per\u00fa<\/strong>: piensan y hablan as\u00ed la Direcci\u00f3n Nacional  Contra el Terrorismo (Dircote), curtida en el crimen, en la tortura, en la  mentira y el robo de Estado durante el r\u00e9gimen pavoroso de Fujimori; asume tambien  ese discurso el gobierno de Alan Garc\u00eda, acusado de graves acto de corrupci\u00f3n  en el pasado y ahora comprometido en la criminalizaci\u00f3n y represi\u00f3n de los  movimientos sociales de protesta generados por el TLC, con un fresco balance de  4 muertos y m\u00e1s de 400 apresados por ejercer un derecho.<\/p>\n<p>&#13;<\/p>\n<p align=\"justify\" class=\"text1noticias\">En <strong>Chile<\/strong>: se pronuncia as\u00ed \u201cEl Mercurio\u201d y la franja pol\u00edtico-social  facistoide que representan sus encumbrados propietarios.<\/p>\n<p>&#13;<\/p>\n<div align=\"justify\">&#13;<\/p>\n<ul>&#13;<\/p>\n<li class=\"text1noticias\"><strong>Como el ladr\u00f3n\u2026<\/strong><\/li>\n<p>&#13;\n  <\/ul>\n<p>&#13;\n<\/p><\/div>\n<p>&#13;<\/p>\n<p align=\"justify\" class=\"text1noticias\">El ladr\u00f3n, claro est\u00e1, siempre juzga por su  condici\u00f3n.<\/p>\n<p>&#13;<\/p>\n<p align=\"justify\" class=\"text1noticias\">Los terroristas de Estado, los  terroristas paramilitares, los terroristas de la CIA, los integrantes de poderes  narco-terroristas, los socios pol\u00edticos de las bandas de los asesinos de las  motosierras, los protectores de la empresa privada y para-estatal del  secuestro, los protagonistas y beneficiarios de la corrupci\u00f3n y la delincuencia  institucionalizada, siempre acusan de lo que ellos son a los movimiento  revolucionarios, sean civiles o pol\u00edtico-militares (luchen o no con las armas,  empleen la pluma y el voto) de las fechor\u00edas que ellos cotidianamente practican  a nombre de la democracia, de la defensa del orden y su <strong>\u201cseguridad democr\u00e1tica\u201d.<\/strong><\/p>\n<p>&#13;<\/p>\n<p align=\"justify\" class=\"text1noticias\">Y como tienen recursos y  capacidad instalada para repetir millones de veces la misma mentira -obviando  las causas hist\u00f3ricas y presentes de las insurgencias, de las luchas populares,  de los movimientos sociales contestatarios y de las protestas sociales y  pol\u00edticas- logran por periodos -acompa\u00f1ando su terrorismo medi\u00e1tico del enorme  poder de intimidaci\u00f3n del sistema &#8211; sembrar la confusi\u00f3n e imponer sus  estigmas.<\/p>\n<p>&#13;<\/p>\n<p align=\"justify\" class=\"text1noticias\">La mayor prueba de que los  comandante de las FARC-EP y de que esa fuerza pol\u00edtico-militar como instituci\u00f3n  participan a distancia en la CCB,  es que Ra\u00fal Reyes tuvo que grabar su mensaje de salutaci\u00f3n a su II Congreso y  que las personas y organizaciones, miembros o no de la CCB, que deciden conversar  directamente, intercambiar puntos de vista y establecer v\u00ednculos de solidaridad  con sus representantes, tienen que hacerlo poniendo en riesgo sus vidas. Eso  fue lo que le pas\u00f3 a los(as) estudiantes mexicanos(as) y a los j\u00f3venes chilenos  que visitaron y\/o entrevistaron a Ra\u00fal Reyes.<\/p>\n<p>&#13;<\/p>\n<p align=\"justify\" class=\"text1noticias\">Pero \u201cEl Mercurio\u201d, en lugar de condenar la  masacre ejecutada en territorio ecuatoriano por el ej\u00e9rcito colombiano, la CIA y el Pent\u00e1gono \u2013en la que  perdieron la vida los(as) j\u00f3venes mencionados, que por decisi\u00f3n propia y  ejerciendo el derecho que le asiste como comunicadores y como estudiantes,  visitaron el campamento de Ra\u00fal Reyes- se dedica a criminalizar pos-morten a  quienes, movidos por inquietudes de conocer y estudiar de cerca esa experiencia  insurreccional, cayeron v\u00edctima de esa alevosa y criminal <strong>\u201coperaci\u00f3n quir\u00fargica\u201d.<\/strong><\/p>\n<p>&#13;<\/p>\n<p align=\"justify\" class=\"text1noticias\">La campa\u00f1a de penalizaci\u00f3n y  satanizaci\u00f3n contra la membres\u00eda de la   CCB tiene ya varios a\u00f1os de desatada y es eso lo que explica  que en las plenarias de su II Congreso no se le permita tomar fotos a todo el  mundo.<\/p>\n<p>&#13;<\/p>\n<p align=\"justify\" class=\"text1noticias\">En Ecuador la infiltraci\u00f3n  para-militar colombiana no es un juego de ni\u00f1os y la estaci\u00f3n de la CIA es de las m\u00e1s grandes y  agresivas del continente. Esa gente mata y antes de hacerlo mandan a tomar las  fotos que les facilitan ser bien selectivo en su \u201ctrabajo\u201d; y lamentablemente  hay empresas privadas de comunicaci\u00f3n que se prestan esas complicidades. El  Mercurio sabe mucho de esas cosas y de esos \u201coficios\u201d.<\/p>\n<p>&#13;<\/p>\n<div align=\"justify\">&#13;<\/p>\n<ul>&#13;<\/p>\n<li class=\"text1noticias\"><strong>Mis contactos con Ra\u00fal y la pol\u00edtica incluyente de la CCB.<\/strong><\/li>\n<p>&#13;\n  <\/ul>\n<p>&#13;\n<\/p><\/div>\n<p>&#13;<\/p>\n<p align=\"justify\" class=\"text1noticias\">A Ra\u00fal Reyes yo lo conoc\u00ed en San  Salvador, a ra\u00edz del VI Encuentro del Foro Sao Paulo, al final de los 90.<\/p>\n<p>&#13;<\/p>\n<p align=\"justify\" class=\"text1noticias\">Luego compart\u00ed con \u00e9l, con el  comandante Marulanda y otros dirigentes de las FARC- EP en el contexto de los  di\u00e1logos de paz del Cagu\u00e1n.<\/p>\n<p>&#13;<\/p>\n<p align=\"justify\" class=\"text1noticias\">Pocos meses despu\u00e9s, Ra\u00fal Reyes y  otros miembros de las FARC visitaron la Rep\u00fablica Dominicana  (junio del 2000) y se entrevistaron con todas las fuerzas pol\u00edticas del pa\u00eds,  incluido el presidente electo Hip\u00f3lito Mej\u00eda. Nuestra organizaci\u00f3n hizo de  anfitriona de su visita.<\/p>\n<p>&#13;<\/p>\n<p align=\"justify\" class=\"text1noticias\">Y la \u00faltima vez que conversamos  fue hace unos dos a\u00f1os en su campamento del Putumayo.<\/p>\n<p>&#13;<\/p>\n<p align=\"justify\" class=\"text1noticias\">\u201cEl Mercurio\u201d presenta ese v\u00ednculo  como si se hubiera realizado antes del II Congreso de la CCB, tratando de presentar el  evento como algo instrumentalizado, como el manejo de una \u201cfranquicia\u201d fariana.<\/p>\n<p>&#13;<\/p>\n<p align=\"justify\" class=\"text1noticias\">En la CCB no se excluye ni se  penaliza a nadie porque tenga relaciones de amistad, alianza o colaboraci\u00f3n con  las FARC; tampoco con otras organizaciones pol\u00edtico-militares activas o con un  pasado de lucha armada.<\/p>\n<p>&#13;<\/p>\n<p align=\"justify\" class=\"text1noticias\">El Ej\u00e9rcito Zapatista de  Liberaci\u00f3n Nacional (EZLN) de M\u00e9xico no es de la Coordinadora, pero a  m\u00ed particularmente me gustar\u00eda mucho que lo fuera.<\/p>\n<p>&#13;<\/p>\n<p align=\"justify\" class=\"text1noticias\">El MRTA de Per\u00fa fue pr\u00e1cticamente  exterminado y esa es una raz\u00f3n de fuerza mayor para que no est\u00e9 en el capitulo  peruano de la CCB;  aunque El Mercurio, El Comercio y La Republica, junto a la Direcci\u00f3n Nacional  Contra el Terrorismo del Per\u00fa se empe\u00f1en en decir que est\u00e1.<\/p>\n<p>&#13;<\/p>\n<p align=\"justify\" class=\"text1noticias\">En verdad quienes integramos esta importante confluencia  de la diversidad revolucionaria de nuestra Am\u00e9rica, en v\u00eda de convertirse en un  gran movimiento continental Bolivariano, somos incapaces de impedir el ingreso  del MRTA si esto fuera posible.<\/p>\n<p>&#13;<\/p>\n<p align=\"justify\" class=\"text1noticias\">En mi caso, si algo he objetado  al interior del Foro de Sao Paulo, otro de los espacios unitarios de los  partidos de izquierda, centro-izquierda y el centro del continente, ha sido el  ejercicio del veto dentro de su Grupo de Trabajo contra aquellas organizaciones  revolucionarias que <strong>\u201chuelen a p\u00f3lvora\u201d.<\/strong><\/p>\n<p>&#13;<\/p>\n<p align=\"justify\" class=\"text1noticias\">No tenemos nada de mezquinos,  menos aun de \u201c<strong>social-pendejos\u201d.<\/strong><\/p>\n<p>&#13;<\/p>\n<p align=\"justify\" class=\"text1noticias\">Pero el tozudo empe\u00f1o de \u201cEl  Mercurio\u201d en mencionar las organizaciones con <strong>\u201color a p\u00f3lvora<\/strong>\u201d aunque no formen parte de la CCB, no es ingenuo; como no lo  es destacar entre las que forman parte sobretodo a las que tienen esas  caracter\u00edsticas, obviando muchas otras con larga tradici\u00f3n de lucha abierta,  legal e incluso electoral.<\/p>\n<p>&#13;<\/p>\n<p align=\"justify\" class=\"text1noticias\">Esto le sirve de mucha ayuda a la  peregrina tesis de la \u201cfranquicia\u201d y al plan de criminalizaci\u00f3n de la CCB y de sus componentes; pues  le ser\u00eda muy dif\u00edcil o imposible hacerlo, si reconocen y destacan la presencia  en grande de los partidos comunitas, los partidos socialistas-revolucionarios,  los sacerdotes, los independentistas puertorrique\u00f1os, los intelectuales, los  movimientos indigenistas, las organizaciones troskistas, las organizaciones  comunitarias, los legisladores, los militares activos y los ex militares  patriotas, los movimientos antiimperialistas bolivarianos, las corrientes  revolucionarias cristianas, los (as) artistas pl\u00e1sticos, los y las poetas, los  movimientos feministas, las organizaciones estudiantiles y juveniles\u2026.que  participamos activamente en la   CCB.<\/p>\n<p>&#13;<\/p>\n<p align=\"justify\" class=\"text1noticias\">El Mercurio destaca la  integraci\u00f3n simb\u00f3lica del comandante Marulanda (impedido, por razones obvias,  como todos los dirigentes de las FARC, de participar activamente en la Presidencia Colectiva  de la CCB), pero  oculta la presencia del Obispo Casaldaliga de Brasil, del atleta y  ambientalista puertorrique\u00f1o Tito Kayak, del padre Lu\u00eds Barrios de la parroquia  neoyorquina San Romero de las Am\u00e9ricas, del gran intelectual estadounidense  James Petras y la de la formidable canta-autora venezolana Lidia Veras, entre  otros y otras de igual calibre,<\/p>\n<p>&#13;<\/p>\n<p align=\"justify\" class=\"text1noticias\">Eso no tiene nada de accidental.<\/p>\n<p>&#13;<\/p>\n<div align=\"justify\">&#13;<\/p>\n<ul>&#13;<\/p>\n<li class=\"text1noticias\"><strong>Ch\u00e1vez, la   CCB y el Mercurio.<\/strong><\/li>\n<p>&#13;\n  <\/ul>\n<p>&#13;\n<\/p><\/div>\n<p>&#13;<\/p>\n<p align=\"justify\" class=\"text1noticias\">Donde se le enreda de verdad la cabuya al  terrorismo medi\u00e1tico es cuando se da cuenta que el Partido Socialista Unificado  de Venezuela (ni antes el Movimiento V Rep\u00fablica) no est\u00e1 participando en la    CCB. Pero como los padrinos de \u201cEl  Mercurio\u201d est\u00e1n muy interesados en presentarnos como una entidad subordinada  tambien a Ch\u00e1vez y en presentar a Ch\u00e1vez como pro-fariano, se dedica a forzar y  retorcer ese tema.<\/p>\n<p>&#13;<\/p>\n<p align=\"justify\" class=\"text1noticias\">Entonces sus p\u00e1ginas repiten,  como supuesta prueba de esa relaci\u00f3n, las referencias y el saludo del Alcalde  de Caracas, Freddy Bernal, a la r\u00e9plica de la \u201c<strong>Campa\u00f1a Admirable del Libertador<\/strong>\u201d (2003) a su llegada a esa ciudad;  manipulando adem\u00e1s nuestra inquebrantable solidaridad con la revoluci\u00f3n en Venezuela  y nuestro reconocimiento de un dato de la realidad: el liderazgo continental  antiimperialista, bolivariano, pro-socialista de Ch\u00e1vez. Y no es que El  Mercurio no sepa lo que significa Bol\u00edvar y el hecho que se conmemoraba para  los caraque\u00f1os y el rol que debe jugar en esos casos de la Alcald\u00eda, sino que\u2026Y no  es que no entienda que ser solidario con el proceso que encabeza Ch\u00e1vez no es  depender de \u00e9l.<\/p>\n<p>&#13;<\/p>\n<p align=\"justify\" class=\"text1noticias\">Pero, adem\u00e1s, no todos(as)  los(as) revolucionarios(as) antiimperialistas y socialistas del continente  forman parte de la CCB,  y no por ello vamos a dejar de ser solidarios y reconocer sus valiosas  cualidades y las importantes coincidencias pol\u00edticas que tenemos con ellos(as).<\/p>\n<p>&#13;<\/p>\n<p align=\"justify\" class=\"text1noticias\">Pero es que la gente de El  Mercurio y sus colegas tienen inter\u00e9s, despu\u00e9s de haberse desga\u00f1itado acusando  a Ch\u00e1vez de dictador, en salpicarlo y\/o embarrarlo de \u201cterrorismo\u201d y \u201cnarcoterrorismo\u201d,  por su valiente postura relacionada con el intercambio humanitario de  prisioneros y con el reconocimiento de las FARC-EP como \u201cfuerza beligerante\u201d.<\/p>\n<p>&#13;<\/p>\n<p align=\"justify\" class=\"text1noticias\">Y esto \u00faltimo lo hacen sus  padrinos del Norte sin sonrojos, a pesar de que nadie puede acusar a Ch\u00e1vez de  poner una bomba, de participar en organizaciones pol\u00edticas-militares o de  formar parte de una \u201cguerrilla comunista\u201d; mucho menos de proteger y\/o  asociarse al narco-poder, como lo hace Uribe, o como lo hizo Bush- padre con el  negocio del crac en los EEUU y la   CIA en el caso Ir\u00e1n-Contra y en otros casos m\u00e1s.<\/p>\n<p>&#13;<\/p>\n<p align=\"justify\" class=\"text1noticias\">Igual los motiva su empe\u00f1o en  presentarnos como dependientes de alg\u00fan Estado, pese a que la CCB nace y se desarrolla  precisamente deslindando los campos entre las pol\u00edticas estatales y las  pol\u00edticas de las nuevas vanguardias revolucionarias del continente, deslindando  actitudes entre las condiciones que impone ser gobierno (sujeto a relaciones  internacionales y pol\u00edtico-diplom\u00e1ticas) y el deber bolivariano, latinoamericanista,  antillanista e internacionalista que quienes cuestionamos y luchamos por  transformar revolucionariamente todo el orden opresor continental y mundial  establecido.<\/p>\n<p>&#13;<\/p>\n<p align=\"justify\" class=\"text1noticias\">Ese deber, por ejemplo, nos ha  llevado no solo a clamar por la libertad de los compatriotas cubanos presos del  imperio, sino tambien la de los dem\u00e1s revolucionarios(as) presos en EEUU, en  Guant\u00e1namo, en las c\u00e1rceles colombianas, peruanas, argentinas, chilenas (caso  mapuches)\u2026 y tambien a incluir en la Presidencia Colectiva  de la CCB la  presencia simb\u00f3lica de Victor Polay, encarcelado durante 15 a\u00f1os en la  c\u00e1rcel-tumba del Callao.<\/p>\n<p>&#13;<\/p>\n<p align=\"justify\" class=\"text1noticias\">Nos ha llevado a respaldar todas  las luchas, protestas y rebeld\u00eda justas en todos los confines del planeta, sin  dejarnos condicionar por las pol\u00edticas de Estado, incluso de gobiernos  revolucionarios y progresistas.<\/p>\n<p>&#13;<\/p>\n<div align=\"justify\">&#13;<\/p>\n<ul type=\"disc\">&#13;<\/p>\n<li class=\"text1noticias\"><strong>Ceguera y sordera voluntaria<\/strong>.<\/li>\n<p>&#13;\n  <\/ul>\n<p>&#13;\n<\/p><\/div>\n<p>&#13;<\/p>\n<p align=\"justify\" class=\"text1noticias\">Pero no hay peor ciego que el que  no quiere ver, ni peor sordo que el que no quiere o\u00edr.<\/p>\n<p>&#13;<\/p>\n<p align=\"justify\" class=\"text1noticias\">Ver y o\u00edr en este caso le  impedir\u00eda a El Mercurio y a sus colegas del totalitarismo medi\u00e1tico, reemplazar  el gastado (por m\u00faltiples razones) estigma anticomunista (que tantos asesinatos  provoc\u00f3) por el nuevo estigma antinarco-terrorista, usado con iguales fines  contra fuerzas pol\u00edticas revolucionarias.<\/p>\n<p>&#13;<\/p>\n<p align=\"justify\" class=\"text1noticias\">Y seguir\u00e1n ciegos y sordos por  los poderosos intereses que representan, m\u00e1s cuando entramos, nueva vez, -como  dijera Jos\u00e9 Mart\u00ed- a la <strong>\u201chora de los  hornos\u201d <\/strong>en nuestra Am\u00e9rica.<\/p>\n<p>&#13;<\/p>\n<p align=\"justify\" class=\"text1noticias\">Hora que explica las  resurrecciones de T\u00fapac Amaru, Bol\u00edvar, Mart\u00ed, San Mart\u00edn, Manuelita S\u00e1enz,  O&#8217;Higgins\u2026, as\u00ed  como la actual ola de cambios en nuestro continente.<\/p>\n<p>&#13;<\/p>\n<p align=\"justify\" class=\"text1noticias\">Porque si la conquista y colonizaci\u00f3n de Am\u00e9rica,  por crueles e inhumanas, provocaron las rebeld\u00edas \u201csubversivas\u201d, \u201cterroristas\u201d,  \u201cforajidas\u201d\u2026 de esos pr\u00f3ceres (seg\u00fan el discurso de colonizadores y conquistadores),  la recolonizaron neoliberal en boga no se le queda atr\u00e1s y est\u00e1 dando lugar a  las nuevas herej\u00edas, a las nuevas \u201csubversiones\u201d, a los nuevos \u201cterrorismo\u201d\u2026  que tanto inquietan a los amos de la actual dictadura medi\u00e1tica.<\/p>\n<p>&#13;<\/p>\n<p align=\"justify\" class=\"text1noticias\">Problema para El Mercurio y sus amos, no para los  bolivarianos, martianos, guevaristas, mariateguistas, caama\u00f1istas, allendistas,  socialistas, comunistas\u2026<\/p>\n<p>&#13;<\/p>\n<p align=\"justify\" class=\"text1noticias\">Problema mayor para \u201cEl Mercurio\u201d, porque por  tradici\u00f3n muy medularmente arraigada en su ser social y pol\u00edtico, le resulta  imposible entender aquello que dijera el inmenso Pablo Neruda de que \u201c<strong>podr\u00e1n  cortar todas las flores, pero jam\u00e1s impedir la primavera\u201d<\/strong>. Y en  verdad-verdad, en nuestra Am\u00e9rica estamos en plena primavera.(5-IV-2008)<\/p>\n<p>&#13;<\/p>\n<p align=\"justify\" class=\"text1noticias\">ANEXO:  REPORTAJE DE \u201cEL MERCURIO\u201d DE CHILE:<\/p>\n<p>&#13;<\/p>\n<div align=\"justify\">&#13;<\/p>\n<table border=\"0\" cellpadding=\"0\">&#13;<\/p>\n<tr>&#13;<\/p>\n<td>\n<p class=\"text1noticias\">La pol\u00e9mica red de apoyo pol\u00edtico de las FARC en    Latinoam\u00e9rica <\/p>\n<\/td>\n<p>&#13;<br \/>\n    <\/tr>\n<p>&#13;<\/p>\n<tr>&#13;<\/p>\n<td>\n<table border=\"0\" cellpadding=\"0\">&#13;<\/p>\n<tr>&#13;<\/p>\n<td width=\"731\">\n<p align=\"justify\" class=\"text1noticias\">Formada      por un abanico de grupos izquierdistas en la regi\u00f3n, la Coordinadora       Continental Bolivariana (CCB) es vista en Colombia como      una \u00abfranquicia\u00bb de la guerrilla, mientras en Per\u00fa temen que sea      fachada del MRTA. Y el nexo con Chile no es lejano: los dos chilenos      fotografiados con \u00abRa\u00fal Reyes\u00bb asist\u00edan a una cumbre de la CCB en Ecuador.<br \/>&#13;\n            <\/p>\n<\/td>\n<p>&#13;<br \/>\n        <\/tr>\n<p>&#13;<br \/>\n      <\/table>\n<\/td>\n<p>&#13;<br \/>\n    <\/tr>\n<p>&#13;<\/p>\n<tr>&#13;<\/p>\n<td width=\"746\">\n<p align=\"justify\" class=\"text1noticias\">&#13;<br \/>\n        JEAN PALOU EGOAGUIRRE<br \/>&#13;<br \/>\n        <br \/>&#13;<br \/>\n        Acompa\u00f1ado de su fusil, y con el murmullo de la selva de fondo, \u00abRa\u00fal    Reyes\u00bb habla directo a la c\u00e1mara. \u00abDesde las FARC agradecemos el    esfuerzo de todos los que participan en este congreso\u00bb, dice en un    video, difundido en la inauguraci\u00f3n de la II Cumbre de la Coordinadora Continental    Bolivariana (CCB), realizada a fines de febrero en Quito con la presencia de    unos 400 dirigentes de partidos y movimientos izquierdistas y    \u00abantiimperialistas\u00bb <br \/>&#13;<br \/>\n        <br \/>&#13;<br \/>\n        latinoamericanos. Varios de estos grupos, como    los Zapatistas de M\u00e9xico o el MRTA de Per\u00fa, son subversivos, as\u00ed que, pese a    que se trataba de un encuentro legalmente en regla, las fotos no estaban    permitidas en el plenario.<br \/>&#13;<br \/>\n        <br \/>&#13;<br \/>\n\u00abUnidos seremos invencibles\u00bb, indicaba el l\u00edder guerrillero en su    arenga, la \u00faltima antes de que el campamento desde donde enviaba el saludo    -en territorio ecuatoriano- fuese bombardeado por fuerzas colombianas el 1 de    marzo.<br \/>&#13;<br \/>\n        <br \/>&#13;<br \/>\n        Ese \u00abseremos\u00bb del jefe rebelde -as\u00ed, en primera persona plural- no    fue casual: las FARC son miembros activos de la CCB, la cual considera en su    \u00abpresidencia honoraria\u00bb a los \u00abcompa\u00f1eros Manuel Marulanda y    Alfonso Cano\u00bb.<br \/>&#13;<br \/>\n        <br \/>&#13;<br \/>\n        El movimiento se ha convertido en la principal red internacional de apoyo de    la guerrilla, al punto que en Colombia se le ha considerado como una especie    de \u00abfranquicia\u00bb de las FARC encargada del \u00ablobby    continental\u00bb. Mal que mal, las campa\u00f1as m\u00e1s destacadas de la CCB son las mismas que    auspicia la guerrilla: el reconocimiento como \u00abgrupo beligerante\u00bb    -y no \u00abterrorista\u00bb- de las FARC y la libertad de \u00abSim\u00f3n    Trinidad\u00bb, el l\u00edder rebelde extraditado a EE.UU., donde fue condenado a    60 a\u00f1os de c\u00e1rcel. Ambas iniciativas son promovidas a trav\u00e9s de la aliada    \u00abAgencia Bolivariana de Noticias\u00bb ( www.abpnoticias.com).<br \/>&#13;<br \/>\n        <br \/>&#13;<br \/>\n        Adem\u00e1s, con el episodio de \u00abReyes\u00bb qued\u00f3 en evidencia que la CCB no s\u00f3lo adhiere en    discurso a las FARC. Entre los muertos en el bombardeo, hab\u00eda cuatro    estudiantes mexicanos que hab\u00edan participado en el congreso del coordinadora,    al igual que los dos chilenos que fueron fotografiados en tenida de combate    junto al jefe guerrillero: los comunistas Valeska L\u00f3pez y Manuel Olate (a    quien \u00abReyes\u00bb le otorg\u00f3 la que ser\u00eda su \u00faltima entrevista).<br \/>&#13;<br \/>\n        <br \/>&#13;<br \/>\n        En conversaci\u00f3n con \u00abEl Mercurio\u00bb, el dominicano Narciso Isa Conde,    presidente de la CCB,    quien se reuni\u00f3 con \u00abReyes\u00bb antes del bombardeo -dice haber sido su    \u00abamigo\u00bb-, acusa que \u00abse quiere trasladar a la coordinadora el    estigma injustificado contra las FARC\u00bb.<br \/>&#13;<br \/>\n        <br \/>&#13;<br \/>\n        Y explica su postura: \u00abLa insurgencia armada no es necesariamente    terrorismo. Hist\u00f3ricamente, nuestros grandes pr\u00f3ceres fueron acusados de lo    mismo, de subversivos. Bol\u00edvar fue un terrorista para los colonizadores    espa\u00f1oles, y hoy estamos en un proceso de recolonizaci\u00f3n (de parte de    EE.UU.)\u00bb, se\u00f1ala Isa Conde, quien habla de \u00abprisioneros de    guerra\u00bb que est\u00e1n \u00abretenidos\u00bb, y no de    \u00absecuestrados\u00bb.<br \/>&#13;<br \/>\n        <br \/>&#13;<br \/>\n        Sin embargo, el dirigente es enf\u00e1tico: \u00abNo somos FARC\u00bb, advierte,    al tiempo que descarta cualquier tipo de \u00absubordinaci\u00f3n econ\u00f3mica\u00bb,    ya que la CCB    aspira a \u00abconvertirse en una fuerza realmente independiente, de car\u00e1cter    continental, en b\u00fasqueda de alternativas para el tr\u00e1nsito hacia un nuevo    socialismo\u00bb.<br \/>&#13;<br \/>\n        <br \/>&#13;<br \/>\n\u00abNo se trata de coordinar s\u00f3lo movimientos insurgentes\u00bb, resume Isa    Conde. \u00abPero somos partidarios de todas las formas de lucha\u00bb.<br \/>&#13;<br \/>\n        <br \/>&#13;<br \/>\n\u00bfEs un movimiento chavista?<br \/>&#13;<br \/>\n        <br \/>&#13;<br \/>\n        La g\u00e9nesis de la CCB    est\u00e1 ligada con el chavismo. El alcalde de Caracas, Freddy Bernal -uno de los    creadores de los \u00abc\u00edrculos bolivarianos\u00bb en Venezuela- apoy\u00f3 la    fundaci\u00f3n del movimiento tras la \u00abMarcha admirable\u00bb, caminata que    conmemor\u00f3 en 2003 la gesta de Bol\u00edvar, y en la que participaron militantes de    las FARC.<br \/>&#13;<br \/>\n        <br \/>&#13;<br \/>\n        El gobierno de Hugo Ch\u00e1vez no oculta su simpat\u00eda por la CCB; sin embargo, ha querido    desmarcarse -por lo menos p\u00fablicamente- de su funcionamiento, y prefiere    enfocarse en el paralelo Congreso Bolivariano de los Pueblos.<br \/>&#13;<br \/>\n        <br \/>&#13;<br \/>\n        Pero en la CCB    ven en Ch\u00e1vez a un l\u00edder, y en su \u00abproceso bolivariano\u00bb, un    ejemplo. Carlos Casanueva explica los l\u00edmites: \u00abSi bien la CCB reconoce el papel    fundamental de la conducci\u00f3n de Ch\u00e1vez en un proceso de vanguardia    continental, no se limita a un culto acr\u00edtico de la personalidad o estilo del    Presidente bolivariano\u00bb.<br \/>&#13;<br \/>\n        <br \/>&#13;<br \/>\nChile: nuevo l\u00edder regional<br \/>&#13;<br \/>\n          <br \/>&#13;<br \/>\n          La CCB tambi\u00e9n    tiene un cap\u00edtulo en Chile, el cual no est\u00e1 al margen del conflicto    colombiano. El comunista arique\u00f1o Carlos Casanueva fue nombrado recientemente    secretario general de la coordinadora, y -en l\u00ednea con su cargo- defiende el    v\u00ednculo con las FARC y la v\u00eda armada. \u00abEl fundamento para esta mirada    integradora respecto de los grupos armados se funda en el pleno    convencimiento pol\u00edtico de que las causas sociales han dado origen y han    obligado a optar por el camino de las armas\u00bb, argumenta.<br \/>&#13;<br \/>\n          <br \/>&#13;<br \/>\n\u00abLa CCB    respeta todas las formas de lucha\u00bb, a\u00f1ade el dirigente, quien prefiere    hablar de \u00abretenidos\u00bb cuando se refiere a los secuestrados por la    guerrilla colombiana. Los \u00abcanjeables\u00bb, asegura, son    \u00abpersonalidades que ocupan posiciones de relevancia en la reproducci\u00f3n y    permanencia pol\u00edtica y econ\u00f3mica del r\u00e9gimen de explotaci\u00f3n, exclusi\u00f3n y    violaci\u00f3n de los derechos humanos en Colombia\u00bb.<br \/>&#13;<br \/>\n        <br \/>&#13;<br \/>\n        En Chile, la CCB    ( www.conbolivarenchile.cl) la conforman asociaciones como el Partido    Comunista -cuyos dirigentes nunca han tenido problema en reconocer su larga    amistad con las FARC-, el Frente Patri\u00f3tico Manuel Rodr\u00edguez, el Colectivo    Andamios y el llamado Comit\u00e9 por la     Paz en Colombia. Adem\u00e1s, participa la Asamblea Mapuche    de Izquierda, pero Casanueva es cauto al separar las aguas respecto a la    violentista Coordinadora Arauco Malleco.<br \/>&#13;<br \/>\n        <br \/>&#13;<br \/>\n        Aunque hasta ahora no se puede asegurar que haya un v\u00ednculo directo con las    FARC -que vaya m\u00e1s all\u00e1 del apoyo a trav\u00e9s de manifestaciones, como la marcha    realizada tras la muerte de \u00abReyes\u00bb en el Paseo Ahumada-, ha    trascendido que se estar\u00edan investigando los nexos de grupos miembros de la CCB Cap\u00edtulo Chile    con la guerrilla colombiana.<br \/>&#13;<br \/>\n        <br \/>&#13;<br \/>\nPer\u00fa: respaldo al MRTA<br \/>&#13;<br \/>\n          <br \/>&#13;<br \/>\n          En Per\u00fa, la CCB    ha sido especialmente puesta bajo la lupa debido a su apoyo a la actividad    del insurgente Movimiento Revolucionario Tupac Amaru (MRTA), el cual se    estar\u00eda rearticulando bajo la fachada de la Coordinadora     Bolivariana.<br \/>&#13;<br \/>\n          <br \/>&#13;<br \/>\n          El gobierno peruano, que ha criticado la influencia chavista a    trav\u00e9s de las \u00abCasas del ALBA\u00bb, acus\u00f3 el golpe y detuvo a siete    peruanos que fueron al Congreso de la     CCB en Ecuador, quienes ten\u00edan un pasado relacionado con el    MRTA. De hecho, el l\u00edder de la delegaci\u00f3n, Roque Gonzales La Rosa, estuvo preso ocho    a\u00f1os por el secuestro del empresario boliviano Samuel Doria Medina, cuyo pago    de rescate sirvi\u00f3 para financiar la toma de la embajada de Jap\u00f3n en Lima.<br \/>&#13;<br \/>\n          <br \/>&#13;<br \/>\n          Seg\u00fan \u00abEl Comercio\u00bb, la polic\u00eda sospecha que desde 2004    emerretistas han estado viajando a campamentos de las FARC para recibir    instrucci\u00f3n militar, y se teme que lleven a cabo un atentado \u00aba la    colombiana\u00bb. Adem\u00e1s, se habr\u00edan encontrado emails de los dirigentes    detenidos, dirigidos a guerrilleros colombianos.<br \/>&#13;<br \/>\n          <br \/>&#13;<br \/>\n\u00abEs un hecho que estos grupos se est\u00e1n rearticulando en la CCB\u00bb, indica a este    diario Marcos Ibazaeta, ex presidente de la Sala Nacional de    Terrorismo de Per\u00fa, quien critica el marco legal ineficiente para detener el    \u00abproblema\u00bb. \u00abEstamos cometiendo otra vez las mismas    indolencias, incurriendo en la misma dejadez. Estamos esperando a que el    problema nos reviente en la cara\u00bb, remata.<br \/>&#13;<br \/>\n        <br \/>&#13;<br \/>\n        El caso fue abordado por el ministro de Defensa, Antero Flores-Ar\u00e1oz, quien    aunque aclar\u00f3 \u00abque no se puede perseguir a nadie por sus ideas\u00bb,    llam\u00f3 a tener cautela \u00abteniendo la experiencia de Sendero    Luminoso\u00bb.<br \/>&#13;<br \/>\n        <br \/>&#13;<br \/>\nEcuador: apoyo con reparos<br \/>&#13;<br \/>\n          <br \/>&#13;<br \/>\n          En Ecuador, la CCB    tiene buena acogida en c\u00edrculos oficialistas. El pasado congreso se realiz\u00f3    en dependencias del Municipio de Quito con el auspicio del alcalde, y el    ministro de Seguridad, Gustavo Larrea, defendi\u00f3 el evento argumentando que    \u00abse trataron problemas de Latinoam\u00e9rica\u00bb y que ninguno de los    participantes ten\u00eda orden de detenci\u00f3n.<br \/>&#13;<br \/>\n          <br \/>&#13;<br \/>\n          Sin embargo, seg\u00fan el polit\u00f3logo Luis Eladio Proa\u00f1o, tras el conflicto con    Colombia, el Presidente Rafael Correa, \u00abque se cree tiene simpat\u00eda con    la guerrilla, ya no sabe qu\u00e9 hacer con todo lo que huela a FARC\u00bb. Menos    ahora, que fuentes de inteligencia, citadas por medios locales, han dicho que    la CCB es    \u00abel brazo pol\u00edtico de las FARC\u00bb en el pa\u00eds y que ha fortalecido    lazos con grupos como la     Federaci\u00f3n de Estudiantes Universitarios.<br \/>&#13;<br \/>\n          <br \/>&#13;<br \/>\n M\u00e9xico: v\u00ednculos con el narco<br \/>&#13;<br \/>\n          <br \/>&#13;<br \/>\n      Tras la muerte de cuatro mexicanos en el ataque al campamento de \u00abRa\u00fal    Reyes\u00bb -quienes, junto a otros 50 estudiantes de la Universidad Nacional    Aut\u00f3noma de M\u00e9xico asist\u00edan al II Congreso de la CCB en Ecuador-, el gobierno    de Felipe Calder\u00f3n se ha mostrado cauto sobre los posibles lazos de las FARC    con las organizaciones pol\u00edticas y sociales mexicanas. Sin embargo, la prensa    local ha hecho eco de unas declaraciones del Vicepresidente de Colombia,    Francisco Santos, quien advirti\u00f3 sobre un aparato pol\u00edtico    \u00abclandestino\u00bb de las FARC en M\u00e9xico, as\u00ed como los lazos de la    guerrilla con los carteles de la droga. Seg\u00fan el fiscal general mexicano, de    momento no hay \u00abevidencia de una vinculaci\u00f3n org\u00e1nica\u00bb con las    FARC, pero dijo que se investigan grupos como la CCB.<\/p>\n<\/td>\n<p>&#13;<br \/>\n    <\/tr>\n<p>&#13;<br \/>\n  <\/table>\n<p>&#13;\n<\/p><\/div>\n<p>&#13;<\/p>\n<h6> 2008-04-07 02:23:31 <\/h6>\n<p><!--\n<link rel=\"stylesheet\" href=\"css\/bootstrap.min.css\">\n\n\n<ul class=\"pagination\">\n\t    \n\t\n\n<li >\n\t<a href='?page_no=12139'>Previous<\/a>\n\t<\/li>\n\n\n       \n    \n\n<li><a href='?page_no=1'>1<\/a><\/li>\n\n\n\n<li><a href='?page_no=2'>2<\/a><\/li>\n\n\n\n<li><a>...<\/a><\/li>\n\n\n\n<li><a href='?page_no=12138'>12138<\/a><\/li>\n\n\n\n<li><a href='?page_no=12139'>12139<\/a><\/li>\n\n\n\n<li class='active'><a>12140<\/a><\/li>\n\n\n\n<li><a href='?page_no=12141'>12141<\/a><\/li>\n\n\n\n<li><a href='?page_no=12142'>12142<\/a><\/li>\n\n\n\n<li><a>...<\/a><\/li>\n\n\n\n<li><a href='?page_no=13611'>13611<\/a><\/li>\n\n\n\n<li><a href='?page_no=13612'>13612<\/a><\/li>\n\n    \n\t\n\n<li >\n\t<a href='?page_no=12141'>Next<\/a>\n\t<\/li>\n\n\n    \n\n<li><a href='?page_no=13612'>Last &rsaquo;&rsaquo;<\/a><\/li>\n\n<\/ul>\n\n\n--><br \/>\n<\/body><\/p>\n","protected":false},"excerpt":{"rendered":"<p>El mercurio miente y manipula &#13; \u00a0Por: Narciso Isa Conde, \u00a1Especial para \u201cEl\u00a0Mercurio\u201d y otros &#13; El diario \u201cEl Mercurio\u201d de Chile &#8211; tristemente c\u00e9lebre por su densa participaci\u00f3n en los preparativos del golpe fascista de Pinochet y por su respaldo a ese r\u00e9gimen terrorista durante sus 16 a\u00f1os de existencia, as\u00ed como a sus [&hellip;]<\/p>\n","protected":false},"author":3,"featured_media":0,"comment_status":"open","ping_status":"open","sticky":false,"template":"","format":"standard","meta":{"footnotes":""},"categories":[16],"tags":[],"class_list":["post-36260","post","type-post","status-publish","format-standard","hentry","category-opiniones"],"_links":{"self":[{"href":"https:\/\/diariodominicano.com\/index.php?rest_route=\/wp\/v2\/posts\/36260","targetHints":{"allow":["GET"]}}],"collection":[{"href":"https:\/\/diariodominicano.com\/index.php?rest_route=\/wp\/v2\/posts"}],"about":[{"href":"https:\/\/diariodominicano.com\/index.php?rest_route=\/wp\/v2\/types\/post"}],"author":[{"embeddable":true,"href":"https:\/\/diariodominicano.com\/index.php?rest_route=\/wp\/v2\/users\/3"}],"replies":[{"embeddable":true,"href":"https:\/\/diariodominicano.com\/index.php?rest_route=%2Fwp%2Fv2%2Fcomments&post=36260"}],"version-history":[{"count":0,"href":"https:\/\/diariodominicano.com\/index.php?rest_route=\/wp\/v2\/posts\/36260\/revisions"}],"wp:attachment":[{"href":"https:\/\/diariodominicano.com\/index.php?rest_route=%2Fwp%2Fv2%2Fmedia&parent=36260"}],"wp:term":[{"taxonomy":"category","embeddable":true,"href":"https:\/\/diariodominicano.com\/index.php?rest_route=%2Fwp%2Fv2%2Fcategories&post=36260"},{"taxonomy":"post_tag","embeddable":true,"href":"https:\/\/diariodominicano.com\/index.php?rest_route=%2Fwp%2Fv2%2Ftags&post=36260"}],"curies":[{"name":"wp","href":"https:\/\/api.w.org\/{rel}","templated":true}]}}