{"id":36257,"date":"2008-04-07T14:43:16","date_gmt":"2008-04-07T14:43:16","guid":{"rendered":"http:\/\/diariodominicano.ddns.net\/?p=36257"},"modified":"2008-04-07T14:43:16","modified_gmt":"2008-04-07T14:43:16","slug":"el-tiro-rapido-267","status":"publish","type":"post","link":"https:\/\/diariodominicano.com\/?p=36257","title":{"rendered":"EL TIRO R\u00c1PIDO"},"content":{"rendered":"<p><body><\/p>\n<p><span class=\"titulogrande1\">EL TIRO RAPIDO <\/span><br \/>&#13;<br \/>\n  <br \/>&#13;<br \/>\n    <strong>de<\/strong><br \/>&#13;<br \/>\n  <br \/>&#13;<br \/>\n  <span class=\"textogrande\">Mario Rivadulla<\/span><\/p>\n<p>&#13;<\/p>\n<p align=\"justify\" class=\"text1noticias\">Por m\u00e0s que dicho, repetido y sabido hay que seguir  insistiendo en el punto hasta ver si cala en la conciencia colectiva: la  principal causa de muerte violenta en el pa\u00ecs, desde hace d\u00e9cadas, son los  accidentes de tr\u00e0nsito.<\/p>\n<p>&#13;<\/p>\n<p align=\"justify\" class=\"text1noticias\">Cada a\u00f1o, cientos de personas pierden la vida en el mismo  momento de producirse el hecho.\u00a0 Pero un  n\u00f9mero posiblemente mayor de heridos que es llevado a los\u00a0 hospitales, de preferencia el Dar\u00eco  Contreras, fallece posteriormente debido a la gravedad de sus lesiones.\u00a0 El resultado final es miles de muertes cada  a\u00f1o que, ni por su cantidad ni por la forma tr\u00e1gica en que pierden la vida,  parecen quebrar la indiferencia con que la mayoria de nuestra sociedad enfrenta  esta penosa realidad.<\/p>\n<p>&#13;<\/p>\n<p align=\"justify\" class=\"text1noticias\">No es el \u00f9nico costo.\u00a0  Muchos otros involucrados en accidentes vehiculares, si bien conservan  la vida se ven obligados a arrastrar limitaciones, a veces invalidantes, por  todo el resto de ella debido a esa raz\u00f2n.\u00a0 <\/p>\n<p>&#13;<\/p>\n<p align=\"justify\" class=\"text1noticias\">\u00bfEs que los dominicanos no sabemos conducir?\u00a0 No, precisamente.\u00a0 M\u00e0s bien se trata de que con demasiada  frecuencia ignoramos las normas del tr\u00e0nsito o que las violentamos\u00a0\u00a0 con\u00a0  ol\u00edmpico desprecio para la seguridad propia y ajena.\u00a0 La conclusi\u00f3n se ve fuertemente avalada por  los hechos.\u00a0 Veamos algunos datos.<\/p>\n<p>&#13;<\/p>\n<p align=\"justify\" class=\"text1noticias\">En d\u00ecas recientes, agentes de la AMET realizaron un  ejercicio de comprobaci\u00f3n muy revelador en varias de las principales  intersecciones de la capital.\u00a0 El tiempo  utilizado fue de dos\u00a0 horas y media.  Durante ese tiempo confirmaron nada menos que 629 violaciones a la luz roja de  los correspondientes sem\u00e1foros.<\/p>\n<p>&#13;<\/p>\n<p align=\"justify\" class=\"text1noticias\">Otros datos interesantes en este sentido los aporta el  semanario Clave en su \u00f9ltima edici\u00f3n, Tan solo el pasado a\u00f1o, nada menos que  511 mil 588 conductores fueron sancionados por obstrucci\u00f3n del tr\u00e0nsito.\u00a0 Esta dicho sea de paso, es la infracci\u00f3n m\u00e0s  frecuente que aparece en los registros de AMET.\u00a0  Otros 32 mil 958 resultaron multados por hablar por el celular mientras  conduc\u00edan sus respectivos veh\u00edculos.\u00a0 <\/p>\n<p>&#13;<\/p>\n<p align=\"justify\" class=\"text1noticias\">Vale significar en este \u00f9ltimo caso, al menos, que esa  cantidad de personas sometidas por este tipo de falta es apenas una peque\u00f1a  proporci\u00f3n de quienes,\u00a0 pese a existir  una ley que lo prohibe y al probado riesgo que entra\u00f1a, persisten en hacer uso  del tel\u00e9fono m\u00f3vil con su veh\u00ecculo en movimiento, a\u00f9n en la coyuntura de tener  que hacer una maniobra de mayor cuidado como es el rebase o el doblar de una  calle secundaria hacia una avenida donde fluye una gran cantidad de tr\u00e0nsito.<\/p>\n<p>&#13;<\/p>\n<p align=\"justify\" class=\"text1noticias\">Sobre los problemas de tr\u00e0nsito se han celebrado dos  Seminarios Nacionales. El primero de ellos, hace ya varios lustros, fue  promovido de conjunto por el noticiario Radio Reporte,\u00a0 de La Voz del Tr\u00f3pico, entonces bajo nuestra  direcci\u00f3n, y El Nacional de Ahora, que por esa \u00e8poca era de la propiedad y  estaba al cuidado de Rafael Molina Morillo.\u00a0  Posteriormente, ya en fecha m\u00e0s reciente, se efectu\u00f2 un segundo evento,  fomentado por el colega Bonaparte Gautreaux Pi\u00f1eiro.\u00a0 Tanto en un caso como en el otro se hicieron  aportes muy interesantes y se adoptaron medidas encaminadas a reducir los  accidentes y hacer m\u00e0s seguro el tr\u00e0nsito vehicular.<\/p>\n<p>&#13;<\/p>\n<p align=\"justify\" class=\"text1noticias\">Desde entonces se ha modificado la legislaci\u00f3n sobre el  tr\u00e0nsito con penalidades m\u00e0s severas.\u00a0\u00a0  Se han incrementado las multas; en el caso de llevarse la luz roja de 25  a entre 500 y 800 pesos, de acuerdo al criterio del juez.\u00a0 Se han promovido campa\u00f1as de manejo seguro.  Se montan costosos operativos especiales de seguridad y auxilio en Semana Santa  y el feriado navide\u00f1o.\u00a0 Pero nada de todo  esto parece hacer mella en quienes se obstinan una y otra vez,\u00a0 en desconocer las normas del tr\u00e0nsito y  violar de continuo la ley,\u00a0 con grave  riesgo para su vida y para la vida de otros.<\/p>\n<p>&#13;<\/p>\n<p align=\"justify\" class=\"text1noticias\">\u00bfSe lograr\u00e0 alg\u00fan d\u00eca modificar la inconducta de tantos  choferes irresponsables y reducir el n\u00f9mero de accidentes?\u00a0 Es lo deseable,aunque ahora mismo no aparece  ninguna f\u00f2rmula a la vista que pueda garantizarlo.<\/p>\n<p>&#13;<\/p>\n<p align=\"justify\" class=\"text1noticias\">Mientras tanto, parecer\u00eca que solo nos queda invocar cada  d\u00eca la protecci\u00f2n de la Altagracia al momento de lanzarnos a la aventura de las  v\u00ecas p\u00f9blicas y al final de la jornada, despu\u00e9s de haber sorteado los peligros  de un tr\u00e0nsito homicida y pasado varios sustos, dar gracias al Alt\u00edsimo por el  casi milagro de poder regresar sanos y salvos a nuestros hogares.<\/p>\n<p>&#13;<\/p>\n<h6> 2008-04-07 14:43:16 <\/h6>\n<p><!--\n<link rel=\"stylesheet\" href=\"css\/bootstrap.min.css\">\n\n\n<ul class=\"pagination\">\n\t    \n\t\n\n<li >\n\t<a href='?page_no=12137'>Previous<\/a>\n\t<\/li>\n\n\n       \n    \n\n<li><a href='?page_no=1'>1<\/a><\/li>\n\n\n\n<li><a href='?page_no=2'>2<\/a><\/li>\n\n\n\n<li><a>...<\/a><\/li>\n\n\n\n<li><a href='?page_no=12136'>12136<\/a><\/li>\n\n\n\n<li><a href='?page_no=12137'>12137<\/a><\/li>\n\n\n\n<li class='active'><a>12138<\/a><\/li>\n\n\n\n<li><a href='?page_no=12139'>12139<\/a><\/li>\n\n\n\n<li><a href='?page_no=12140'>12140<\/a><\/li>\n\n\n\n<li><a>...<\/a><\/li>\n\n\n\n<li><a href='?page_no=13611'>13611<\/a><\/li>\n\n\n\n<li><a href='?page_no=13612'>13612<\/a><\/li>\n\n    \n\t\n\n<li >\n\t<a href='?page_no=12139'>Next<\/a>\n\t<\/li>\n\n\n    \n\n<li><a href='?page_no=13612'>Last &rsaquo;&rsaquo;<\/a><\/li>\n\n<\/ul>\n\n\n--><br \/>\n<\/body><\/p>\n","protected":false},"excerpt":{"rendered":"<p>EL TIRO RAPIDO &#13; &#13; de&#13; &#13; Mario Rivadulla &#13; Por m\u00e0s que dicho, repetido y sabido hay que seguir insistiendo en el punto hasta ver si cala en la conciencia colectiva: la principal causa de muerte violenta en el pa\u00ecs, desde hace d\u00e9cadas, son los accidentes de tr\u00e0nsito. &#13; Cada a\u00f1o, cientos de personas [&hellip;]<\/p>\n","protected":false},"author":3,"featured_media":0,"comment_status":"open","ping_status":"open","sticky":false,"template":"","format":"standard","meta":{"footnotes":""},"categories":[16],"tags":[],"class_list":["post-36257","post","type-post","status-publish","format-standard","hentry","category-opiniones"],"_links":{"self":[{"href":"https:\/\/diariodominicano.com\/index.php?rest_route=\/wp\/v2\/posts\/36257","targetHints":{"allow":["GET"]}}],"collection":[{"href":"https:\/\/diariodominicano.com\/index.php?rest_route=\/wp\/v2\/posts"}],"about":[{"href":"https:\/\/diariodominicano.com\/index.php?rest_route=\/wp\/v2\/types\/post"}],"author":[{"embeddable":true,"href":"https:\/\/diariodominicano.com\/index.php?rest_route=\/wp\/v2\/users\/3"}],"replies":[{"embeddable":true,"href":"https:\/\/diariodominicano.com\/index.php?rest_route=%2Fwp%2Fv2%2Fcomments&post=36257"}],"version-history":[{"count":0,"href":"https:\/\/diariodominicano.com\/index.php?rest_route=\/wp\/v2\/posts\/36257\/revisions"}],"wp:attachment":[{"href":"https:\/\/diariodominicano.com\/index.php?rest_route=%2Fwp%2Fv2%2Fmedia&parent=36257"}],"wp:term":[{"taxonomy":"category","embeddable":true,"href":"https:\/\/diariodominicano.com\/index.php?rest_route=%2Fwp%2Fv2%2Fcategories&post=36257"},{"taxonomy":"post_tag","embeddable":true,"href":"https:\/\/diariodominicano.com\/index.php?rest_route=%2Fwp%2Fv2%2Ftags&post=36257"}],"curies":[{"name":"wp","href":"https:\/\/api.w.org\/{rel}","templated":true}]}}