{"id":362507,"date":"2022-06-19T16:26:17","date_gmt":"2022-06-19T20:26:17","guid":{"rendered":"http:\/\/diariodominicano.com\/?p=362507"},"modified":"2022-06-19T16:26:17","modified_gmt":"2022-06-19T20:26:17","slug":"eeuu-conmemora-fin-de-la-esclavitud-con-feriado-nacional","status":"publish","type":"post","link":"https:\/\/diariodominicano.com\/?p=362507","title":{"rendered":"EEUU conmemora fin de la esclavitud con feriado nacional"},"content":{"rendered":"\n<p>Washington, 19 jun (Prensa Latina) Estados Unidos conmemora hoy el 157 aniversario de la declaraci\u00f3n del fin de la esclavitud de forma legal con fiestas e iniciativas que recuerdan la desigualdad racial persistente en la sociedad norteamericana.<\/p>\n\n\n\n<ul class=\"wp-block-list\"><li>junio 19, 2022<\/li><li>CDT09:18 (GMT) -0400<\/li><\/ul>\n\n\n\n<p>Desde el a\u00f1o pasado, la fecha -conocida como Juneteenth- se celebra por primera vez con un d\u00eda feriado, luego de que el presidente Joe Biden firmara la Ley del D\u00eda de la Independencia Nacional.<\/p>\n\n\n\n<p>Con fiestas y algunos m\u00edtines pol\u00edticos, Estados Unidos celebra el verdadero d\u00eda en que todos los ciudadanos fueron libres, expres\u00f3 Gerald Griggs, presidente en Georgia de la Asociaci\u00f3n Nacional para el Progreso de las Personas de Color (Naacp, siglas en ingl\u00e9s).<\/p>\n\n\n\n<p>Para Griggs, Juneteenth es tambi\u00e9n un momento para reflexionar sobre las desigualdades sist\u00e9micas que enfrenta la poblaci\u00f3n negra, como la brecha de riqueza racial, el encarcelamiento desproporcionado y las disparidades de salud de larga data.<\/p>\n\n\n\n<p>De esa forma, este domingo recuerdan que en 1865 el general de divisi\u00f3n de la Uni\u00f3n Gordon Granger proclam\u00f3 la libertad de los esclavos en Texas, porque aunque tres a\u00f1os antes hab\u00edan declarado la emancipaci\u00f3n de los esclavos, la aplicaci\u00f3n de la medida demor\u00f3 en ponerse en pr\u00e1ctica.<\/p>\n\n\n\n<p>Ahora que Juneteenth es feriado nacional, muchos empleados del sector p\u00fablico y privado tienen un d\u00eda libre adicional, que este 2022 disfrutar\u00e1n ma\u00f1ana lunes, mientras las marcas y corporaciones capitalizan el evento con campa\u00f1as publicitarias.<\/p>\n\n\n\n<p>Algunos consideraron absurdo celebrar comercialmente este d\u00eda mientras los afrodescendientes luchan a\u00fan por cuestiones como el derecho al voto o por una reforma policial para evitar v\u00edctimas del racismo y la violencia policial.<\/p>\n\n\n\n<p>Las empresas buscan participar en las celebraciones, pero no entienden o no est\u00e1n interesadas en abordar los problemas sustantivos que este d\u00eda posibilita llamar la atenci\u00f3n, dijo a NBC News Amara Enyia, coordinadora de pol\u00edticas e investigaci\u00f3n del movimiento for Black Lives Matter.<\/p>\n\n\n\n<p>acl\/avr<\/p>\n","protected":false},"excerpt":{"rendered":"<p>Washington, 19 jun (Prensa Latina) Estados Unidos conmemora hoy el 157 aniversario de la declaraci\u00f3n del fin de la esclavitud de forma legal con fiestas e iniciativas que recuerdan la desigualdad racial persistente en la sociedad norteamericana. junio 19, 2022 CDT09:18 (GMT) -0400 Desde el a\u00f1o pasado, la fecha -conocida como Juneteenth- se celebra por [&hellip;]<\/p>\n","protected":false},"author":28,"featured_media":362508,"comment_status":"closed","ping_status":"","sticky":true,"template":"","format":"standard","meta":{"footnotes":""},"categories":[26,23,27],"tags":[],"class_list":["post-362507","post","type-post","status-publish","format-standard","has-post-thumbnail","hentry","category-efemerides","category-internacional","category-portada"],"_links":{"self":[{"href":"https:\/\/diariodominicano.com\/index.php?rest_route=\/wp\/v2\/posts\/362507","targetHints":{"allow":["GET"]}}],"collection":[{"href":"https:\/\/diariodominicano.com\/index.php?rest_route=\/wp\/v2\/posts"}],"about":[{"href":"https:\/\/diariodominicano.com\/index.php?rest_route=\/wp\/v2\/types\/post"}],"author":[{"embeddable":true,"href":"https:\/\/diariodominicano.com\/index.php?rest_route=\/wp\/v2\/users\/28"}],"replies":[{"embeddable":true,"href":"https:\/\/diariodominicano.com\/index.php?rest_route=%2Fwp%2Fv2%2Fcomments&post=362507"}],"version-history":[{"count":1,"href":"https:\/\/diariodominicano.com\/index.php?rest_route=\/wp\/v2\/posts\/362507\/revisions"}],"predecessor-version":[{"id":362509,"href":"https:\/\/diariodominicano.com\/index.php?rest_route=\/wp\/v2\/posts\/362507\/revisions\/362509"}],"wp:featuredmedia":[{"embeddable":true,"href":"https:\/\/diariodominicano.com\/index.php?rest_route=\/wp\/v2\/media\/362508"}],"wp:attachment":[{"href":"https:\/\/diariodominicano.com\/index.php?rest_route=%2Fwp%2Fv2%2Fmedia&parent=362507"}],"wp:term":[{"taxonomy":"category","embeddable":true,"href":"https:\/\/diariodominicano.com\/index.php?rest_route=%2Fwp%2Fv2%2Fcategories&post=362507"},{"taxonomy":"post_tag","embeddable":true,"href":"https:\/\/diariodominicano.com\/index.php?rest_route=%2Fwp%2Fv2%2Ftags&post=362507"}],"curies":[{"name":"wp","href":"https:\/\/api.w.org\/{rel}","templated":true}]}}