{"id":36250,"date":"2008-04-09T18:29:25","date_gmt":"2008-04-09T18:29:25","guid":{"rendered":"http:\/\/diariodominicano.ddns.net\/?p=36250"},"modified":"2008-04-09T18:29:25","modified_gmt":"2008-04-09T18:29:25","slug":"el-mirador-19","status":"publish","type":"post","link":"https:\/\/diariodominicano.com\/?p=36250","title":{"rendered":"EL MIRADOR"},"content":{"rendered":"<p><body><\/p>\n<p align=\"justify\" class=\"text1noticias\"><strong>Quieren que hable Miguel<\/strong><\/p>\n<p>&#13;<\/p>\n<p align=\"justify\" class=\"text1noticias\">En  las tertulias matutinas hasta perredeistas consideraron que el candidato  presidencial del PRD, Miguel Vargas Maldonado debe explicar sus relaciones con  Mart\u00edn Torrijos, cuando desempe\u00f1\u00f3 el cargo de Secretario de Obras P\u00fablicas en  el Gobierno del PRD-PPH, del presidente Hip\u00f3lito Mej\u00eda. En Panam\u00e1 y Rep\u00fablica  Dominicana, distintos sectores quieren saber en qu\u00e9 consist\u00eda la asesor\u00eda\u00a0 que habr\u00eda dado al Ministro Dominicano, por  la que recib\u00eda 25 mil d\u00f3lares mensuales. El PLD ha sometido una instancia en la  Junta Central Electoral, en la que le pide una explicaci\u00f3n de los nexos de  Miguel Vargas Maldonado y Mart\u00edn Torrijos, actual presidente de Panam\u00e1. Y  reclama precise c\u00f3mo Torrijos, propietario del 40% de las acciones de la  empresa\u00a0 Constructores y Consultores S.  A., result\u00f3 ser el beneficiario directo del contrato, fungiendo como asesor del  Secretario de Obras P\u00fablicas, Miguel Vargas Maldonado. El peri\u00f3dico La Prensa  de Panam\u00e1 ha revelado que Torrijos recib\u00eda\u00a0  pagos anuales por un monto de 300 mil d\u00f3lares, pero no se encuentran  registros de los trabajos que habr\u00eda hecho Torrijos como asesor. Lo revelado  nadie lo entiende. En Panam\u00e1 y Rep\u00fablica Dominicana, esperan una explicaci\u00f3n  clara. No se trata de un juego. Los que comparten esa idea piensan que antes  que la JCE, debe hablar de los nexos con Torrijos, el propio ex Ministro de  Obras P\u00fablicas, hoy candidato presidencial del PRD, Miguel Vargas Maldonado. <\/p>\n<p>&#13;<\/p>\n<p align=\"justify\" class=\"text1noticias\"><strong>El pesar de Fidel Santana<\/strong><\/p>\n<p>&#13;<\/p>\n<p align=\"justify\" class=\"text1noticias\">Fidel Santana, la voz  del\u00a0 Foro Social Alternativo, estuvo en  la ma\u00f1ana muy inquieto, pues anoche hab\u00eda declarado a varios medios de comunicaci\u00f3n, que se  sumaron a su coro, que \u201cLa Huelga\u201d, como denominaba la convocatoria al paro de  24 horas a partir de las 6:00 AM de este mi\u00e9rcoles, era un \u00e9xito, es decir,  antes de la hora de su convocatoria dio los resultados de lo que ser\u00eda su  llamado\u00a0 que cuenta con el apoyo del \u00a0candidato presidencial del PRD, Miguel Vargas  Maldonado, Juan Hubieres y otros pol\u00edticos de grupos aliados de la oposici\u00f3n,  pero en la ma\u00f1ana \u00a0de hoy vio lo  contrario. Es decir, que los dominicanos y dominicanas se levantaron \u00a0temprano a realizar sus actividades cotidianas  como un d\u00eda cualquiera. Eso no le gust\u00f3 a Fidel, pues esperaba ver el pa\u00eds  paralizado. Seg\u00fan su criterio, no se logr\u00f3 el objetivo \u00a0porque los medios de comunicaci\u00f3n no apoyaron  la convocatoria a paro. Varias damas, que lo escucharon por radio cuando hizo  la afirmaci\u00f3n, dijeron al un\u00edsono que el l\u00edder del denominado Foro Social  Alternativo es \u201cun gand\u00edo\u201d, porque seg\u00fan el criterio de las mujeres, lo cierto  es que nunca una convocatoria a un paro nacional como la hecha para hoy hab\u00eda  recibido tanto est\u00edmulo\u00a0 de parte\u00a0 de la prensa tradicional, la radio y la  televisi\u00f3n. Llamaron la atenci\u00f3n\u00a0 que  Fidel Santana\u00a0 y los dem\u00e1s voceros del  Foro han recibido\u00a0 un respaldo medi\u00e1tico  hist\u00f3rico. Se entiende porqu\u00e9 se sienten molestos. La mayor\u00eda de la poblaci\u00f3n  le dijo no, a los que buscan crear situaciones dif\u00edciles en el pa\u00eds cuando  faltan 37 d\u00edas para las elecciones presidenciales\u00a0 del pr\u00f3ximo 16 de mayo. Con el rechazo al  paro los\u00a0 dominicanos y dominicanas  reafirman que no quieren retroceder, ni detener el proceso de recuperaci\u00f3n, que  viven desde el 16 de agosto de 2004. \u00a0Fidel Santana piensa que lograron otro \u00e9xito,  pero la verdad es que de nuevo el Foro y los aliados fracasaron en su intento  por paralizar el pa\u00eds.<\/p>\n<p>&#13;<\/p>\n<p align=\"justify\" class=\"text1noticias\"><strong>El pa\u00eds no quiere aventura<\/strong><\/p>\n<p>&#13;<\/p>\n<p align=\"justify\" class=\"text1noticias\">El fracaso del Foro Social  Alternativo en sus esfuerzos por\u00a0  paralizar el pa\u00eds, con el apoyo del candidato presidencial del PRD,  Miguel Vargas Maldonado\u00a0 y aliados, dej\u00f3  claro que el pa\u00eds repudia a los aventureros que no respetan la voluntad  popular. El rechazo es una manifestaci\u00f3n de reconocimiento a la obra de  Gobierno del presidente Leonel Fern\u00e1ndez, que en menos de cuatro a\u00f1os ha  logrado impulsar un proceso de recuperaci\u00f3n nacional que dej\u00f3 atr\u00e1s la grave  crisis econ\u00f3mica \u00a0que dej\u00f3 como legado el  Gobierno del PRD-PPH 2000-2004. Los dominicanos reconocen que el presidente  Fern\u00e1ndez garantiza la estabilidad macroecon\u00f3mica, as\u00ed como el crecimiento\u00a0 de la econom\u00eda y una pol\u00edtica social que no  tiene precedentes en el pa\u00eds. A pesar del impacto de\u00a0 las alzas del petr\u00f3leo y dos tormentas, la  econom\u00eda crece y se han creado m\u00e1s de 400 mil nuevos empleos, 400 mil familias  tienen la Tarjeta Solidaridad, y m\u00e1s de dos millones de dominicanos y  dominicanas est\u00e1n incluidos en el seguro familiar de Salud: en el r\u00e9gimen  contributivo y en el r\u00e9gimen subsidiado. El presidente Fern\u00e1ndez ha anunciado  que la meta es el n\u00famero de asegurados a m\u00e1s de 6 millones personas en los  pr\u00f3ximos a\u00f1os. La poblaci\u00f3n que sufri\u00f3 el Gobierno de la inflaci\u00f3n, la  devaluaci\u00f3n de la moneda, las p\u00e9rdidas de empleos y los actos de intolerancia,  aprecia una administraci\u00f3n que respeta los derechos humanos. El intento de  paralizar el pa\u00eds permiti\u00f3 apreciar la importancia de un Gobierno tolerante. A  pesar de las provocaciones ha garantizado \u00a0el orden y por ello el pueblo pudo hoy  sentirse estimulados a rechazar a los aventureros que apuestan al desorden. Dijo  no a los que quieren\u00a0 caos. Que no digan  ahora que el paro fue parcial. \u00a0La verdad  es que fracasaron en su plan obligar a un paro nacional, a pesar de que se  movieron en busca de lo peor, como se comprob\u00f3 en el municipio de Navarrete. \u00a0El pa\u00eds espera que se establezcan  responsabilidades.\u00a0 Los agresores no  pueden ser protegidos por la impunidad. El pa\u00eds apuesta a seguir adelante. No  quiere retroceder. <\/p>\n<p>&#13;<\/p>\n<p align=\"justify\" class=\"text1noticias\"><strong>Para los que llevan anotaciones<\/strong><\/p>\n<p>&#13;<\/p>\n<p align=\"justify\" class=\"text1noticias\">Los bancos comerciales, y las  grandes tiendas de la Capital y las ciudades de provincias abrieron como de  costumbre. Los chiriperos se movilizaron al promediar la ma\u00f1ana. Viven en  barrios marginados\u00a0 y salieron con  retraso por temor a los violentos. De nuevo qued\u00f3 claro que una convocatoria a  paro s\u00f3lo afecta a los m\u00e1s pobres.\u00a0<br \/>&#13;<br \/>\n  <br \/> &#13;<br \/>\nEn  los lugares donde residen\u00a0 los sectores  de mayores ingresos la convocatoria no tuvo ning\u00fan efecto que perjudicara a sus  vecinos.<\/p>\n<p>&#13;<\/p>\n<p align=\"justify\" class=\"text1noticias\"><strong>Abril de 1984<\/strong><\/p>\n<p>&#13;<\/p>\n<p align=\"justify\" class=\"text1noticias\">Hay asesores que trabajan  para el candidato presidencial del PRD, Miguel Vargas Maldonado, que\u00a0 mantienen la idea de \u00a0promover actividades que generen violencia.  Parten de la premisa de que se podr\u00edan crear situaciones que den lugar a una  matanza como la del Gobierno del PRD que encabez\u00f3 Salvador Jorge Blanco durante  el per\u00edodo 1982-1986. Los que piensan de esa manera son ignorantes de la  historia. No saben que hechos similares s\u00f3lo se dan cuando hay actores y  realidades iguales. El Gobierno del PRD de Jorge Blanco, empobreci\u00f3 a los  dominicanos, devalu\u00f3 el peso dominicano y fue un r\u00e9gimen intolerante. Cerr\u00f3  estaciones de radio, persigui\u00f3 periodistas por sus ideas y a Rafael Bonilla  Aybar lo encarcel\u00f3 \u00a0en solitaria durante  once d\u00edas por opinar contra actos oficiales. Para esa administraci\u00f3n una  jornada de protesta era un espacio para reprimir. En contraposici\u00f3n, el pa\u00eds  tiene hoy \u00a0el Gobierno del PLD, del  presidente Leonel Fern\u00e1ndez, tolerante y respetuoso de las ideas y el derecho a  la protesta. <br \/>&#13;<br \/>\n  <br \/>&#13;<br \/>\nLa poblaci\u00f3n ha podido apreciar el fracaso de la convocatoria del  Foro Social Alternativo con el apoyo del candidato presidencial del PRD, porque  \u00a0ninguna instancia gubernamental impidi\u00f3  las actividades de sus dirigentes. En los diarios, la radio y la televisi\u00f3n  lograron los espacios que pidieron para su llamado a un paro nacional, pero la  poblaci\u00f3n lo rechaz\u00f3 porque no cree en los diablos que se visten de \u00e1ngeles. El  pa\u00eds es peque\u00f1o. Aunque luzcan disfraces, en campos y ciudades hay un registro  de sus acciones. Por ello, el apoyo que dio el candidato presidencial del PRD a  la convocatoria provoc\u00f3 un mayor rechazo en la comunidad nacional. \u00a0Con su apoyo no dej\u00f3 duda de que \u00a0es una\u00a0  estrella del PRD-PPH, el Ministro de Obras P\u00fablicas del Gobierno del  PRD-PPH 2000-2004.-<\/p>\n<p>&#13;<\/p>\n<h6> 2008-04-09 18:29:25 <\/h6>\n<p><!--\n<link rel=\"stylesheet\" href=\"css\/bootstrap.min.css\">\n\n\n<ul class=\"pagination\">\n\t    \n\t\n\n<li >\n\t<a href='?page_no=12130'>Previous<\/a>\n\t<\/li>\n\n\n       \n    \n\n<li><a href='?page_no=1'>1<\/a><\/li>\n\n\n\n<li><a href='?page_no=2'>2<\/a><\/li>\n\n\n\n<li><a>...<\/a><\/li>\n\n\n\n<li><a href='?page_no=12129'>12129<\/a><\/li>\n\n\n\n<li><a href='?page_no=12130'>12130<\/a><\/li>\n\n\n\n<li class='active'><a>12131<\/a><\/li>\n\n\n\n<li><a href='?page_no=12132'>12132<\/a><\/li>\n\n\n\n<li><a href='?page_no=12133'>12133<\/a><\/li>\n\n\n\n<li><a>...<\/a><\/li>\n\n\n\n<li><a href='?page_no=13611'>13611<\/a><\/li>\n\n\n\n<li><a href='?page_no=13612'>13612<\/a><\/li>\n\n    \n\t\n\n<li >\n\t<a href='?page_no=12132'>Next<\/a>\n\t<\/li>\n\n\n    \n\n<li><a href='?page_no=13612'>Last &rsaquo;&rsaquo;<\/a><\/li>\n\n<\/ul>\n\n\n--><br \/>\n<\/body><\/p>\n","protected":false},"excerpt":{"rendered":"<p>Quieren que hable Miguel &#13; En las tertulias matutinas hasta perredeistas consideraron que el candidato presidencial del PRD, Miguel Vargas Maldonado debe explicar sus relaciones con Mart\u00edn Torrijos, cuando desempe\u00f1\u00f3 el cargo de Secretario de Obras P\u00fablicas en el Gobierno del PRD-PPH, del presidente Hip\u00f3lito Mej\u00eda. En Panam\u00e1 y Rep\u00fablica Dominicana, distintos sectores quieren saber [&hellip;]<\/p>\n","protected":false},"author":3,"featured_media":0,"comment_status":"open","ping_status":"open","sticky":false,"template":"","format":"standard","meta":{"footnotes":""},"categories":[16],"tags":[],"class_list":["post-36250","post","type-post","status-publish","format-standard","hentry","category-opiniones"],"_links":{"self":[{"href":"https:\/\/diariodominicano.com\/index.php?rest_route=\/wp\/v2\/posts\/36250","targetHints":{"allow":["GET"]}}],"collection":[{"href":"https:\/\/diariodominicano.com\/index.php?rest_route=\/wp\/v2\/posts"}],"about":[{"href":"https:\/\/diariodominicano.com\/index.php?rest_route=\/wp\/v2\/types\/post"}],"author":[{"embeddable":true,"href":"https:\/\/diariodominicano.com\/index.php?rest_route=\/wp\/v2\/users\/3"}],"replies":[{"embeddable":true,"href":"https:\/\/diariodominicano.com\/index.php?rest_route=%2Fwp%2Fv2%2Fcomments&post=36250"}],"version-history":[{"count":0,"href":"https:\/\/diariodominicano.com\/index.php?rest_route=\/wp\/v2\/posts\/36250\/revisions"}],"wp:attachment":[{"href":"https:\/\/diariodominicano.com\/index.php?rest_route=%2Fwp%2Fv2%2Fmedia&parent=36250"}],"wp:term":[{"taxonomy":"category","embeddable":true,"href":"https:\/\/diariodominicano.com\/index.php?rest_route=%2Fwp%2Fv2%2Fcategories&post=36250"},{"taxonomy":"post_tag","embeddable":true,"href":"https:\/\/diariodominicano.com\/index.php?rest_route=%2Fwp%2Fv2%2Ftags&post=36250"}],"curies":[{"name":"wp","href":"https:\/\/api.w.org\/{rel}","templated":true}]}}