{"id":36249,"date":"2008-04-10T15:13:34","date_gmt":"2008-04-10T15:13:34","guid":{"rendered":"http:\/\/diariodominicano.ddns.net\/?p=36249"},"modified":"2008-04-10T15:13:34","modified_gmt":"2008-04-10T15:13:34","slug":"el-tiro-rapido-266","status":"publish","type":"post","link":"https:\/\/diariodominicano.com\/?p=36249","title":{"rendered":"EL TIRO R\u00c1PIDO"},"content":{"rendered":"<p><body><\/p>\n<h1 align=\"center\" class=\"titulogrande1\">EL TIRO RAPIDO<\/h1>\n<p>&#13;<\/p>\n<p align=\"center\"><strong>de<\/strong><br \/>&#13;<br \/>\n  <br \/>&#13;<br \/>\n    <span class=\"textogrande\">Mario  Rivadulla<\/span><\/p>\n<p>&#13;<\/p>\n<p align=\"justify\" class=\"text1noticias\">El Grupo de Comunicaci\u00f2n Corripio, sin discusi\u00f2n el m\u00e0s  importante que existe en el pa\u00ecs por la\u00a0  diversidad de medios y cobertura con que cuenta as\u00ec como el alto nivel  de profesionalidad del personal period\u00ecstico que labora en el mismo, merece una  c\u00e0lida felicitaci\u00f2n.\u00a0 Esto as\u00ec, por su  oportuna iniciativa de presentar por separado, en foro abierto al pa\u00ecs y en  condiciones igualitarias, a los siete candidatos presidenciales que est\u00e0n  registrados en la Junta Central Electoral con vistas a las elecciones del  pr\u00f2ximo 16 de Mayo.<\/p>\n<p>&#13;<\/p>\n<p align=\"justify\" class=\"text1noticias\">A poco del inicio de la campa\u00f1a electoral se hab\u00eca  planteado la alegada conveniencia de un debate entre los diferentes aspirantes  a la Primera Magistratura, tal como se efect\u00f9a en los Estados Unidos y en otros  pa\u00ecses de r\u00e8gimen democr\u00e0tico. Ellos permiten aquilatar tanto el contenido y  alcance de los programas de gobierno que enarbolan como su capacidad  intelectual y ejecutiva para exponerlos ante el pa\u00ecs y llevarlos a posterior  realizaci\u00f2n. <\/p>\n<p>&#13;<\/p>\n<p align=\"justify\" class=\"text1noticias\">Eso hubiera sido lo ideal.<\/p>\n<p>&#13;<\/p>\n<p align=\"justify\" class=\"text1noticias\">Sin embargo, contrario a la opini\u00f2n de muchos que abogaban  por dicho debate, por nuestra parte no encendimos velas a favor del montaje de  un encuentro de esta naturaleza.\u00a0\u00a0 La  raz\u00f2n que ve\u00ecamos como obst\u00e0culo,\u00a0 era  que el sesgo tomado por el discurso de campa\u00f1a, focalizado m\u00e0s en la denuncia y  la descalificaci\u00f2n personal que en la presentaci\u00f2n de soluciones y respuestas  viables a los problemas nacionales, conllevaba el riesgo de convertir lo que  debe ser un ejercicio constructivo y responsable de orientaci\u00f2n al pa\u00ecs, en un  improductivo torneo de acusaciones y contrar\u00e8plicas, y hasta en un momento de  pasi\u00f2n desbordada, de posible confrontaci\u00f2n personal.<\/p>\n<p>&#13;<\/p>\n<p align=\"justify\" class=\"text1noticias\">M\u00e0s sensato y provechoso, bajos tales circunstancias,\u00a0 estimamos es esta modalidad a que ha apelado  sabiamente el Grupo Corripio.\u00a0 De esta  forma, cada candidato, sometido al interrogatorio inteligente y desapasionado  de un grupo de muy valiosos colegas de la prensa focalizado en los principales  males que nos aquejan, puede dar respuestas concretas a problemas de  importancia capital. Y de igual modo, exponer la forma en que, a falta de  varitas m\u00e0gicas, piensan solucionarlos. <\/p>\n<p>&#13;<\/p>\n<p align=\"justify\" class=\"text1noticias\">Las encuestas que han venido patrocinando los diferentes  medios de comunicaci\u00f2n, realizadas por firmas de reconocido prestigio  internacional, al margen de las intenciones de voto atribu\u00ecdas a cada candidato  que siempre son objeto de cuestionamiento por los menos favorecidos, han  auscultado tambi\u00e8n los principales motivos de queja de la poblaci\u00f2n as\u00ec como  identificado sus prioridades.\u00a0  Pr\u00e0cticamente todas coinciden en los mismos temas.\u00a0 De cabecera, la necesidad de crear empleos  para la gran masa de desocupados que tenemos.\u00a0  De siguiente, las quejas por las alzas en el costo de la vida.\u00a0 La seguridad ciudadana y los apagones, son  otros dos aspectos que siempre aparecen en primera fila en los sondeos.<\/p>\n<p>&#13;<\/p>\n<p align=\"justify\" class=\"text1noticias\">Son buenos indicativos.\u00a0  Se\u00f1ales de por d\u00f2nde anda el sentir primario de la gente.\u00a0 Cuestiones que deben ser objeto b\u00e0sico del  discurso de campa\u00f1a, muchas veces orientado por rumbos torcidos. Son  precisamente los que se han estado poniendo de relieve en las comparecencias  promovidas por el Grupo de Comunicaci\u00f2n Corripio.<\/p>\n<p>&#13;<\/p>\n<p align=\"justify\" class=\"text1noticias\">El ciclo de presentaciones lo inaugur\u00f2 Amable Aristy  Castro.\u00a0 Le sigui\u00f2 el ingeniero Miguel  Vargas Maldonado, quien compareci\u00f2 ayer.\u00a0  Hoy lo hizo el Presidente Leonel Fern\u00e0ndez, que contrario a su  costumbre, sus tardanzas se han hecho famosas, lleg\u00f2 a la a la cita a la hora  establecida, para poder ser transmitida en cadena por varios canales de  televisi\u00f2n y radio.\u00a0 Los dem\u00e0s: Eduardo  Estrella, Trajano Santana, Pedro de Jes\u00f9s Candelier y Guillermo Moreno tendr\u00e0n  oportunidad de hacerlo en d\u00ecas sucesivos.<\/p>\n<p>&#13;<\/p>\n<p align=\"justify\" class=\"text1noticias\">Se trata de un oportuno y enriquecedor ejercicio de  comunicaci\u00f2n al pa\u00ecs por parte de los aspirantes que se disputar\u00e0n la Primera  Magistratura en las urnas el pr\u00f2ximo 16 de Mayo.\u00a0 Una forma de reorientar el discurso pol\u00ectico  por la senda constructiva por la que debi\u00f2 marchar desde el principio.\u00a0 Una modalidad en fin, de ese debate cara a  cara de los candidatos que no nos luc\u00eca prudente bajo las presentes  circunstancias, pero que sin dudas deber\u00e0 pasar a formar parte del ejercicio  pol\u00ectico futuro cuando podamos sustituir el modelo obsoleto y cavernario en que  se desarrolla al presente.<\/p>\n<p>&#13;<\/p>\n<p align=\"justify\" class=\"text1noticias\">Mientras tanto, hay que decir:\u00a0 bien por don Pep\u00ecn Corripio y su prestigioso  grupo de comunicaci\u00f2n por esta oportuna iniciativa que constituye una valiosa  muestra de saludable expresi\u00f2n`democr\u00e0tica.<\/p>\n<p>&#13;<\/p>\n<h6> 2008-04-10 15:13:34 <\/h6>\n<p><!--\n<link rel=\"stylesheet\" href=\"css\/bootstrap.min.css\">\n\n\n<ul class=\"pagination\">\n\t    \n\t\n\n<li >\n\t<a href='?page_no=12129'>Previous<\/a>\n\t<\/li>\n\n\n       \n    \n\n<li><a href='?page_no=1'>1<\/a><\/li>\n\n\n\n<li><a href='?page_no=2'>2<\/a><\/li>\n\n\n\n<li><a>...<\/a><\/li>\n\n\n\n<li><a href='?page_no=12128'>12128<\/a><\/li>\n\n\n\n<li><a href='?page_no=12129'>12129<\/a><\/li>\n\n\n\n<li class='active'><a>12130<\/a><\/li>\n\n\n\n<li><a href='?page_no=12131'>12131<\/a><\/li>\n\n\n\n<li><a href='?page_no=12132'>12132<\/a><\/li>\n\n\n\n<li><a>...<\/a><\/li>\n\n\n\n<li><a href='?page_no=13611'>13611<\/a><\/li>\n\n\n\n<li><a href='?page_no=13612'>13612<\/a><\/li>\n\n    \n\t\n\n<li >\n\t<a href='?page_no=12131'>Next<\/a>\n\t<\/li>\n\n\n    \n\n<li><a href='?page_no=13612'>Last &rsaquo;&rsaquo;<\/a><\/li>\n\n<\/ul>\n\n\n--><br \/>\n<\/body><\/p>\n","protected":false},"excerpt":{"rendered":"<p>EL TIRO RAPIDO &#13; de&#13; &#13; Mario Rivadulla &#13; El Grupo de Comunicaci\u00f2n Corripio, sin discusi\u00f2n el m\u00e0s importante que existe en el pa\u00ecs por la\u00a0 diversidad de medios y cobertura con que cuenta as\u00ec como el alto nivel de profesionalidad del personal period\u00ecstico que labora en el mismo, merece una c\u00e0lida felicitaci\u00f2n.\u00a0 Esto as\u00ec, [&hellip;]<\/p>\n","protected":false},"author":3,"featured_media":0,"comment_status":"open","ping_status":"open","sticky":false,"template":"","format":"standard","meta":{"footnotes":""},"categories":[16],"tags":[],"class_list":["post-36249","post","type-post","status-publish","format-standard","hentry","category-opiniones"],"_links":{"self":[{"href":"https:\/\/diariodominicano.com\/index.php?rest_route=\/wp\/v2\/posts\/36249","targetHints":{"allow":["GET"]}}],"collection":[{"href":"https:\/\/diariodominicano.com\/index.php?rest_route=\/wp\/v2\/posts"}],"about":[{"href":"https:\/\/diariodominicano.com\/index.php?rest_route=\/wp\/v2\/types\/post"}],"author":[{"embeddable":true,"href":"https:\/\/diariodominicano.com\/index.php?rest_route=\/wp\/v2\/users\/3"}],"replies":[{"embeddable":true,"href":"https:\/\/diariodominicano.com\/index.php?rest_route=%2Fwp%2Fv2%2Fcomments&post=36249"}],"version-history":[{"count":0,"href":"https:\/\/diariodominicano.com\/index.php?rest_route=\/wp\/v2\/posts\/36249\/revisions"}],"wp:attachment":[{"href":"https:\/\/diariodominicano.com\/index.php?rest_route=%2Fwp%2Fv2%2Fmedia&parent=36249"}],"wp:term":[{"taxonomy":"category","embeddable":true,"href":"https:\/\/diariodominicano.com\/index.php?rest_route=%2Fwp%2Fv2%2Fcategories&post=36249"},{"taxonomy":"post_tag","embeddable":true,"href":"https:\/\/diariodominicano.com\/index.php?rest_route=%2Fwp%2Fv2%2Ftags&post=36249"}],"curies":[{"name":"wp","href":"https:\/\/api.w.org\/{rel}","templated":true}]}}