{"id":36247,"date":"2008-04-11T02:24:45","date_gmt":"2008-04-11T02:24:45","guid":{"rendered":"http:\/\/diariodominicano.ddns.net\/?p=36247"},"modified":"2008-04-11T02:24:45","modified_gmt":"2008-04-11T02:24:45","slug":"la-europa-del-capital-y-la-pobreza-infantil","status":"publish","type":"post","link":"https:\/\/diariodominicano.com\/?p=36247","title":{"rendered":"La Europa del capital y la pobreza infantil"},"content":{"rendered":"<p><body><\/p>\n<p align=\"left\" class=\"text1noticias\">An\u00e1lisis Pol\u00edtico y  Social Nacional e Internacional<br \/>&#13;<br \/>\n  <br \/>&#13;<br \/>\n   De  Venezuela y el Resto del Mundo.<br \/>&#13;<br \/>\n   <br \/>&#13;<br \/>\n Director:  Diego Olivera. Jefe de Redacci\u00f3n: Miguel Guaglianone<\/p>\n<p>&#13;<\/p>\n<p class=\"text1noticias\">UNICEF  examin\u00f3 la pobreza infantil en 21 pa\u00edses del norte industrializado<\/p>\n<p>&#13;<\/p>\n<p class=\"titulogrande1\"><strong>La   Europa del capital y la pobreza infantil<\/strong><\/p>\n<p>&#13;<\/p>\n<p align=\"justify\"><strong>Por<\/strong> <span class=\"textogrande\">Eduardo  Andrade Bone<\/span><br \/>&#13;<br \/>\n  <br \/>&#13;<br \/>\n    <span class=\"text1noticias\">Siempre  los medios de comunicaci\u00f3n de centro derecha y que est\u00e1n al servicio del modelo  econ\u00f3mico capitalista neoliberal, despliegan grandes esfuerzos en mostrar a  pa\u00edses como Estados Unidos y Europa, como naciones id\u00edlicas, donde los grandes  problemas sociales estar\u00edan pr\u00e1cticamente resueltos, vales decir los relativos  a un trabajo estable, seguro y bien remunerado, con acceso a una vivienda  digna, servicio de salud eficientes, educaci\u00f3n de calidad, pensiones dignas y  donde los ni\u00f1os vivir\u00edan felices.\u00a0<br \/>&#13;<br \/>\n    <br \/>&#13;<br \/>\n    Sin  embargo recientemente un informe del Parlamento Europeo nos indica todo lo  contrario, pues alrededor de 19 millones de ni\u00f1os viven en la pobreza, lo que  representan el 20% de la poblaci\u00f3n\u00a0 menor de 18 a\u00f1os de la Uni\u00f3n Europea, o sea  una quinta parte de la poblaci\u00f3n que circunda el mundo infantil. Esto sin  agregar la pobreza que se vive en el mundo\u00a0 de los adultos y la\u00a0  gente que se encuentra en la tercera edad.\u00a0<br \/>&#13;<br \/>\n    <br \/>&#13;<br \/>\n    La  europarlamentaria Gabriele Zimmer ha expresado que la estad\u00edstica era casi  incre\u00edble\u00a0 y advirti\u00f3 que ser\u00eda mayor si se incluyera a los ni\u00f1os que  solicitan asilo y a los inmigrantes indocumentados, los que viven una situaci\u00f3n  degradante en los pa\u00edses de \u201cacogida\u201d.\u00a0<br \/>&#13;<br \/>\n    <br \/>&#13;<br \/>\n    La  parlamentaria Zimmer, quien prepara un documento oficial para el Parlamento  Europeo sobre pobreza infantil en la   Europa de los pa\u00edses m\u00e1s industrializados, consider\u00f3 que la  inversi\u00f3n para el bienestar de los ni\u00f1os var\u00eda considerablemente entre los 27  pa\u00edses del bloque.\u00a0<br \/>&#13;<br \/>\n    <br \/>&#13;<br \/>\n    El  grupo parlamentario que ha elaborado el informe ha propuesto establecer metas  comunes, para lo cual los presupuestos en educaci\u00f3n, salud y vivienda  destinados a la infancia deben ser reexaminados, puesto que en muchos pa\u00edses de  la UE son  insuficientes. Gabriela Zimmer agreg\u00f3 que se necesita una discusi\u00f3n sobre el  nivel\u00a0 de m\u00ednima subsistencia de los ni\u00f1os, esto es muy necesario,  enfatiz\u00f3.\u00a0<br \/>&#13;<br \/>\n    <br \/>&#13;<br \/>\n    Ya  anteriormente, un estudio publicado el a\u00f1o pasado por el Fondo de las Naciones  Unidas para la Infancia  (UNICEF) examin\u00f3 la pobreza infantil en 21 pa\u00edses del norte industrializado, en  su mayor\u00eda de Europa. Los resultados de la investigaci\u00f3n dieron a conocer que  la situaci\u00f3n era mejor en Dinamarca, Finlandia, Islandia, Noruega y Suecia,  pero los pa\u00edses que mostraban situaciones m\u00e1s negativas y comprometida con la  pobreza que se vive en el mundo de los infantes, eran Portugal, Espa\u00f1a, Italia,  Irlanda y Gran Breta\u00f1a.\u00a0<br \/>&#13;<br \/>\n    <br \/>&#13;<br \/>\n    Cabe  agregar finalmente que desde la desaparici\u00f3n del denominado campo socialista  europeo las condiciones de vida de los ni\u00f1os, de los adultos y pensionados que  forman parte de los sectores sociales de menores ingresos de la Uni\u00f3n Europea, se ha  deteriorado notablemente. \u00a0<br \/>&#13;<br \/>\n    <br \/>&#13;<br \/>\n    Ahora  los pa\u00edses que implementaron pol\u00edticas socialdem\u00f3cratas para paliar la situaci\u00f3n  de los m\u00e1s pobres, en los conocidos Estados llamados del bienestar, desde que  comenz\u00f3 la aplicaci\u00f3n del sistema econ\u00f3mico neoliberal a ultranza, tambi\u00e9n se  comenz\u00f3 con\u00a0 la desmantelaci\u00f3n de esas  mejores condiciones de vida, que ha determinado un crecimiento mayor de la  pobreza en los m\u00e1s diversos pa\u00edses que forman parte del viejo continente.\u00a0<br \/>&#13;<br \/>\n    <br \/>&#13;<br \/>\n    De  all\u00ed que el neoliberalismo econ\u00f3mico en Europa, como en otros pa\u00edses del mundo,  ha significado un crecimiento de las injusticias y desigualdades sociales, en donde  tambi\u00e9n crece la brecha entre ricos y pobres, que afecta de manera especial a  los ni\u00f1os y j\u00f3venes que proceden de los estratos sociales de menores ingresos.  O sea que la solidaridad de la sociedad europea con el mundo infantil, as\u00ed como  sus derechos humanos o del ni\u00f1o, no son respetados y menos garantizados. <br \/>&#13;<br \/>\n    <br \/>&#13;<br \/>\n    Mientras  tanto los sectores sociales de mayores ingresos, los m\u00e1s pudientes y los m\u00e1s  ricos viven sus d\u00edas como en Sodoma y Gomorra junto a su modelo econ\u00f3mico  degradante y en descomposici\u00f3n.\u00a0<br \/>&#13;<br \/>\n    <br \/>&#13;<br \/>\nE-mail: edomalme@gmail.com<\/span><\/p>\n<p>&#13;<\/p>\n<p align=\"justify\">\u00a0<\/p>\n<p>&#13;<br \/>\n&#13;<br \/>\nFuente: Bar\u00f3metro Internacional<\/p>\n<h6> 2008-04-11 02:24:45 <\/h6>\n<p><!--\n<link rel=\"stylesheet\" href=\"css\/bootstrap.min.css\">\n\n\n<ul class=\"pagination\">\n\t    \n\t\n\n<li >\n\t<a href='?page_no=12128'>Previous<\/a>\n\t<\/li>\n\n\n       \n    \n\n<li><a href='?page_no=1'>1<\/a><\/li>\n\n\n\n<li><a href='?page_no=2'>2<\/a><\/li>\n\n\n\n<li><a>...<\/a><\/li>\n\n\n\n<li><a href='?page_no=12127'>12127<\/a><\/li>\n\n\n\n<li><a href='?page_no=12128'>12128<\/a><\/li>\n\n\n\n<li class='active'><a>12129<\/a><\/li>\n\n\n\n<li><a href='?page_no=12130'>12130<\/a><\/li>\n\n\n\n<li><a href='?page_no=12131'>12131<\/a><\/li>\n\n\n\n<li><a>...<\/a><\/li>\n\n\n\n<li><a href='?page_no=13611'>13611<\/a><\/li>\n\n\n\n<li><a href='?page_no=13612'>13612<\/a><\/li>\n\n    \n\t\n\n<li >\n\t<a href='?page_no=12130'>Next<\/a>\n\t<\/li>\n\n\n    \n\n<li><a href='?page_no=13612'>Last &rsaquo;&rsaquo;<\/a><\/li>\n\n<\/ul>\n\n\n--><br \/>\n<\/body><\/p>\n","protected":false},"excerpt":{"rendered":"<p>An\u00e1lisis Pol\u00edtico y Social Nacional e Internacional&#13; &#13; De Venezuela y el Resto del Mundo.&#13; &#13; Director: Diego Olivera. Jefe de Redacci\u00f3n: Miguel Guaglianone &#13; UNICEF examin\u00f3 la pobreza infantil en 21 pa\u00edses del norte industrializado &#13; La Europa del capital y la pobreza infantil &#13; Por Eduardo Andrade Bone&#13; &#13; Siempre los medios de [&hellip;]<\/p>\n","protected":false},"author":3,"featured_media":0,"comment_status":"open","ping_status":"open","sticky":false,"template":"","format":"standard","meta":{"footnotes":""},"categories":[16],"tags":[],"class_list":["post-36247","post","type-post","status-publish","format-standard","hentry","category-opiniones"],"_links":{"self":[{"href":"https:\/\/diariodominicano.com\/index.php?rest_route=\/wp\/v2\/posts\/36247","targetHints":{"allow":["GET"]}}],"collection":[{"href":"https:\/\/diariodominicano.com\/index.php?rest_route=\/wp\/v2\/posts"}],"about":[{"href":"https:\/\/diariodominicano.com\/index.php?rest_route=\/wp\/v2\/types\/post"}],"author":[{"embeddable":true,"href":"https:\/\/diariodominicano.com\/index.php?rest_route=\/wp\/v2\/users\/3"}],"replies":[{"embeddable":true,"href":"https:\/\/diariodominicano.com\/index.php?rest_route=%2Fwp%2Fv2%2Fcomments&post=36247"}],"version-history":[{"count":0,"href":"https:\/\/diariodominicano.com\/index.php?rest_route=\/wp\/v2\/posts\/36247\/revisions"}],"wp:attachment":[{"href":"https:\/\/diariodominicano.com\/index.php?rest_route=%2Fwp%2Fv2%2Fmedia&parent=36247"}],"wp:term":[{"taxonomy":"category","embeddable":true,"href":"https:\/\/diariodominicano.com\/index.php?rest_route=%2Fwp%2Fv2%2Fcategories&post=36247"},{"taxonomy":"post_tag","embeddable":true,"href":"https:\/\/diariodominicano.com\/index.php?rest_route=%2Fwp%2Fv2%2Ftags&post=36247"}],"curies":[{"name":"wp","href":"https:\/\/api.w.org\/{rel}","templated":true}]}}