{"id":36246,"date":"2008-04-11T02:29:48","date_gmt":"2008-04-11T02:29:48","guid":{"rendered":"http:\/\/diariodominicano.ddns.net\/?p=36246"},"modified":"2008-04-11T02:29:48","modified_gmt":"2008-04-11T02:29:48","slug":"9-de-abril-de-irak-a-bolivia","status":"publish","type":"post","link":"https:\/\/diariodominicano.com\/?p=36246","title":{"rendered":"9 de Abril: de Irak a Bolivia"},"content":{"rendered":"<p><body><\/p>\n<p align=\"left\" class=\"text1noticias\">An\u00e1lisis Pol\u00edtico y  Social Nacional e Internacional<br \/>&#13;<br \/>\n  <br \/>&#13;<br \/>\n De  Venezuela y el Resto del Mundo.<br \/>&#13;<br \/>\n <br \/>&#13;<br \/>\n Director:  Diego Olivera. Jefe de Redacci\u00f3n: Miguel Guaglianone<\/p>\n<p>&#13;<\/p>\n<p><span class=\"text1noticias\">En Irak ha crecido la guerra fratricida<\/span><br \/>&#13;<br \/>\n  \u00a0\u00a0\u00a0\u00a0\u00a0\u00a0\u00a0\u00a0\u00a0\u00a0\u00a0\u00a0\u00a0\u00a0\u00a0\u00a0\u00a0\u00a0 <strong> <\/strong><br \/>&#13;<br \/>\n  <strong class=\"titulogrande1\">9 de Abril: de Irak a Bolivia<\/strong><\/p>\n<p>&#13;<\/p>\n<p align=\"justify\"><strong>Por <\/strong><span class=\"textogrande\">Isaac Bigio <\/span><br \/>&#13;<br \/>\n  <br \/>&#13;<br \/>\n    <span class=\"text1noticias\">Hace 5 a\u00f1os los EEUU lideraron la  principal intervenci\u00f3n militar en la post-guerra fr\u00eda. Su objetivo era  consolidar su predominio como la \u00fanica mega-potencia para poder presionar a que  el Medio Oriente, Rusia y China fuesen virando hacia tener reg\u00edmenes m\u00e1s \u2018liberalizados\u2019  y abiertos al suyo y a sus inversiones. <br \/>&#13;<br \/>\n    <br \/>&#13;<br \/>\n    Sin embargo, si bien en este conflicto Washington puede mostrar  que ha logrado mantener a un gobierno local iraqu\u00ed algo estable y que su acci\u00f3n  en la regi\u00f3n ha permitido que Libia se desarme y gire en direcci\u00f3n a Occidente,  en l\u00edneas generales el balance no le favorece. En Irak ha crecido la guerra fratricida y ello ha conducido al  debilitamiento de EEUU, lo cual ha permitido que los radicales ganen las  elecciones en Palestina e Ir\u00e1n, que los talibanes avancen en Afganist\u00e1n, que Al  Qaeda se extienda en ese pa\u00eds, en Iraq y en el mundo (incluso hasta en Reino  Unido), que Ir\u00e1n y Corea del Norte se tornen m\u00e1s desafiantes y que Rusia y  China se vayan volviendo m\u00e1s independientes\u00a0 de Washington. <br \/>&#13;<br \/>\n    <br \/>&#13;<br \/>\n    Con la guerra iraqu\u00ed EEUU quiso ir  \u2018latinoamericanizando\u2019 al Medio Oriente, es decir hacer que esta regi\u00f3n adopte los sistemas de mercado  libre y multipartidismo que desde fines de los ochentas Washington fue  imponiendo como \u2018consenso\u2019 en su \u2018patio trasero\u2019. <br \/>&#13;<br \/>\n    <br \/>&#13;<br \/>\n    Empero, mientras no ha  logrado ello ha ido generando que sea, m\u00e1s bien, Am\u00e9rica Latina quien se  \u2018medio-orientalice\u2019. \u00a0Esto implica que en esta regi\u00f3n surgen  gobiernos contestatarios que, como el de Ch\u00e1vez en Venezuela se basan en el  nacionalismo petrolero, que crezca un fuerte sentimiento anti-EEUU y que se den  pugnas entre Estados a ra\u00edz de la internacionalizaci\u00f3n de una guerra interna  (como recientemente se vio en la crisis entre los tres pa\u00edses que comparten la  tricolor amarillo-azul-roja. <br \/>&#13;<br \/>\n    <br \/>&#13;<br \/>\n    Si Irak puede ser el pa\u00eds del Medio Oriente que m\u00e1s est\u00e1 en crisis  y que m\u00e1s puede generar una fragmentaci\u00f3n, hoy Bolivia se convierte en la  rep\u00fablica americana m\u00e1s propensa a acciones callejeras y a posibles  divisiones\u00a0 pol\u00edticas y geogr\u00e1ficas. Hoy, por primera vez desde el ciclo  de la revoluci\u00f3n boliviana de 1952 ese pa\u00eds tiene en su binomio presidencial a  un sindicalista ind\u00edgena y a un ex l\u00edder guerrillero, mientras que el espectro  de otra convulsi\u00f3n social m\u00e1s seria que la de 1952 se mantiene latente. <br \/>&#13;<br \/>\n    <br \/>&#13;<br \/>\n    Si EEUU se sigue debilitando (y a ello puede contribuir la  creciente recesi\u00f3n de esa potencia) esto podr\u00eda hacer que crezca la  inestabilidad no solo en Irak o Bolivia sino en varios otros pa\u00edses de los  entornos de \u00e9stos. La perspectiva de nuevos alzamientos sociales podr\u00eda quedar  abierta. <br \/>&#13;<br \/>\n    <br \/>&#13;<br \/>\n    Para las potencias occidentales es vital  evitar esa perspectiva. De all\u00ed que las elecciones de EEUU jueguen un rol tan  clave. Si los republicanos se mantienen en el poder ellos tratar\u00edan de  contrarrestar esas tendencias incentivando m\u00e1s liberaciones tributarias y  m\u00e1s intervencionismo militar. Si los dem\u00f3cratas les destronan buscar\u00edan  paquetes que traten de incentivar el gasto social y el consumo para reactivar  la econom\u00eda \u00a0y que pretendan hacer que EEUU recupere aliento internacional  repleg\u00e1ndose en Irak para realizar intervenciones en lugares donde pudiesen  ganar y contar con un apoyo m\u00e1s multi-polar. <br \/>&#13;<br \/>\n    <br \/>&#13;<br \/>\n  Una consolidaci\u00f3n norteamericana en Irak, Afganist\u00e1n y el Medio  Oriente pondr\u00eda a los EEUU m\u00e1s fuerte en sus intentos de evitar que China y  Rusia traten de distanci\u00e1rsele y ayudar\u00eda a que las fuerzas m\u00e1s pro-libre  comercio avancen en Am\u00e9rica Latina. Si el debilitamiento estadounidense en Iraq  y Afganist\u00e1n crece y se conjunci\u00f3n con un declive de su econom\u00eda ello podr\u00eda  alentar a m\u00e1s protestas sociales, a que crezcan movimientos como los que  propicia Ch\u00e1vez y a que puedan estallar explosiones espont\u00e1neas como la que en  1952 barri\u00f3 a todo el sistema boliviano.\u00a0<\/span><\/p>\n<p>&#13;<\/p>\n<p align=\"justify\" class=\"text1noticias\">E-mail: analisisglobal@aol.com<\/p>\n<p>&#13;<br \/>\n&#13;<br \/>\nFuente: Bar\u00f3metro Internacional<\/p>\n<h6> 2008-04-11 02:29:48 <\/h6>\n<p><!--\n<link rel=\"stylesheet\" href=\"css\/bootstrap.min.css\">\n\n\n<ul class=\"pagination\">\n\t    \n\t\n\n<li >\n\t<a href='?page_no=12127'>Previous<\/a>\n\t<\/li>\n\n\n       \n    \n\n<li><a href='?page_no=1'>1<\/a><\/li>\n\n\n\n<li><a href='?page_no=2'>2<\/a><\/li>\n\n\n\n<li><a>...<\/a><\/li>\n\n\n\n<li><a href='?page_no=12126'>12126<\/a><\/li>\n\n\n\n<li><a href='?page_no=12127'>12127<\/a><\/li>\n\n\n\n<li class='active'><a>12128<\/a><\/li>\n\n\n\n<li><a href='?page_no=12129'>12129<\/a><\/li>\n\n\n\n<li><a href='?page_no=12130'>12130<\/a><\/li>\n\n\n\n<li><a>...<\/a><\/li>\n\n\n\n<li><a href='?page_no=13611'>13611<\/a><\/li>\n\n\n\n<li><a href='?page_no=13612'>13612<\/a><\/li>\n\n    \n\t\n\n<li >\n\t<a href='?page_no=12129'>Next<\/a>\n\t<\/li>\n\n\n    \n\n<li><a href='?page_no=13612'>Last &rsaquo;&rsaquo;<\/a><\/li>\n\n<\/ul>\n\n\n--><br \/>\n<\/body><\/p>\n","protected":false},"excerpt":{"rendered":"<p>An\u00e1lisis Pol\u00edtico y Social Nacional e Internacional&#13; &#13; De Venezuela y el Resto del Mundo.&#13; &#13; Director: Diego Olivera. Jefe de Redacci\u00f3n: Miguel Guaglianone &#13; En Irak ha crecido la guerra fratricida&#13; \u00a0\u00a0\u00a0\u00a0\u00a0\u00a0\u00a0\u00a0\u00a0\u00a0\u00a0\u00a0\u00a0\u00a0\u00a0\u00a0\u00a0\u00a0 &#13; 9 de Abril: de Irak a Bolivia &#13; Por Isaac Bigio &#13; &#13; Hace 5 a\u00f1os los EEUU lideraron la principal [&hellip;]<\/p>\n","protected":false},"author":3,"featured_media":0,"comment_status":"open","ping_status":"open","sticky":false,"template":"","format":"standard","meta":{"footnotes":""},"categories":[16],"tags":[],"class_list":["post-36246","post","type-post","status-publish","format-standard","hentry","category-opiniones"],"_links":{"self":[{"href":"https:\/\/diariodominicano.com\/index.php?rest_route=\/wp\/v2\/posts\/36246","targetHints":{"allow":["GET"]}}],"collection":[{"href":"https:\/\/diariodominicano.com\/index.php?rest_route=\/wp\/v2\/posts"}],"about":[{"href":"https:\/\/diariodominicano.com\/index.php?rest_route=\/wp\/v2\/types\/post"}],"author":[{"embeddable":true,"href":"https:\/\/diariodominicano.com\/index.php?rest_route=\/wp\/v2\/users\/3"}],"replies":[{"embeddable":true,"href":"https:\/\/diariodominicano.com\/index.php?rest_route=%2Fwp%2Fv2%2Fcomments&post=36246"}],"version-history":[{"count":0,"href":"https:\/\/diariodominicano.com\/index.php?rest_route=\/wp\/v2\/posts\/36246\/revisions"}],"wp:attachment":[{"href":"https:\/\/diariodominicano.com\/index.php?rest_route=%2Fwp%2Fv2%2Fmedia&parent=36246"}],"wp:term":[{"taxonomy":"category","embeddable":true,"href":"https:\/\/diariodominicano.com\/index.php?rest_route=%2Fwp%2Fv2%2Fcategories&post=36246"},{"taxonomy":"post_tag","embeddable":true,"href":"https:\/\/diariodominicano.com\/index.php?rest_route=%2Fwp%2Fv2%2Ftags&post=36246"}],"curies":[{"name":"wp","href":"https:\/\/api.w.org\/{rel}","templated":true}]}}