{"id":362456,"date":"2022-06-19T00:07:51","date_gmt":"2022-06-19T04:07:51","guid":{"rendered":"http:\/\/diariodominicano.com\/?p=362456"},"modified":"2022-06-19T00:27:53","modified_gmt":"2022-06-19T04:27:53","slug":"los-expedicionarios-de-junio-de-1949-afrontaron-multiples-dificultades-y-no-recibieron-apoyo-en-republica-dominicana","status":"publish","type":"post","link":"https:\/\/diariodominicano.com\/?p=362456","title":{"rendered":"Los expedicionarios de junio de 1949 afrontaron m\u00faltiples dificultades y no recibieron apoyo en Rep\u00fablica Dominicana"},"content":{"rendered":"\n<p><\/p>\n\n\n\n<figure class=\"wp-block-image size-full\"><img loading=\"lazy\" decoding=\"async\" width=\"225\" height=\"225\" src=\"https:\/\/diariodominicano.com\/wp-content\/uploads\/2022\/06\/Horacio-Julio-Ornes-Coiscou-archivo18.jpg\" alt=\"\" class=\"wp-image-362459\" srcset=\"https:\/\/diariodominicano.com\/wp-content\/uploads\/2022\/06\/Horacio-Julio-Ornes-Coiscou-archivo18.jpg 225w, https:\/\/diariodominicano.com\/wp-content\/uploads\/2022\/06\/Horacio-Julio-Ornes-Coiscou-archivo18-150x150.jpg 150w, https:\/\/diariodominicano.com\/wp-content\/uploads\/2022\/06\/Horacio-Julio-Ornes-Coiscou-archivo18-88x88.jpg 88w\" sizes=\"auto, (max-width: 225px) 100vw, 225px\" \/><\/figure>\n\n\n\n<p><strong>Por H\u00e9ctor Tineo Nolasco<\/strong><\/p>\n\n\n\n<p><strong>Diariodominicano.com<\/strong><\/p>\n\n\n\n<p>PUERTO PLATA, el 19 de junio de 1949, amarizaron en la Bah\u00eda de Luper\u00f3n, en la provincia Puerto Plata, dominicanos y extranjeros con el objetivo de iniciar una lucha armada contra la dictadura de Rafael Le\u00f3nidas Trujillo Molina.<\/p>\n\n\n\n<p>&nbsp;&nbsp; El grupo, comandado por Horacio Ornes, lleg\u00f3 en el hidroavi\u00f3n Catalina, que hab\u00eda despegado en la tarde del d\u00eda 19 de junio de 1949, del lago Izabal, en Guatemala, y amariz\u00f3 en aguas de la Bah\u00eda de Luper\u00f3n, a las 7 de la noche.<\/p>\n\n\n\n<p>&nbsp;&nbsp;&nbsp; Antes de salir de Guatemala afrontaron m\u00faltiples dificultades y en la ruta sufrieron el impacto de una turbulencia.<\/p>\n\n\n\n<p>&nbsp;&nbsp;&nbsp;&nbsp;&nbsp; Integraron el grupo, con Horacio Ornes, quien lo comandaba; Tulio Hostilio Arvelo Delgado, Hugo Kundhardt, Miguel Feli\u00fa Arzeno,&nbsp; Federico Horacio (Gug\u00fa)&nbsp; Henriquez V\u00e1squez, Jos\u00e9 F\u00e9lix C\u00f3rdoba Boniche y Jos\u00e9 Rolando Mart\u00ednez Bonilla.<\/p>\n\n\n\n<p>&nbsp;&nbsp;&nbsp; Tambi\u00e9n vinieron en el avi\u00f3n Catalina, Manuel Calder\u00f3n Salcedo,&nbsp; Alberto Ram\u00edrez,&nbsp; Salvador Reyes Valdez,&nbsp; Alfonso Leiton y Alejandro Selva.<\/p>\n\n\n\n<figure class=\"wp-block-image size-full\"><img loading=\"lazy\" decoding=\"async\" width=\"113\" height=\"160\" src=\"https:\/\/diariodominicano.com\/wp-content\/uploads\/2022\/06\/Horacio-Julio-Ornes-Coiscou-3.jpg\" alt=\"\" class=\"wp-image-362466\"\/><figcaption><strong>Horacio Julio Ornes Coiscou<\/strong><\/figcaption><\/figure>\n\n\n\n<p>&nbsp; El comandante del grupo, con el grado de coronel, lo ostentaba Horacio Ornes, quien hizo la precisi\u00f3n en su obra \u201cDesembarco de Luper\u00f3n\u201d, editada en San Jos\u00e9, Costa Rica, en el a\u00f1o 1955.<\/p>\n\n\n\n<figure class=\"wp-block-image size-full\"><img loading=\"lazy\" decoding=\"async\" width=\"815\" height=\"765\" src=\"https:\/\/diariodominicano.com\/wp-content\/uploads\/2022\/06\/expedicionarios-junio1949.webp\" alt=\"\" class=\"wp-image-362461\" srcset=\"https:\/\/diariodominicano.com\/wp-content\/uploads\/2022\/06\/expedicionarios-junio1949.webp 815w, https:\/\/diariodominicano.com\/wp-content\/uploads\/2022\/06\/expedicionarios-junio1949-300x282.webp 300w, https:\/\/diariodominicano.com\/wp-content\/uploads\/2022\/06\/expedicionarios-junio1949-768x721.webp 768w\" sizes=\"auto, (max-width: 815px) 100vw, 815px\" \/><\/figure>\n\n\n\n<p>&nbsp;&nbsp; Ornes hab\u00eda participado en la expedici\u00f3n de Cayo Confites y en la revoluci\u00f3n de Costa Rica en 1948, donde dirigi\u00f3 la toma&nbsp; de Puerto Lim\u00f3n y fund\u00f3 la Legi\u00f3n Caribe.<\/p>\n\n\n\n<p>&nbsp;&nbsp; La&nbsp; tripulaci\u00f3n del hidroavi\u00f3n Catalina, la formaban el Capit\u00e1n piloto John M. Chewing; el copiloto Habet Joseph; y el ingeniero mec\u00e1nico George Raymond Scruggs, todos de Miami, Florida, Estados Unidos.<\/p>\n\n\n\n<p><strong>&nbsp;&nbsp;&nbsp; A las 7 de la noche<\/strong><\/p>\n\n\n\n<p><strong>En su relato del acontecimiento, Horacio Ornes registr\u00f3 que eran las siete de la noche cuando se encontraron frente a Luper\u00f3n.&nbsp; Precisa que una vez en Luper\u00f3n y su bah\u00eda fueron identificados y explorados desde el aire, el piloto recibi\u00f3 la orden final de amarizar de acuerdo con los planes.<\/strong><\/p>\n\n\n\n<p>&nbsp;&nbsp;&nbsp; Sin&nbsp; embargo, \u201cpor razones t\u00e9cnicas el Capitan Chewing no pudo cumplir la orden de perder altura sobre el mar, vi\u00e9ndose obligado a planear&nbsp; sobre el mismo poblado. El incumplimiento de esa parte del plan dio por resultado, precisamente, lo que se quer\u00eda evitar: los habitantes de Luper\u00f3n se aglomeraron en el muelle\u201d, por lo extra\u00f1o del acontecimiento, ya que nunca hab\u00edan visto un hidroavi\u00f3n acuatizar en el lugar.<\/p>\n\n\n\n<p>&nbsp;&nbsp;&nbsp; \u201cLa gente, adem\u00e1s, pens\u00f3 que se trataba de un accidente y corrieron a prestar auxilios\u201d y ofrecieron espont\u00e1nea ayuda para atracar el aparato.<\/p>\n\n\n\n<p>&nbsp;&nbsp;&nbsp; <strong>Horacio Ornes destaca que dos hombres, en una yola, se acercaron a la \u201cCatalina\u201d y llevaron a tierra un cable tirado por dos hombres, con el cual se pusieron a corta distancia del muelle a donde saltaron con las armas preparadas para disparar. \u201cA pesar de esa cooperaci\u00f3n la maniobra tard\u00f3 m\u00e1s tiempo del calculado originalmente\u201d.<\/strong><\/p>\n\n\n\n<p>&nbsp;&nbsp; Lo primero que hicieron los expedicionarios al bajar a tierra fue comenzar a desarmar a las autoridades presentes, lo que permiti\u00f3 descubrir a los vecinos de Luper\u00f3n que se trataba de exiliados antitrujillistas que hab\u00edan venido a combatir el r\u00e9gimen.<\/p>\n\n\n\n<p>&nbsp;&nbsp; La misma noche del desembarco,&nbsp; Kundhardt&nbsp; mat\u00f3 por error a&nbsp; Ram\u00edrez, quien lo hiri\u00f3 de cuidado, en el momento que el primero se dirig\u00eda a tomar las Oficinas de Correos y Tel\u00e9grafos, y dispar\u00f3 contra Ram\u00edrez al no identificar su voz, quien dispar\u00f3 su arma al ser herido. La tragedia llen\u00f3 de consternaci\u00f3n a los vecinos y cre\u00f3 una dificultad a los expedicionarios.<\/p>\n\n\n\n<p>&nbsp;&nbsp; Otra dificultad: no llegaron los expedicionarios que deb\u00edan venir en otros hidroaviones capitaneados por los generales Juan Rodr\u00edguez y Ram\u00edrez, y el doctor Fern\u00e1ndez Ortega.<\/p>\n\n\n\n<p>&nbsp;&nbsp;&nbsp;&nbsp; Los expedicionarios tambi\u00e9n se percataron de que no estaba listo el frente interno que lo apoyar\u00eda y que se sumar\u00eda a la lucha que comenzar\u00eda en Luper\u00f3n.<\/p>\n\n\n\n<p>&nbsp;&nbsp;&nbsp; Al percatarse de que el peque\u00f1o grupo de nueve hombres no podr\u00eda resistir las fuerzas de la dictadura de Trujillo, intentaron abandonar Rep\u00fablica Dominicana en el hidroavi\u00f3n, pero la nave encall\u00f3 y fue ocupada por una unidad de la Marina de Guerra que lleg\u00f3 al lugar.<\/p>\n\n\n\n<p>&nbsp;&nbsp;&nbsp; De los hombres de la gesta de Luper\u00f3n murieron Hugo Kunhardts, Federico Horacio (Gug\u00fa) Henriquez V\u00e1squez, Salvador Reyes Valdez, Manuel Calder\u00f3n Salcedo, Alejandro Selva, Alfonso Leiton y Alberto Ram\u00edrez.<\/p>\n\n\n\n<p><strong>&nbsp;&nbsp;&nbsp; Horacio Ornes, uno de los sobrevivientes de la gesta de Luper\u00f3n, en su libro \u201cDesembarco de Luper\u00f3n\u201d, que dedica al grupo, afirma: \u201cellos son h\u00e9roes y m\u00e1rtires de la lucha por la democracia en Rep\u00fablica Dominicana<\/strong>.<\/p>\n\n\n\n<p>\u201cEllos cayeron en Luper\u00f3n levantando valientemente la Bandera de la Liberaci\u00f3n Nacional, en gesto que es paradigma de nobleza, coraje y sacrificio. Sus nombres ser\u00e1n siempre recordados por los dominicanos, que ya han levantado&nbsp; en sus corazones el m\u00e1s grande y sencillo monumento a sus hermosas ofrendas a la libertad de un pueblo oprimido por la bestial tiran\u00eda trujillista\u201d.<\/p>\n\n\n\n<p>&nbsp;El&nbsp; acontecimiento, ocurrido el 19 de junio de 1949, constituy\u00f3 el primer intento de exiliados dominicanos y amigos extranjeros de contribuir a la ca\u00edda de la dictadura de Trujillo.<\/p>\n\n\n\n<p> <strong>H\u00e9ctor Tineo Nolasco<\/strong> <\/p>\n\n\n\n<p><\/p>\n\n\n\n<p>Secci\u00f3n Efem\u00e9rides de Diariodominicano.com<\/p>\n\n\n\n<p><\/p>\n","protected":false},"excerpt":{"rendered":"<p>Por H\u00e9ctor Tineo Nolasco Diariodominicano.com PUERTO PLATA, el 19 de junio de 1949, amarizaron en la Bah\u00eda de Luper\u00f3n, en la provincia Puerto Plata, dominicanos y extranjeros con el objetivo de iniciar una lucha armada contra la dictadura de Rafael Le\u00f3nidas Trujillo Molina. &nbsp;&nbsp; El grupo, comandado por Horacio Ornes, lleg\u00f3 en el hidroavi\u00f3n Catalina, [&hellip;]<\/p>\n","protected":false},"author":28,"featured_media":362458,"comment_status":"closed","ping_status":"","sticky":true,"template":"","format":"standard","meta":{"footnotes":""},"categories":[26,27],"tags":[],"class_list":["post-362456","post","type-post","status-publish","format-standard","has-post-thumbnail","hentry","category-efemerides","category-portada"],"_links":{"self":[{"href":"https:\/\/diariodominicano.com\/index.php?rest_route=\/wp\/v2\/posts\/362456","targetHints":{"allow":["GET"]}}],"collection":[{"href":"https:\/\/diariodominicano.com\/index.php?rest_route=\/wp\/v2\/posts"}],"about":[{"href":"https:\/\/diariodominicano.com\/index.php?rest_route=\/wp\/v2\/types\/post"}],"author":[{"embeddable":true,"href":"https:\/\/diariodominicano.com\/index.php?rest_route=\/wp\/v2\/users\/28"}],"replies":[{"embeddable":true,"href":"https:\/\/diariodominicano.com\/index.php?rest_route=%2Fwp%2Fv2%2Fcomments&post=362456"}],"version-history":[{"count":6,"href":"https:\/\/diariodominicano.com\/index.php?rest_route=\/wp\/v2\/posts\/362456\/revisions"}],"predecessor-version":[{"id":362468,"href":"https:\/\/diariodominicano.com\/index.php?rest_route=\/wp\/v2\/posts\/362456\/revisions\/362468"}],"wp:featuredmedia":[{"embeddable":true,"href":"https:\/\/diariodominicano.com\/index.php?rest_route=\/wp\/v2\/media\/362458"}],"wp:attachment":[{"href":"https:\/\/diariodominicano.com\/index.php?rest_route=%2Fwp%2Fv2%2Fmedia&parent=362456"}],"wp:term":[{"taxonomy":"category","embeddable":true,"href":"https:\/\/diariodominicano.com\/index.php?rest_route=%2Fwp%2Fv2%2Fcategories&post=362456"},{"taxonomy":"post_tag","embeddable":true,"href":"https:\/\/diariodominicano.com\/index.php?rest_route=%2Fwp%2Fv2%2Ftags&post=362456"}],"curies":[{"name":"wp","href":"https:\/\/api.w.org\/{rel}","templated":true}]}}