{"id":36245,"date":"2008-04-11T02:37:56","date_gmt":"2008-04-11T02:37:56","guid":{"rendered":"http:\/\/diariodominicano.ddns.net\/?p=36245"},"modified":"2008-04-11T02:37:56","modified_gmt":"2008-04-11T02:37:56","slug":"bosques-tropicales-sufre-una-gran-deforestacion-en-grandes-areas","status":"publish","type":"post","link":"https:\/\/diariodominicano.com\/?p=36245","title":{"rendered":"Bosques tropicales sufre una gran deforestaci\u00f3n en grandes \u00e1reas"},"content":{"rendered":"<p><body><\/p>\n<p align=\"left\" class=\"text1noticias\">An\u00e1lisis Pol\u00edtico y  Social Nacional e Internacional<br \/>&#13;<br \/>\n  <br \/>&#13;<br \/>\n   De  Venezuela y el Resto del Mundo.<br \/>&#13;<br \/>\n   <br \/>&#13;<br \/>\n Director:  Diego Olivera. Jefe de Redacci\u00f3n: Miguel Guaglianone<\/p>\n<p>&#13;<\/p>\n<p class=\"titulogrande1\">Bosques  tropicales sufre una gran deforestaci\u00f3n en grandes \u00e1reas<br \/>&#13;<br \/>\n    <br \/>&#13;<br \/>\n  <span class=\"text1noticias\"><strong>El presidente Alan Garc\u00eda quiere privatizar la amazonia  peruana<\/strong><\/span><\/p>\n<p>&#13;<\/p>\n<p class=\"titulogrande1\"><span class=\"textogrande\"><strong>Por<\/strong><\/span> <span class=\"textogrande\">Sylvia Ubal<\/span><\/p>\n<p>&#13;<\/p>\n<p align=\"justify\" class=\"text1noticias\">La Amazonia, es el Gran Pulm\u00f3n de la Tierra y se encuentra en  Am\u00e9rica del Sur, la cuenca del r\u00edo Amazonas, constituye la mayor formaci\u00f3n  boscosa del mundo actual. Su complejidad, tanto en ecosistemas como en  biodiversidad, la sit\u00faa como el almac\u00e9n m\u00e1s rico de recursos gen\u00e9ricos. Los  aportes de esta extensa regi\u00f3n al mundo actual son muchos y s\u00f3lo se ha logrado  conocer hasta el momento una peque\u00f1a parte de los potenciales que alberga.<\/p>\n<p>&#13;<\/p>\n<p align=\"justify\" class=\"text1noticias\">El nombre  del r\u00edo y de la regi\u00f3n, surge del mito griego de las Amazonas o mujeres  guerreras. Esta masa de bosques tropicales es la m\u00e1s extensa del planeta y es  un espacio que deber\u00eda permanecer casi intocado para asegurar el equilibrio  ambiental a nivel global, gravemente amenazado por un modelo de desarrollo con  alto consumo de energ\u00eda f\u00f3sil y alta producci\u00f3n de desechos. Diversas  organizaciones mundiales consideran que no debe ser intervenida en mayor grado  del actual y que debe permanecer como una especie de \u00abreserva  mundial\u00bb para conservar la biodiversidad y los bosques tropicales, y  garantizar los servicios ambientales globales como la producci\u00f3n de ox\u00edgeno; y  el flujo de agua a la atm\u00f3sfera.<\/p>\n<p>&#13;<\/p>\n<p align=\"justify\" class=\"text1noticias\">Para los  pa\u00edses de Latinoam\u00e9rica, la Amazonia  es depositaria de importantes recursos naturales como gas natural, oro y  minerales varios (hierro, bauxita, niobio, etc.), cuya utilizaci\u00f3n constituye  una esperanza para el desarrollo y as\u00ed poder salir de la pobreza en que de  debaten sus pueblos principalmente ind\u00edgenas. <\/p>\n<p>&#13;<\/p>\n<p align=\"justify\" class=\"text1noticias\">Sin lugar a  dudas, la Amazonia  hoy constituye un desaf\u00edo para conciliar el crecimiento econ\u00f3mico con la  conservaci\u00f3n del medio ambiente en busca de la sustentabilidad para garantizar  la generaci\u00f3n y distribuci\u00f3n equitativa de la riqueza, mejorar los niveles de  vida y conservar el entorno humano a nivel local, regional y global.<\/p>\n<p>&#13;<\/p>\n<p align=\"justify\" class=\"text1noticias\">Hoy se  escribe y se habla de la Amazonia  como la \u00abtierra de inmensas posibilidades\u201d la b\u00fasqueda de posibilidades y  alternativas de desarrollo para la Regi\u00f3n. <\/p>\n<p>&#13;<\/p>\n<p align=\"justify\" class=\"text1noticias\">La  cuenca amaz\u00f3nica estuvo poblada por m\u00e1s de 2,000 pueblos ind\u00edgenas, con un  aproximado de 7 millones de personas, al momento de la llegada de los europeos  nuevo mundo en 1976.<\/p>\n<p>&#13;<\/p>\n<p align=\"justify\" class=\"text1noticias\">Estos  pueblos han usado y vivido de los recursos de la Amazonia que no eran para ellos solamente  factores explotables, sino que manten\u00edan en su forma de uso al recurso, como  parte de un proceso din\u00e1mico. Miles de a\u00f1os de uso de la Amazonia por los pueblos  ind\u00edgenas y los efectos negativos no fueron ni un peque\u00f1o porcentaje de los  da\u00f1os causados en los \u00faltimos 500 a\u00f1os de la importaci\u00f3n de t\u00e9cnicas y modelos  extra\u00f1os.<\/p>\n<p>&#13;<\/p>\n<p align=\"justify\" class=\"text1noticias\">Hoy  la Amazonia est\u00e1  ocupada por cerca de 20 millones de personas, que aprovechan de diferentes  formas los recursos y es, por lo tanto, una vasta regi\u00f3n poblada. Los  pobladores actuales, sean grupos ind\u00edgenas o colonos nuevos o descendientes de  colonos, han formado grandes polos de desarrollo, representados pos ciudades  importantes como Iquitos, Manaus, Belem, Santa Cruz, etc.<\/p>\n<p>&#13;<\/p>\n<p align=\"justify\" class=\"text1noticias\">Sin  embargo la otra cara de la moneda muestra que en los \u00faltimos 25 a\u00f1os los  impactos negativos producidos por este desarrollo de la Amazonia se incrementan a\u00f1o a  a\u00f1o y se menciona que la regi\u00f3n se encuentra en peligro de llegar al borde de  la sostenibilidad.<\/p>\n<p>&#13;<\/p>\n<p align=\"justify\" class=\"text1noticias\">Todos  los ejemplos de deforestaci\u00f3n en grandes \u00e1reas han resultado negativos, tanto desde  el punto de vista productivo como ecol\u00f3gico.<\/p>\n<p>&#13;<\/p>\n<p align=\"justify\" class=\"text1noticias\">Los  recursos de la regi\u00f3n son innumerables y los pueblos nativos lo sab\u00edan, pero se  prefiri\u00f3 traer por ejemplo la palma aceitera africana, antes que aprovechar las  palmas aceiteras nativas.  Los capitales han desplazado por completo la vasta cultura que alberga la  regi\u00f3n. La explotaci\u00f3n, fue la forma de uso que se estableci\u00f3. El caucho, la  pesca en los r\u00edos, el oro, la madera, etc. Son s\u00f3lo algunos ejemplos de esta  intervenci\u00f3n sin retorno.<\/p>\n<p>&#13;<\/p>\n<p align=\"justify\" class=\"text1noticias\">El mito del  infierno verde, al que deb\u00edan de oponerse los colonos, est\u00e1 por venir, si se  sigue explotando, sin darle a los recursos la posibilidad de regenerarse.<br \/>&#13;<br \/>\n  <br \/>&#13;<br \/>\n  La  legisladora Juana Huancahuari en la Comisi\u00f3n Permanente,  en Per\u00fa afirm\u00f3 que detr\u00e1s de los proyectos de ley que modifican la inversi\u00f3n  privada en reforestaci\u00f3n y agroforester\u00eda esta la intenci\u00f3n de producir  commodities para el mercado internacional, como soya, algod\u00f3n, palma aceitera,  ganader\u00eda, etc., con graves y severas consecuencias para la biodiversidad amaz\u00f3nica. <br \/>&#13;<br \/>\n  <br \/>&#13;<br \/>\n  Sostuvo  que es conocido el Grupo Romero, el m\u00e1s poderoso del pa\u00eds y con fuertes  vinculaciones con el capital chileno, estar\u00eda haciendo una bolsa de ocho  millones de d\u00f3lares para comprar 2 millones de hect\u00e1reas de tierras en la Amazon\u00eda.<br \/>&#13;<br \/>\n  <br \/>&#13;<br \/>\n  Una  parte las dedicar\u00eda al gran negocio empresarial de la \u00e9poca. Es decir sembrar  plantaciones para la captura de carbono que reciben altas cotizaciones en la Bolsa de Valores de Nueva  York y Londres. <br \/>&#13;<br \/>\n  <br \/>&#13;<br \/>\n\u201cTal  modelo de explotaci\u00f3n forestal, avalado por el Presidente Alan Garc\u00eda, son  socialmente excluyentes para las poblaciones amaz\u00f3nicas. Tanto las Comunidades  Nativas y Campesinas, como los ribere\u00f1os amaz\u00f3nicos, los peque\u00f1os propietarios,  etc. est\u00e1n excluidos de este modelo dise\u00f1ado para la gran empresa nacional e internacional\u201d,  afirm\u00f3 la legisladora nacionalista. <br \/>&#13;<br \/>\n<br \/>&#13;<br \/>\n\u201cSi  el gobierno insiste en su af\u00e1n privatizador y que ocasionar\u00eda un problema de  imprevisibles consecuencias en la   Amazon\u00eda\u201d, afirm\u00f3, lo que puede generar graves conflictos de  orden social, ambiental, pol\u00edtico, econ\u00f3mico y jur\u00eddico. <\/p>\n<p>&#13;<\/p>\n<h3 align=\"justify\" class=\"text1noticias\"><strong>Alan  Garc\u00eda quiere vender la Amazon\u00eda a precio de gallina flaca.<\/strong><\/h3>\n<p>&#13;<\/p>\n<h3 align=\"justify\" class=\"text1noticias\">Dijo el  congresista Isaac Mekler advirti\u00f3 que el Gobierno pretende entregar \u201cen  propiedad\u201d la Amazon\u00eda  peruana e imponer en el pa\u00eds un modelo neocolonial para favorecer a las  transnacionales. <\/h3>\n<p>&#13;<\/p>\n<p align=\"justify\" class=\"text1noticias\">En ese sentido, calific\u00f3 como una  \u201cbarbaridad\u201d la intenci\u00f3n, porque la selva no s\u00f3lo tiene sus bosques sino una  variedad de biodiversidad natural que pertenece a todos los peruanos, pero si  se da en propiedad, entonces quienes lo reciban har\u00e1n lo que se les d\u00e9 la gana,  sin que el mismo Estado pueda intervenir.<br \/>&#13;<br \/>\n  <br \/>&#13;<br \/>\n  Dar en propiedad los bosques de la Amazon\u00eda es privar a los  peruanos de sus pulmones verdes y recursos naturales. <br \/>&#13;<br \/>\n  <br \/>&#13;<br \/>\n  Es entregar a las  transnacionales y olvidarse de la   Amazon\u00eda.<br \/>&#13;<br \/>\n  <br \/>&#13;<br \/>\n  E-mail: sylviaubal@gmail.com<\/p>\n<p>&#13;<br \/>\n&#13;<br \/>\nFuente: Bar\u00f3metro Internacional&#13;<\/p>\n<h6> 2008-04-11 02:37:56 <\/h6>\n<p><!--\n<link rel=\"stylesheet\" href=\"css\/bootstrap.min.css\">\n\n\n<ul class=\"pagination\">\n\t    \n\t\n\n<li >\n\t<a href='?page_no=12126'>Previous<\/a>\n\t<\/li>\n\n\n       \n    \n\n<li><a href='?page_no=1'>1<\/a><\/li>\n\n\n\n<li><a href='?page_no=2'>2<\/a><\/li>\n\n\n\n<li><a>...<\/a><\/li>\n\n\n\n<li><a href='?page_no=12125'>12125<\/a><\/li>\n\n\n\n<li><a href='?page_no=12126'>12126<\/a><\/li>\n\n\n\n<li class='active'><a>12127<\/a><\/li>\n\n\n\n<li><a href='?page_no=12128'>12128<\/a><\/li>\n\n\n\n<li><a href='?page_no=12129'>12129<\/a><\/li>\n\n\n\n<li><a>...<\/a><\/li>\n\n\n\n<li><a href='?page_no=13611'>13611<\/a><\/li>\n\n\n\n<li><a href='?page_no=13612'>13612<\/a><\/li>\n\n    \n\t\n\n<li >\n\t<a href='?page_no=12128'>Next<\/a>\n\t<\/li>\n\n\n    \n\n<li><a href='?page_no=13612'>Last &rsaquo;&rsaquo;<\/a><\/li>\n\n<\/ul>\n\n\n--><br \/>\n<\/body><\/p>\n","protected":false},"excerpt":{"rendered":"<p>An\u00e1lisis Pol\u00edtico y Social Nacional e Internacional&#13; &#13; De Venezuela y el Resto del Mundo.&#13; &#13; Director: Diego Olivera. Jefe de Redacci\u00f3n: Miguel Guaglianone &#13; Bosques tropicales sufre una gran deforestaci\u00f3n en grandes \u00e1reas&#13; &#13; El presidente Alan Garc\u00eda quiere privatizar la amazonia peruana &#13; Por Sylvia Ubal &#13; La Amazonia, es el Gran Pulm\u00f3n [&hellip;]<\/p>\n","protected":false},"author":3,"featured_media":0,"comment_status":"open","ping_status":"open","sticky":false,"template":"","format":"standard","meta":{"footnotes":""},"categories":[16],"tags":[],"class_list":["post-36245","post","type-post","status-publish","format-standard","hentry","category-opiniones"],"_links":{"self":[{"href":"https:\/\/diariodominicano.com\/index.php?rest_route=\/wp\/v2\/posts\/36245","targetHints":{"allow":["GET"]}}],"collection":[{"href":"https:\/\/diariodominicano.com\/index.php?rest_route=\/wp\/v2\/posts"}],"about":[{"href":"https:\/\/diariodominicano.com\/index.php?rest_route=\/wp\/v2\/types\/post"}],"author":[{"embeddable":true,"href":"https:\/\/diariodominicano.com\/index.php?rest_route=\/wp\/v2\/users\/3"}],"replies":[{"embeddable":true,"href":"https:\/\/diariodominicano.com\/index.php?rest_route=%2Fwp%2Fv2%2Fcomments&post=36245"}],"version-history":[{"count":0,"href":"https:\/\/diariodominicano.com\/index.php?rest_route=\/wp\/v2\/posts\/36245\/revisions"}],"wp:attachment":[{"href":"https:\/\/diariodominicano.com\/index.php?rest_route=%2Fwp%2Fv2%2Fmedia&parent=36245"}],"wp:term":[{"taxonomy":"category","embeddable":true,"href":"https:\/\/diariodominicano.com\/index.php?rest_route=%2Fwp%2Fv2%2Fcategories&post=36245"},{"taxonomy":"post_tag","embeddable":true,"href":"https:\/\/diariodominicano.com\/index.php?rest_route=%2Fwp%2Fv2%2Ftags&post=36245"}],"curies":[{"name":"wp","href":"https:\/\/api.w.org\/{rel}","templated":true}]}}