{"id":36244,"date":"2008-04-11T02:44:37","date_gmt":"2008-04-11T02:44:37","guid":{"rendered":"http:\/\/diariodominicano.ddns.net\/?p=36244"},"modified":"2008-04-11T02:44:37","modified_gmt":"2008-04-11T02:44:37","slug":"expansion-mas-gastos-militares-e-intervencion-en-afganistan","status":"publish","type":"post","link":"https:\/\/diariodominicano.com\/?p=36244","title":{"rendered":"Expansi\u00f3n, m\u00e1s gastos militares e intervenci\u00f3n en Afganist\u00e1n"},"content":{"rendered":"<p><body><\/p>\n<p align=\"left\" class=\"text1noticias\">An\u00e1lisis Pol\u00edtico y  Social Nacional e Internacional<br \/>&#13;<br \/>\n <br \/>&#13;<br \/>\n   De  Venezuela y el Resto del Mundo.<br \/>&#13;<br \/>\n   <br \/>&#13;<br \/>\n Director:  Diego Olivera. Jefe de Redacci\u00f3n: Miguel Guaglianone<\/p>\n<p>&#13;<\/p>\n<p class=\"titulogrande1\">Expansi\u00f3n,  m\u00e1s gastos militares e intervenci\u00f3n en Afganist\u00e1n<br \/>&#13;<br \/>\n    <br \/>&#13;<br \/>\n  <span class=\"text1noticias\"><strong>Europa  cede y se alinea detr\u00e1s de Bush en la   OTAN<\/strong><\/span><\/p>\n<p>&#13;<\/p>\n<p class=\"titulogrande1\"><span class=\"textogrande\"><strong>Por<\/strong><\/span> <span class=\"textogrande\">Ernesto  Tamara. <\/span><\/p>\n<p>&#13;<\/p>\n<p align=\"justify\" class=\"text1noticias\">La cumbre de la Organizaci\u00f3n del Tratado del Atl\u00e1ntico Norte  (OTAN) la \u00faltima para el presidente George W. Bush que culmina su mandato en  enero pr\u00f3ximo, acord\u00f3 respaldar su iniciativa para construir un escudo  antimisiles en Europa, aunque no acept\u00f3, por ahora, invitar a Georgia y Ucrania  a integrarse al pacto militar aunque se invit\u00f3 formalmente a Croacia y Albania,  que cada vez m\u00e1s, se convierte en una alianza pol\u00edtica supeditada a la pol\u00edtica  exterior norteamericana. Francia adelant\u00f3 que planea reintegrarse a los \u00f3rganos  oficiales de la alianza militar de los que se retir\u00f3 en 1966 , aunque sigui\u00f3  participando en las operaciones militares conjuntas. Otro de los temas  centrales impulsados por Bush en la cumbre, reforzar la presencia militar en  Afganist\u00e1n, apenas logr\u00f3 la promesa de Par\u00eds de enviar un batall\u00f3n de 800  soldados.<\/p>\n<p>&#13;<\/p>\n<p align=\"justify\" class=\"text1noticias\">Aunque se especulaba que la cumbre de la OTAN iba a ser un buen  escenario para despedir al presidente Bush del escenario europeo, la sensaci\u00f3n  es que muchas cuestiones importantes quedaron en suspenso esperando el  resultado de las elecciones en noviembre pr\u00f3ximo. Con un sentido pragm\u00e1tico los  europeos aceptaron respaldar la iniciativa del escudo antimisil que Estados  Unidos pretende construir en Europa, con radares en Rep\u00fablica Checa y rampa de  lazamiento de misiles en Polonia, ya\u00a0 que  al inicio de la cumbre los gobiernos de Estados Unidos y Rep\u00fablica Checa  anunciaron un acuerdo en ese sentido.<\/p>\n<p>&#13;<\/p>\n<p align=\"justify\" class=\"text1noticias\">Los pa\u00edses participantes del Tratado admiten, aunque sin  confesarlo abiertamente, que despu\u00e9s de la ca\u00edda del bloque sovi\u00e9tico,  Washington concibe la OTAN  como una polic\u00eda universal, bajo su mando, m\u00e1s que un acuerdo de defensa de  Europa y no parecen tener, por ahora, mucho inter\u00e9s en resistir esa tendencia.<\/p>\n<p>&#13;<\/p>\n<p align=\"justify\" class=\"text1noticias\">Desde 1990 en adelante, se han incorporado varios pa\u00edses  de lo que antes se denominaba la   Europa del Este, haciendo que Rusia se sienta amenazada. La  incorporaci\u00f3n de nuevos pa\u00edses, muchos de ellos con una relacion de dependencia  de Estados Unidos, permite aumentar de hecho el peso de Washington en el Tratado.<\/p>\n<p>&#13;<\/p>\n<p align=\"justify\" class=\"text1noticias\">En 1948 se crea la primera Alianza Atl\u00e1ntica entre  Francia, B\u00e9lgica, Holanda, Luxemburgo y el Reino Unido y un a\u00f1o m\u00e1s tarde se  inician negociaciones con Estados Unidos, Canad\u00e1, Dinamarca, Islandia, Italia,  Noruega y Portugal, para finalmente firmar el Tratado del Atl\u00e1ntico Norte, el 4  de abril de 1949.<\/p>\n<p>&#13;<\/p>\n<p align=\"justify\" class=\"text1noticias\">En 1952 se unieron Grecia y Turqu\u00eda. La Rep\u00fablica Federal  de Alemania accedi\u00f3 en 1955 y, en 1982, Espa\u00f1a tambi\u00e9n firm\u00f3 el Tratado. La Rep\u00fablica Checa,  Hungr\u00eda y Polonia se convirtieron en miembros en 1999. Bulgar\u00eda, Eslovaquia,  Eslovenia, Estonia, Letonia, Lituania, y Rumania, se incorporan en 2004. En  esta reciente cumbre se invit\u00f3 a Croacia y Albania, mientras se espera que  Macedonia arregle su diferendo con Grecia para ingresar, y se pospone, por ahora,  la invitaci\u00f3n a Georgia y Ucrania. \u00a0Macedonia  quiere ser conocida internacionalmente como Rep\u00fablica de Macedonia, pero Grecia  se opone a ello, afirmando que esto podr\u00eda implicar pretensiones territoriales  sobre su regi\u00f3n septentrional del mismo nombre.<\/p>\n<p>&#13;<\/p>\n<p align=\"justify\" class=\"text1noticias\">El presidente Bush en tanto, ya anunci\u00f3 que espera  incorporar tambi\u00e9n en el futuro a otros pa\u00edses de los Balcanes, como Serbia,  Montenegro y Bosnia.<\/p>\n<p>&#13;<\/p>\n<p align=\"justify\" class=\"text1noticias\">En un discurso en Zagreb el pasado s\u00e1bado, Bush insisti\u00f3  en que la oferta de ingreso a pa\u00edses balc\u00e1nicos representa \u201cun voto de  confianza\u201d con el que Croacia y Albania continuar\u00e1n sus reformas y ser\u00e1n  \u201cmiembros firmes\u201d de la   Alianza.<\/p>\n<p>&#13;<\/p>\n<p align=\"justify\" class=\"text1noticias\">\u201cLa OTAN  est\u00e1 abierta a todos los pa\u00edses de la regi\u00f3n\u201d, ha dicho Bush. El mandatario  tambi\u00e9n ha recordado que la   Alianza ha ofrecido un \u201cdi\u00e1logo intensificado\u201d a Bosnia y a  Montenegro, dos rep\u00fablicas ex yugoslavas y ha hecho un llamamiento a Serbia  para que se acerque a la OTAN  y encuentre \u201cel lugar que le corresponde en la familia de Europa y viviendo en  paz con sus vecinos\u201d.<\/p>\n<p>&#13;<\/p>\n<p align=\"justify\" class=\"text1noticias\">De todas  maneras, Bush debi\u00f3 esforzarse para que la no inclusi\u00f3n de Georgia y Ucrania se  interpretara como una derrota personal. Antes de la cumbre el mandatario  norteamericano hab\u00eda insistido en su respaldo al ingreso de esos dos pa\u00edses,  incluso con una gira previa por Kiev antes del inicio de la reuni\u00f3n. \u201cApoyamos  el MAP (Plan de acci\u00f3n con vistas a la adhesi\u00f3n) para Ucrania y Georgia\u201d, dijo  Bush durante una corta visita a Kiev, donde se entrevist\u00f3 con su hom\u00f3logo  ucraniano Viktor Yushchenko, antes de dirigirse a la capital rumana donde se  celebr\u00f3 la cumbre. Por cierto, la tercera que se desarrolla en un pa\u00eds que  antes perteneci\u00f3 al denominado bloque sovi\u00e9tico, tras Praga (2002) y Riga  (2006).<br \/>&#13;<br \/>\n  <br \/>&#13;<br \/>\n  Sin embargo los pa\u00edses europeos, en especial Alemania y  Francia, que desarrollan planes de conexi\u00f3n de gas ruso a trav\u00e9s del  continente, quer\u00edan aplazar esos ingresos para no distanciarse de Mosc\u00fa que ya  hab\u00eda advertido que la extensi\u00f3n de la   OTAN a sus fronteras era una \u201camenaza\u201d.<\/p>\n<p>&#13;<\/p>\n<p align=\"justify\" class=\"text1noticias\">La versi\u00f3n  oficial a esta resistencia a admitir a esos dos pa\u00edses, fue proporcionada por  la canciller alemana Angela Merkel, que de manera diplom\u00e1tica dijo que si bien  las puertas de la Alianza  est\u00e1n abiertas, esas naciones deben solucionar primero sus problemas internos.  Es decir, Georgia sus problemas con las provincias separatistas y Ucrania, la  fuerte oposici\u00f3n en su propio pueblo. <\/p>\n<p>&#13;<\/p>\n<p align=\"justify\" class=\"text1noticias\">Previo a la  reuni\u00f3n, el primer ministro franc\u00e9s a los nuevos ingresos, Fran\u00e7ois Fillon,  manifest\u00f3 claramente la desaprobaci\u00f3n de su pa\u00eds en nombre del \u201cequilibrio de  fuerzas en Europa y entre Europa y Rusia\u201d.<\/p>\n<p>&#13;<\/p>\n<p align=\"justify\" class=\"text1noticias\">Para  Wladimir Kotenev,\u00a0 embajador ruso en Alemania, una inclusi\u00f3n de Georgia en  la OTAN ser\u00eda un  magno error pol\u00edtico, que traer\u00eda grandes tensiones. \u201cLo que se acercar\u00eda  a nuestras fronteras no es un club de discusi\u00f3n sino la infraestructura de un  bloque pol\u00edtico y militar\u201d dijo el diplom\u00e1tico.\u00a0En su opini\u00f3n,  la posible soluci\u00f3n de conflictos internos (con movimientos separatistas en  Georgia y una alta poblaci\u00f3n rusa en Crimea, Ucrania) con ayuda militar de la Alianza Atl\u00e1ntica  representa para Rusia una clara amenaza.<\/p>\n<p>&#13;<\/p>\n<p align=\"justify\" class=\"text1noticias\">\u201cAdem\u00e1s ya  es hora de que la OTAN  decida qu\u00e9 es lo pretende ser: una alianza militar o mayormente una alianza  pol\u00edtica\u201d, acot\u00f3 el diplom\u00e1tico ruso, que desde los tiempos de la guerra fr\u00eda y  la ex Rep\u00fablica Democr\u00e1tica Alemana, representa a Mosc\u00fa en territorios  germanos.<\/p>\n<p>&#13;<\/p>\n<p align=\"justify\" class=\"text1noticias\">De todas  maneras, los l\u00edderes europeos consideran que Ucrania y Georgia ya est\u00e1n  desempe\u00f1ando funciones de zona de contenci\u00f3n entre la OTAN y Rusia, \u00a0y que por  ahora es conveniente mantener esta situaci\u00f3n.<\/p>\n<p>&#13;<\/p>\n<p align=\"justify\" class=\"text1noticias\">Por lo menos  por ahora, Rusia puede vanagloriarse de haber detenido esa expansi\u00f3n, aunque el  consejero de Seguridad Nacional de la Casa Blanca, Stephen Hadley, asegur\u00f3 que Bush  volver\u00e1 a plantear el caso de Ucrania y Georgia antes de que concluya su  mandato, el pr\u00f3ximo enero. Los  ministros de Exteriores de la   OTAN tienen previsto reunirse en diciembre para hacer \u00abuna  primera evaluaci\u00f3n\u00bb del caso, explic\u00f3 Hadley.<\/p>\n<p>&#13;<\/p>\n<p align=\"justify\" class=\"text1noticias\">Al mismo tiempo, despu\u00e9s de una reuni\u00f3n de la Comisi\u00f3n OTAN-Ucrania,  el secretario general de la OTAN,  Jaap de Hoop Scheffer, insisti\u00f3 en que tanto Ucrania como Georgia \u201cser\u00e1n en el  futuro miembros de la Alianza\u201c.<\/p>\n<p>&#13;<\/p>\n<p align=\"justify\" class=\"text1noticias\"><strong>\u00bfContra qui\u00e9n existe la OTAN?.<\/strong> <\/p>\n<p>&#13;<\/p>\n<p align=\"justify\" class=\"text1noticias\">Junto a la cumbre se desarroll\u00f3 tambi\u00e9n una reuni\u00f3n entre  la OTAN y Rusia.  El presidente Vladimir Putin, que tambi\u00e9n abandona el cargo en mayo despu\u00e9s de  dos mandatos consecutivos, se reuni\u00f3 a puertas cerradas con los l\u00edderes de la  alianza militar, e insisti\u00f3 en su rechazo a la extensi\u00f3n de la OTAN hacia las fronteras con  su pa\u00eds, cuestion\u00f3 el denominado escudo antimisil, e insisti\u00f3 en el sin sentido  de ese tratado. \u201eYa no hay Uni\u00f3n Sovi\u00e9tica. \u00bfContra qui\u00e9n existe la OTAN?\u201c, pregunt\u00f3 Putin en una  conferencia de prensa que brind\u00f3 despu\u00e9s de la reuni\u00f3n.<\/p>\n<p>&#13;<\/p>\n<p align=\"justify\" class=\"text1noticias\">Putin  tambi\u00e9n critic\u00f3 la falta de voluntad pol\u00edtica de los pa\u00edses miembros de la OTAN en ratificar el Tratado  de Fuerzas Convencionales, un acuerdo de desarme para Europa y Rusia.<\/p>\n<p>&#13;<\/p>\n<p align=\"justify\" class=\"text1noticias\">El  mandatario ruso dijo que aunque su pa\u00eds ha suspendido su aplicaci\u00f3n, igual  sigue aplicando unilateralmente algunas partes del pacto, mientras que algunos  pa\u00edses de la Alianza,  ni siquiera lo han ratificado.<\/p>\n<p>&#13;<\/p>\n<p align=\"justify\" class=\"text1noticias\">El canciller  espa\u00f1ol, Miguel \u00c1ngel Moratinos, admiti\u00f3 ante la prensa de su pa\u00eds que la  l\u00f3gica de Rusia tiene sentido. <br \/>&#13;<br \/>\n  <br \/>&#13;<br \/>\nPor su parte, la canciller Angela Merkel y el ministro  de Exteriores franc\u00e9s, Bernard Kouchner, tambi\u00e9n aceptaron que se debe  renegociar el Tratado.<\/p>\n<p>&#13;<\/p>\n<p align=\"justify\" class=\"text1noticias\">En la sesi\u00f3n  del Consejo Rusia-OTAN a puerta cerrada, Putin \u201dreproch\u00f3\u201d a la Alianza Atl\u00e1ntica  el \u201ddesde\u00f1ar los intereses de Rusia\u201d y afirm\u00f3 que su pa\u00eds \u201dse ver\u00e1 obligado a  tomar medidas para defender su seguridad\u201d en respuesta a la ampliaci\u00f3n, seg\u00fan  la informaci\u00f3n oficial del Kremlin. Con todo, el l\u00edder ruso dej\u00f3  claro que la guerra fr\u00eda \u201dno va en inter\u00e9s de nadie\u201d. \u201dEstamos por el trabajo  constructivo y as\u00ed seguiremos si nuestros socios tienen en cuenta nuestros  intereses\u201d, afirm\u00f3 en la rueda de prensa.<\/p>\n<p>&#13;<\/p>\n<p align=\"justify\" class=\"text1noticias\">Putin se  refiri\u00f3 al desmantelamiento del potencial ruso en el mundo y afirm\u00f3 que la OTAN hab\u00eda contestado con un  reforzamiento del suyo. Rusia ve como una \u201damenaza\u201d el acercamiento de la Alianza a su frontera,  pese a las afirmaciones en sentido contrario, dijo el presidente. Rusia no  contempla pedir su ingreso en la   OTAN y garantiza por s\u00ed sola su seguridad, afirm\u00f3.<\/p>\n<p>&#13;<\/p>\n<p align=\"justify\" class=\"text1noticias\">Las  objeciones de Putin fueron esta vez m\u00e1s moderadas que en ocasiones anteriores. Ya  en febrero de este a\u00f1o hab\u00eda declarado que la ampliaci\u00f3n del tratado incluyendo  a Ucrania y Georgia era una amenaza a su pa\u00eds, y que el programado escudo  antimisil, era \u201cuna amenaza a la seguridad de Rusia\u201d. Entonces dijo que  Mosc\u00fa apuntar\u00e1 con sus misiles a todo pa\u00eds europeo que acoja en su territorio  elementos del sistema antimisiles.<\/p>\n<p>&#13;<\/p>\n<p align=\"justify\" class=\"text1noticias\">\u201cRusia no tiene derecho a vetar la ampliaci\u00f3n\u201d, admiti\u00f3  Putin ante los aliados en su debate de hora y media. A\u00fan as\u00ed,  subray\u00f3 que la ex rep\u00fablicas sovi\u00e9ticas son pa\u00edses complicados con los que a\u00fan  quedan problemas por resolver con el di\u00e1logo y no con el acercamiento a la OTAN; explic\u00f3 que en Crimea,  en Ucrania, el 90% de la poblaci\u00f3n es rusa o que Georgia lleva decenios sin  saber resolver la fractura en Abjasia.<br \/>&#13;<br \/>\n  <br \/>&#13;<br \/>\n  En media  hora de rueda de prensa, el l\u00edder ruso insisti\u00f3 tambi\u00e9n en que no por entrar en  la Alianza  esos pa\u00edses ser\u00e1n mejores democracias. \u201dLa OTAN no es una fuerza democratizadora\u201d.<\/p>\n<p>&#13;<\/p>\n<p align=\"justify\" class=\"text1noticias\">Antes de la  reuni\u00f3n de la OTAN,  el canciller ruso Serguei Lavrov dijo en la Duma (C\u00e1mara baja) de su pa\u00eds que Rusia \u201cno  dejar\u00e1 sin respuesta los intentos de una innecesaria extensi\u00f3n de la OTAN\u201d.<\/p>\n<p>&#13;<\/p>\n<p align=\"justify\" class=\"text1noticias\">El jefe de  la diplomacia rusa deplor\u00f3 al mismo tiempo la tan pregonada confrontaci\u00f3n entre  bloques, la cual -dijo- no es capaz de solucionar ninguno de los problemas  internacionales.<\/p>\n<p>&#13;<\/p>\n<p align=\"justify\" class=\"text1noticias\">La  televisi\u00f3n rusa particip\u00f3 activamente en divulgar la posici\u00f3n oficial de su  gobierno, a\u00f1adiendo comentarios de analistas pol\u00edticos.<\/p>\n<p>&#13;<\/p>\n<p align=\"justify\" class=\"text1noticias\">Por ejemplo,  el polit\u00f3logo Andranik Migranian record\u00f3 que la OTAN se ampl\u00eda hacia focos donde se concentran  abundantes recursos como la   Federaci\u00f3n Rusa y el espacio post sovi\u00e9tico. Se trata de una lucha  geopol\u00edtica por el control de las riquezas del planeta, argument\u00f3 en un debate  televisado.<\/p>\n<p>&#13;<\/p>\n<p align=\"justify\" class=\"text1noticias\">Al mismo tiempo, el experto en temas pol\u00edticos Viacheslav  Nikonov advirti\u00f3 que la OTAN  es la maquinaria militar m\u00e1s grande del mundo, por lo cual representa una seria  amenaza global. Record\u00f3 que ese bloque estuvo presente en la guerra y ocupaci\u00f3n  de Irak, as\u00ed como en el otro punto de conflicto, Afganist\u00e1n.<\/p>\n<p>&#13;<\/p>\n<p align=\"justify\" class=\"text1noticias\">Por lo mismo, el acercamiento de esta fuerza a las  fronteras de la Federaci\u00f3n  representa una seria amenaza para Rusia, y trat\u00e1ndose de Ucrania y Georgia un  peligro para la misma existencia del pa\u00eds eurasi\u00e1tico, concluy\u00f3 Nikonov.<\/p>\n<p>&#13;<\/p>\n<p align=\"justify\" class=\"text1noticias\">De todas maneras, el tono de Mosc\u00fa fue m\u00e1s moderado que  en ocasiones anteriores, quiz\u00e1s para no entorpecer el camino al presidente  electo, Dmitri Medv\u00e9dev, que asume el pr\u00f3ximo 7 de mayo.<\/p>\n<p>&#13;<\/p>\n<p align=\"justify\" class=\"text1noticias\">En febrero, el presidente ruso dijo en rueda de prensa  que \u201dNuestro Estado Mayor militar considera que ese sistema amenaza nuestra  seguridad nacional. Si \u00e9ste aparece (cerca de las fronteras rusas), nos veremos  obligados a tomar medidas adecuadas y a apuntar con parte de nuestros misiles a  las instalaciones que nos amenazan\u201d, dijo Putin en una rueda de prensa en el  Kremlin.<\/p>\n<p>&#13;<\/p>\n<p align=\"justify\" class=\"text1noticias\">Al mismo tiempo, subray\u00f3 que Rusia no se propone \u201capuntar  sus misiles sin necesidad extrema\u201d y que en todo caso ser\u00eda una \u201cmedida de  respuesta\u201d a los planes de Estados Unidos de instalar un radar en la Rep\u00fablica Checa y  una base de cohetes interceptores en Polonia.<\/p>\n<p>&#13;<\/p>\n<p align=\"justify\" class=\"text1noticias\">El jefe del Kremlin agreg\u00f3 que los gobiernos checo,  polaco y ucraniano act\u00faan sin siquiera consultar a sus pueblos, lo que en su opini\u00f3n  no tiene nada que ver con las \u201cnormas de la democracia\u201d. <br \/>&#13;<br \/>\n  <br \/>&#13;<br \/>\n<strong>Francia vuelve  al redil.<\/strong> <\/p>\n<p>&#13;<\/p>\n<p align=\"justify\" class=\"text1noticias\">El  presidente franc\u00e9s, Nicol\u00e1s Sarkozy, confirm\u00f3 en Bucarest su proyecto de  reintegrar al Estado franc\u00e9s en el comando militar integrado de la Alianza Atl\u00e1ntica  en la pr\u00f3xima cumbre de la OTAN  en Estrasburgo-Kehl en 2009.<\/p>\n<p>&#13;<\/p>\n<p align=\"justify\" class=\"text1noticias\">En el  discurso escrito y distribuido durante la cumbre, el presidente galo mostraba  su disposici\u00f3n a \u00abtomar todas las decisiones necesarias para que Francia tome  todo su lugar en las estructuras de la   OTAN\u00bb en 2009, \u00abtras la Presidencia francesa  de la UE\u00bb que  culmina en diciembre de 2008.<\/p>\n<p>&#13;<\/p>\n<p align=\"justify\" class=\"text1noticias\">Pero despu\u00e9s  no ley\u00f3 ese p\u00e1rrafo y en declaraciones a la prensa, preguntado por ese tema,  sostuvo que \u201ccada cosa a su tiempo\u201d. Sarkozy se limit\u00f3 a anunciar que  una decisi\u00f3n en este sentido podr\u00eda tomarse en la cumbre de 2009 en la frontera  francoalemana.<\/p>\n<p>&#13;<\/p>\n<p align=\"justify\" class=\"text1noticias\">La  resistencia interna a esa medida lo puede a llegar a poner contra las cuerdas. De confirmarse  esa decisi\u00f3n, ser\u00e1 un cambio hist\u00f3rico, m\u00e1s de 40 a\u00f1os despu\u00e9s que el ex  presidente Charles de Gaulle en 1966 abandonara las estructuras de direcci\u00f3n de  la OTAN y  obligara a trasladar el cuartel general de la alianza de Par\u00eds a Bruselas. <\/p>\n<p>&#13;<\/p>\n<p align=\"justify\" class=\"text1noticias\">De todas  maneras Francia no cort\u00f3 las amarras nunca y se estableci\u00f3 un mecanismo de  coordinaci\u00f3n para el caso de una emergencia b\u00e9lica que nunca se produjo durante  la guerra fr\u00eda. De Gaulle mantuvo la independencia de su arsenal  nuclear.<\/p>\n<p>&#13;<\/p>\n<p align=\"justify\" class=\"text1noticias\">El cambio de  rumbo puede establecer la posibilidad de que ese arsenal quede a disposici\u00f3n de  la OTAN, y  seguramente para ello es que Francia reclamar\u00e1 integrar el directorio de la  organizaci\u00f3n.<\/p>\n<p>&#13;<\/p>\n<p align=\"justify\" class=\"text1noticias\">La decisi\u00f3n de Sarkozy ya ha provocado la presentaci\u00f3n de  una moci\u00f3n de censura en su contra. Diputados de los partidos Socialista,  Comunista y Verdes, depositaron un texto de moci\u00f3n de censura ante la C\u00e1mara de Diputados de  Francia, que rechaza de forma en\u00e9rgica el env\u00edo de 800 soldados m\u00e1s a  Afganist\u00e1n.<\/p>\n<p>&#13;<\/p>\n<p align=\"justify\" class=\"text1noticias\">Asimismo, repudia la actitud de Sarkozy de retonar a la  estructura militar de\u00a0 OTAN. \u201cQueremos  instruir a los franceses sobre la peligrosa ruptura que el presidente y su  gobierno hacen con el consenso nacional que prevalec\u00eda respecto a los  principios de independencia militar y estrat\u00e9gica de Francia\u201d, destaca la  moci\u00f3n.<\/p>\n<p>&#13;<\/p>\n<p align=\"justify\" class=\"text1noticias\">El documento toca adem\u00e1s el tema de las reformas  emprendidas por Sarkozy, el descontento popular por la ca\u00edda del poder  adquisitivo de la poblaci\u00f3n y el supuesto plan de austeridad de la actual  administraci\u00f3n. <\/p>\n<p>&#13;<\/p>\n<p align=\"justify\" class=\"text1noticias\">E-mail: ernestotamara@gmail.com<\/p>\n<p>&#13;<br \/>\n&#13;<br \/>\nFuente: Bar\u00f3metro Internacional&#13;<\/p>\n<h6> 2008-04-11 02:44:37 <\/h6>\n<p><!--\n<link rel=\"stylesheet\" href=\"css\/bootstrap.min.css\">\n\n\n<ul class=\"pagination\">\n\t    \n\t\n\n<li >\n\t<a href='?page_no=12125'>Previous<\/a>\n\t<\/li>\n\n\n       \n    \n\n<li><a href='?page_no=1'>1<\/a><\/li>\n\n\n\n<li><a href='?page_no=2'>2<\/a><\/li>\n\n\n\n<li><a>...<\/a><\/li>\n\n\n\n<li><a href='?page_no=12124'>12124<\/a><\/li>\n\n\n\n<li><a href='?page_no=12125'>12125<\/a><\/li>\n\n\n\n<li class='active'><a>12126<\/a><\/li>\n\n\n\n<li><a href='?page_no=12127'>12127<\/a><\/li>\n\n\n\n<li><a href='?page_no=12128'>12128<\/a><\/li>\n\n\n\n<li><a>...<\/a><\/li>\n\n\n\n<li><a href='?page_no=13611'>13611<\/a><\/li>\n\n\n\n<li><a href='?page_no=13612'>13612<\/a><\/li>\n\n    \n\t\n\n<li >\n\t<a href='?page_no=12127'>Next<\/a>\n\t<\/li>\n\n\n    \n\n<li><a href='?page_no=13612'>Last &rsaquo;&rsaquo;<\/a><\/li>\n\n<\/ul>\n\n\n--><br \/>\n<\/body><\/p>\n","protected":false},"excerpt":{"rendered":"<p>An\u00e1lisis Pol\u00edtico y Social Nacional e Internacional&#13; &#13; De Venezuela y el Resto del Mundo.&#13; &#13; Director: Diego Olivera. Jefe de Redacci\u00f3n: Miguel Guaglianone &#13; Expansi\u00f3n, m\u00e1s gastos militares e intervenci\u00f3n en Afganist\u00e1n&#13; &#13; Europa cede y se alinea detr\u00e1s de Bush en la OTAN &#13; Por Ernesto Tamara. &#13; La cumbre de la Organizaci\u00f3n [&hellip;]<\/p>\n","protected":false},"author":3,"featured_media":0,"comment_status":"open","ping_status":"open","sticky":false,"template":"","format":"standard","meta":{"footnotes":""},"categories":[16],"tags":[],"class_list":["post-36244","post","type-post","status-publish","format-standard","hentry","category-opiniones"],"_links":{"self":[{"href":"https:\/\/diariodominicano.com\/index.php?rest_route=\/wp\/v2\/posts\/36244","targetHints":{"allow":["GET"]}}],"collection":[{"href":"https:\/\/diariodominicano.com\/index.php?rest_route=\/wp\/v2\/posts"}],"about":[{"href":"https:\/\/diariodominicano.com\/index.php?rest_route=\/wp\/v2\/types\/post"}],"author":[{"embeddable":true,"href":"https:\/\/diariodominicano.com\/index.php?rest_route=\/wp\/v2\/users\/3"}],"replies":[{"embeddable":true,"href":"https:\/\/diariodominicano.com\/index.php?rest_route=%2Fwp%2Fv2%2Fcomments&post=36244"}],"version-history":[{"count":0,"href":"https:\/\/diariodominicano.com\/index.php?rest_route=\/wp\/v2\/posts\/36244\/revisions"}],"wp:attachment":[{"href":"https:\/\/diariodominicano.com\/index.php?rest_route=%2Fwp%2Fv2%2Fmedia&parent=36244"}],"wp:term":[{"taxonomy":"category","embeddable":true,"href":"https:\/\/diariodominicano.com\/index.php?rest_route=%2Fwp%2Fv2%2Fcategories&post=36244"},{"taxonomy":"post_tag","embeddable":true,"href":"https:\/\/diariodominicano.com\/index.php?rest_route=%2Fwp%2Fv2%2Ftags&post=36244"}],"curies":[{"name":"wp","href":"https:\/\/api.w.org\/{rel}","templated":true}]}}