{"id":36242,"date":"2008-04-11T15:41:08","date_gmt":"2008-04-11T15:41:08","guid":{"rendered":"http:\/\/diariodominicano.ddns.net\/?p=36242"},"modified":"2008-04-11T15:41:08","modified_gmt":"2008-04-11T15:41:08","slug":"reflexiones-del-companero-fidel-13","status":"publish","type":"post","link":"https:\/\/diariodominicano.com\/?p=36242","title":{"rendered":"Reflexiones del compa\u00f1ero Fidel"},"content":{"rendered":"<p><body><\/p>\n<p align=\"justify\"><strong class=\"titulogrande1\">Reflexiones  del compa\u00f1ero Fidel <\/strong><br \/>&#13;<br \/>\n  <br \/>&#13;<br \/>\n    <strong>Bush, los millonarios, el consumismo y el subconsumo<\/strong><br \/>&#13;<br \/>\n    <br \/>&#13;<br \/>\n    <span class=\"text1noticias\">No es necesario  probar que la matanza prosigue con odio creciente en Iraq, un pa\u00eds donde m\u00e1s  del 95 por ciento del pueblo es musulm\u00e1n \u2014de ellos, m\u00e1s del 60 por ciento chi\u00edtas  y el resto sunitas\u2014 y en Afganist\u00e1n, donde m\u00e1s del 99 por ciento es tambi\u00e9n  musulm\u00e1n \u2014el 80 por ciento sunita, y el resto chi\u00edta. Ambos pueblos est\u00e1n  constituidos a su vez por nacionalidades y etnias de diversa procedencia y  ubicaci\u00f3n.<br \/>&#13;<br \/>\n    <br \/>&#13;<br \/>\n    Adem\u00e1s de soldados de  Estados Unidos, en Afganist\u00e1n est\u00e1n involucrados los de casi todos los Estados  europeos, incluido el refuerzo franc\u00e9s ordenado por Sarkozy. <br \/>&#13;<br \/>\n    <br \/>&#13;<br \/>\n    Los rusos no se  dejaron embarcar en esta guerra; su cuota de sangre all\u00ed hab\u00eda sido  suficientemente amplia y su costo pol\u00edtico, incalculable. Seguramente en  Afganist\u00e1n murieron, como soldados sovi\u00e9ticos, ciudadanos de Estonia, Lituania,  Letonia, Georgia y Ucrania, que hoy forman parte o aspiran a ingresar en la  OTAN como rep\u00fablicas ex sovi\u00e9ticas. <br \/>&#13;<br \/>\n    <br \/>&#13;<br \/>\n    Otro hecho muy real  es que la lucha contra la hero\u00edna no se menciona en un pa\u00eds donde la guerra ha  convertido a los que cultivan la amapola en capaces de abastecer las  necesidades m\u00e9dicas de opio y proveer adem\u00e1s de drogas a una cifra incontable  de personas.<br \/>&#13;<br \/>\n    <br \/>&#13;<br \/>\n    El Presidente de  Rusia observa que la OTAN creci\u00f3 de 16 a 28 miembros. Bush declara que mir\u00f3 a  los ojos de su interlocutor ruso y ley\u00f3 su pensamiento \u2014es lo que hace con el <em>teleprompter<\/em>\u2014,  pero no explic\u00f3 si escrito en ingl\u00e9s o en ruso.<br \/>&#13;<br \/>\n    <br \/>&#13;<br \/>\n    A Rusia le extrajeron  m\u00e1s de 500 mil millones de d\u00f3lares a trav\u00e9s de los pa\u00edses capitalistas de  Europa Occidental, una parte importante de los cuales se invirti\u00f3 en empresas  altamente rentables o residencias de lujo, y el resto lo ingres\u00f3 en bancos  norteamericanos amparados por el gobierno de ese pa\u00eds. Todo era ilegal e  inmoral. Antes de su desaparici\u00f3n, la URSS fue v\u00edctima de sabotajes como el que  hizo estallar por medios t\u00e9cnicos el gasoducto de Siberia, operado con software  norteamericano, caballo de Troya del imperio, y se desarm\u00f3 unilateralmente ante  Reagan, como ha sido demostrado. <br \/>&#13;<br \/>\n    <br \/>&#13;<br \/>\n    No puedo menos que  recordar el lunes 3 de abril, cuando puse a un lado el voluminoso bolet\u00edn de  las noticias internacionales, y tom\u00e9 el <em>Granma<\/em> de ese d\u00eda para  distraerme un rato. Comenc\u00e9 por ojear la \u00faltima p\u00e1gina. \u00a1Qu\u00e9 sorpresa! Juan  Varela nos ilustraba con una descripci\u00f3n casi perfecta de la diferencia entre  el Conejito de Aguada de Pasajeros, en la provincia de Cienfuegos y el de Nueva  Paz, provincia de La Habana, ambos abiertos las 24 horas del d\u00eda. En el primero  se luch\u00f3 y se lucha en una batalla hasta ahora ganada. En el segundo, aunque se  lucha, no est\u00e1 ganada todav\u00eda.<br \/>&#13;<br \/>\n    <br \/>&#13;<br \/>\n\u00bfQu\u00e9 nos cuenta Juan  Varela? \u00abLos vendedores proceden de diferentes lugares, funcionan como una  especie de asociaci\u00f3n con un original sistema de aviso. Mediante se\u00f1ales  alertan la presencia de agentes de la autoridad o de cualquier dirigente. Con  felina movilidad son capaces, en pocos minutos, de desmontar el escenario de  operaciones y trasladar la mercanc\u00eda hacia un lugar convenido. All\u00ed esperan la  se\u00f1al que les devuelva la normalidad.\u00bb<br \/>&#13;<br \/>\n<br \/>&#13;<br \/>\n\u00bfDe d\u00f3nde procede lo  que vende la quintacolumna en Nueva Paz? Son mercanc\u00edas sustra\u00eddas de f\u00e1bricas,  transportes, centros de almacenaje o distribuci\u00f3n. Los que rinden culto al  ego\u00edsmo sin restricci\u00f3n alguna por parte del Estado, lo cual califican de  perturbador, no podr\u00edan construir jam\u00e1s una obra social s\u00f3lida y duradera, que  en nuestra \u00e9poca, con el desarrollo de las fuerzas productivas, s\u00f3lo puede ser  fruto de la educaci\u00f3n y la conciencia, creando valores que deben sembrarse y  cultivarse. <br \/>&#13;<br \/>\n<br \/>&#13;<br \/>\nNo est\u00e1 prohibido  pensar; tampoco est\u00e1 prohibido so\u00f1ar, pero pensando no se hace da\u00f1o a nadie;  so\u00f1ando se puede hundir a un pa\u00eds o algo m\u00e1s: la propia especie. Junto a las  fuerzas productivas, la ciencia ha desarrollado parejamente las fuerzas  destructivas. \u00bfAlguien lo puede negar?<br \/>&#13;<br \/>\n<br \/>&#13;<br \/>\nEse mismo d\u00eda, vuelvo  la hoja de <em>Granma<\/em> y me encuentro con la secci\u00f3n \u00abDetr\u00e1s de la  noticia\u00bb, que escribe Elson Concepci\u00f3n P\u00e9rez. Lo que dice textualmente no  tiene desperdicio:<br \/>&#13;<br \/>\n<br \/>\u00abNi un solo  despacho de la gran prensa se refiere a las diferencias sociales, el desempleo,  la inflaci\u00f3n, entre otros males llegados con el capitalismo.<br \/>&#13;<br \/>\n<br \/>\u00abEn Internet, no  obstante, se puede conocer esa otra cara de la moneda: un grupo de 300 rumanos  \u2014los m\u00e1s ricos\u2014, ha alcanzado la espectacular cifra de m\u00e1s de 33 000 millones  de d\u00f3lares, que representan el 27 por ciento del Producto Interno Bruto de este  pa\u00eds, seg\u00fan inform\u00f3 la revista <em>Capital &#8216;Top 300&#8217;<\/em>.<br \/>&#13;<br \/>\n<br \/>\u00abMientras se  cuentan por millones los que viven por debajo de los niveles de la pobreza, la  naci\u00f3n del Este europeo tiene un ciudadano con una fortuna calculada entre 3  100 y 3 300 millones de d\u00f3lares. Su nombre es Dinu Patriciu, que recientemente  vendi\u00f3 una parte de la compa\u00f1\u00eda petrolera Rompetrol al grupo KazMunaiGaz, de  Kazajst\u00e1n, por 2 700 millones de euros\u00bb. Casi 4 000 millones de d\u00f3lares.<br \/>&#13;<br \/>\n<br \/>\u00abDinu destron\u00f3 a  Iosif Constantin Dr\u00e3gan, que qued\u00f3 relegado al s\u00e9ptimo puesto con un capital de  entre 1 500 y 1 600 millones de d\u00f3lares, dice textualmente la publicaci\u00f3n.<br \/>&#13;<br \/>\n<br \/>\u00abGigi Becali,  due\u00f1o del club de f\u00fatbol Steaua, tiene la segunda fortuna m\u00e1s grande, estimada  entre 2 800 y 3 000 millones de d\u00f3lares, que ha acumulado sobre todo en el  sector inmobiliario.<br \/>&#13;<br \/>\n<br \/>\u00abEl ex tenista y  hombre de negocios Ion Tiriac, el segundo hombre m\u00e1s rico en el 2006, con  negocios en banca, seguros y autom\u00f3viles, pas\u00f3 al tercer lugar con una fortuna  entre 2 200 y 2 400 millones.\u00bb<br \/>&#13;<br \/>\n<br \/>&#13;<br \/>\nHasta aqu\u00ed lo que en  forma detallada reporta Elson en la secci\u00f3n de <em>Granma<\/em>.<br \/>&#13;<br \/>\n<br \/>&#13;<br \/>\nRecordemos todos que  Rumania era un pa\u00eds socialista donde hab\u00eda petr\u00f3leo e industria petroqu\u00edmica  bastante desarrollada, generoso suelo y clima para la producci\u00f3n de alimentos  proteicos y cal\u00f3ricos, para no citar otras ramas.<br \/>&#13;<br \/>\n<br \/>&#13;<br \/>\nHab\u00eda all\u00ed te\u00f3ricos  del acceso f\u00e1cil a los bienes de consumo, como los hay en Cuba; o\u00eddos y ojos  imperiales atentos a esos sue\u00f1os.<br \/>&#13;<br \/>\n<br \/>&#13;<br \/>\nHay otros peligros  derivados del capitalismo desarrollado: el cambio clim\u00e1tico.<br \/>&#13;<br \/>\n<br \/>&#13;<br \/>\nUn cable de la AFP  informa sobre las declaraciones de James Hansen, principal especialista en  clima de la NASA (Administraci\u00f3n Nacional de Aeron\u00e1utica y del Espacio, creada  por Eisenhower el 29 de julio de 1958, una instituci\u00f3n que ha sido decisiva  para el poder actual de Estados Unidos).<br \/>&#13;<br \/>\n<br \/>\u00ab&#8216;Las emisiones  de di\u00f3xido de carbono a la atm\u00f3sfera ya alcanzaron un nivel peligroso&#8217; de 385  part\u00edculas por mill\u00f3n, lo que representa un &#8216;punto cr\u00edtico&#8217;, explic\u00f3 a la AFP  Hansen, quien, a sus 67 a\u00f1os de edad, dirige el Instituto Goddard de estudios  espaciales de la NASA en Nueva York.\u00bb<br \/>&#13;<br \/>\n<br \/>\u00abEl principal  obst\u00e1culo para rescatar el planeta no es de orden tecnol\u00f3gico, afirm\u00f3 James  Hansen, nombrado en 2006 entre las 100 personas m\u00e1s influyentes por la revista  estadounidense<em> Time<\/em>.\u00bb<br \/>&#13;<br \/>\n<br \/>\u00ab&#8216;Me ha quedado  claro en el curso de los \u00faltimos a\u00f1os que tanto el poder ejecutivo como el  legislativo han estado fuertemente influenciados por los intereses espec\u00edficos&#8217;  del sector de las energ\u00edas f\u00f3siles, subray\u00f3.<br \/>&#13;<br \/>\n<br \/>\u00ab&#8216;La industria  induce al error al p\u00fablico y a los responsables pol\u00edticos sobre las causas del  cambio clim\u00e1tico. De la misma manera en que lo hacen los fabricantes de  cigarrillos: saben que fumar provoca c\u00e1ncer, pero han reclutado cient\u00edficos  para afirmar lo contrario&#8217;, a\u00f1adi\u00f3.\u00bb<br \/>&#13;<br \/>\n<br \/>\u00abDurante una audiencia  en el Congreso, Hansen denunci\u00f3 las interferencias que impiden que las  informaciones cient\u00edficas alcancen al p\u00fablico luego de llegar al gobierno del  presidente George W. Bush.<br \/>&#13;<br \/>\n<br \/>\u00abLos  responsables de relaciones p\u00fablicas del gobierno, explic\u00f3 en ese momento,  filtran los hechos cient\u00edficos para reducir en las personas la idea de que el  cambio clim\u00e1tico y las emisiones humanas de gases de efecto invernadero est\u00e1n  vinculados.\u00bb<br \/>&#13;<br \/>\n<br \/>\u00abLos  responsables pol\u00edticos, que deber\u00edan estar al corriente, &#8216;ignoran el estado actual  del problema, su gravedad y sobre todo su urgencia&#8217;, agreg\u00f3.\u00bb<br \/>&#13;<br \/>\n<br \/>&#13;<br \/>\nOtro punto importante  que deseo se\u00f1alar: El Fondo Monetario Internacional (FMI), baluarte del sistema  capitalista desarrollado impuesto a la humanidad, posee 3 217 toneladas de oro.  Estados Unidos, con derecho al 17 por ciento de los votos que se emitan  \u2014privilegio concedido a la potencia dominante despu\u00e9s de la Segunda Guerra  Mundial\u2014, puede vetar cualquier decisi\u00f3n, aunque todos los dem\u00e1s miembros del  Fondo la aprueben. La instituci\u00f3n, lastrada por excesiva burocracia, decidi\u00f3  vender 403,3 toneladas de oro, \u00abpara funcionar con m\u00e1s eficiencia\u00bb.  La causa real es que se ha quedado sin clientes por las condiciones leoninas  que impone a sus pr\u00e9stamos. Las 403,3 toneladas de oro, a su precio actual,  equivalen a casi 12 mil millones de d\u00f3lares. Ese dinero no significa nada, una  suma igual el gobierno de Estados Unidos la inyecta forzosamente a la  circulaci\u00f3n en cuesti\u00f3n de horas, para salvar a sus bancos.<br \/>&#13;<br \/>\n<br \/>&#13;<br \/>\nEl colosal aparato  del imperio para la desinformaci\u00f3n, entre otras cosas referida a mi mensaje a  los intelectuales, afirm\u00f3 que Fidel arremet\u00eda contra el empleo de la  computaci\u00f3n, cual si se tratara de una persona apartada de la realidad. Abel  Prieto, ministro de Cultura y prestigioso intelectual, en su discurso de  clausura del Congreso de la UNEAC, respondi\u00f3 con brillantez a la intriga,  recordando los m\u00e1s de 600 Joven Club que se han ido creando a lo largo y ancho  de la isla en los \u00faltimos 20 a\u00f1os y hoy grad\u00faan en el manejo de la computaci\u00f3n  a m\u00e1s de 200 mil cubanos cada a\u00f1o. Record\u00f3 igualmente la Universidad de las  Ciencias Inform\u00e1ticas, visitada por los delegados del Congreso, que hoy grad\u00faa  m\u00e1s de 1 600 destacados ingenieros en esa especialidad por a\u00f1o, as\u00ed como la  inversi\u00f3n, en pleno per\u00edodo especial, para la reconstrucci\u00f3n del casi imposible  proyecto de las Escuelas de Arte de Cubanac\u00e1n.<br \/>&#13;<br \/>\n<br \/>&#13;<br \/>\nLas palabras de  Esteban Lazo \u2014un testigo excepcional por haber sido primer secretario del  Partido en la Ciudad de La Habana y otras provincias con anterioridad\u2014  persuasivas, realistas, contundentes, con su piel negra y su cabello blanco,  pero la voz firme de sus 64 a\u00f1os, le dieron fuerza a la argumentaci\u00f3n de Abel.<br \/>&#13;<br \/>\n<br \/>&#13;<br \/>\nSi el imperio lograra  obtener de nuevo el control de Cuba, no quedar\u00eda una sola de las escuelas de  estudios superiores creadas por la Revoluci\u00f3n para ofrecer ese derecho a todos  los j\u00f3venes; enviar\u00eda a la mayor\u00eda a cortar ca\u00f1a; es su pol\u00edtica declarada.  Tratar\u00eda de robar los talentos art\u00edsticos y cient\u00edficos ya creados, como hace  con los dem\u00e1s pa\u00edses de nuestro hemisferio. Disponer de m\u00e1s de 70 mil  especialistas en Medicina General Integral y otros cientos de miles de  profesionales, ayudar a otros entre los m\u00e1s pobres y exportar servicios, es un  pecado que no puede tolerarse a un pueblo del Tercer Mundo.<br \/>&#13;<br \/>\n<br \/>&#13;<br \/>\n    Al fin y al cabo,  hemos resistido su bloqueo, sus agresiones y sus brutales actos de terrorismo  durante casi medio siglo.<br \/>&#13;<br \/>\n    <br \/>&#13;<br \/>\n    Tuve el privilegio de  escuchar importantes intervenciones de los invitados latinoamericanos y de  otros pa\u00edses en el VII Encuentro Hemisf\u00e9rico de Lucha contra los TLC y por la  Integraci\u00f3n de los Pueblos. Les doy las gracias por sus palabras solidarias y  me sumo a sus causas, que con tanto talento y coraje defienden. \u00a1Formar  conciencia y mover pol\u00edticamente a las masas es una gran consigna!<br \/>&#13;<br \/>\n    <br \/>&#13;<br \/>\n    Fidel  Castro Ruz<br \/>&#13;<br \/>\n    <br \/>&#13;<br \/>\n      Abril 10 de 2008<br \/>&#13;<br \/>\n      <br \/>&#13;<br \/>\n7 y 06 p.m<\/span><\/p>\n<p>&#13;<\/p>\n<h6> 2008-04-11 15:41:08 <\/h6>\n<p><!--\n<link rel=\"stylesheet\" href=\"css\/bootstrap.min.css\">\n\n\n<ul class=\"pagination\">\n\t    \n\t\n\n<li >\n\t<a href='?page_no=12123'>Previous<\/a>\n\t<\/li>\n\n\n       \n    \n\n<li><a href='?page_no=1'>1<\/a><\/li>\n\n\n\n<li><a href='?page_no=2'>2<\/a><\/li>\n\n\n\n<li><a>...<\/a><\/li>\n\n\n\n<li><a href='?page_no=12122'>12122<\/a><\/li>\n\n\n\n<li><a href='?page_no=12123'>12123<\/a><\/li>\n\n\n\n<li class='active'><a>12124<\/a><\/li>\n\n\n\n<li><a href='?page_no=12125'>12125<\/a><\/li>\n\n\n\n<li><a href='?page_no=12126'>12126<\/a><\/li>\n\n\n\n<li><a>...<\/a><\/li>\n\n\n\n<li><a href='?page_no=13611'>13611<\/a><\/li>\n\n\n\n<li><a href='?page_no=13612'>13612<\/a><\/li>\n\n    \n\t\n\n<li >\n\t<a href='?page_no=12125'>Next<\/a>\n\t<\/li>\n\n\n    \n\n<li><a href='?page_no=13612'>Last &rsaquo;&rsaquo;<\/a><\/li>\n\n<\/ul>\n\n\n--><br \/>\n<\/body><\/p>\n","protected":false},"excerpt":{"rendered":"<p>Reflexiones del compa\u00f1ero Fidel &#13; &#13; Bush, los millonarios, el consumismo y el subconsumo&#13; &#13; No es necesario probar que la matanza prosigue con odio creciente en Iraq, un pa\u00eds donde m\u00e1s del 95 por ciento del pueblo es musulm\u00e1n \u2014de ellos, m\u00e1s del 60 por ciento chi\u00edtas y el resto sunitas\u2014 y en Afganist\u00e1n, [&hellip;]<\/p>\n","protected":false},"author":3,"featured_media":0,"comment_status":"open","ping_status":"open","sticky":false,"template":"","format":"standard","meta":{"footnotes":""},"categories":[16],"tags":[],"class_list":["post-36242","post","type-post","status-publish","format-standard","hentry","category-opiniones"],"_links":{"self":[{"href":"https:\/\/diariodominicano.com\/index.php?rest_route=\/wp\/v2\/posts\/36242","targetHints":{"allow":["GET"]}}],"collection":[{"href":"https:\/\/diariodominicano.com\/index.php?rest_route=\/wp\/v2\/posts"}],"about":[{"href":"https:\/\/diariodominicano.com\/index.php?rest_route=\/wp\/v2\/types\/post"}],"author":[{"embeddable":true,"href":"https:\/\/diariodominicano.com\/index.php?rest_route=\/wp\/v2\/users\/3"}],"replies":[{"embeddable":true,"href":"https:\/\/diariodominicano.com\/index.php?rest_route=%2Fwp%2Fv2%2Fcomments&post=36242"}],"version-history":[{"count":0,"href":"https:\/\/diariodominicano.com\/index.php?rest_route=\/wp\/v2\/posts\/36242\/revisions"}],"wp:attachment":[{"href":"https:\/\/diariodominicano.com\/index.php?rest_route=%2Fwp%2Fv2%2Fmedia&parent=36242"}],"wp:term":[{"taxonomy":"category","embeddable":true,"href":"https:\/\/diariodominicano.com\/index.php?rest_route=%2Fwp%2Fv2%2Fcategories&post=36242"},{"taxonomy":"post_tag","embeddable":true,"href":"https:\/\/diariodominicano.com\/index.php?rest_route=%2Fwp%2Fv2%2Ftags&post=36242"}],"curies":[{"name":"wp","href":"https:\/\/api.w.org\/{rel}","templated":true}]}}