{"id":36240,"date":"2008-04-13T03:57:08","date_gmt":"2008-04-13T03:57:08","guid":{"rendered":"http:\/\/diariodominicano.ddns.net\/?p=36240"},"modified":"2008-04-13T03:57:08","modified_gmt":"2008-04-13T03:57:08","slug":"el-lider-politico-los-elogios-y-su-sentido-de-oportunidad","status":"publish","type":"post","link":"https:\/\/diariodominicano.com\/?p=36240","title":{"rendered":"El L\u00edder pol\u00edtico: Los Elogios y su Sentido de Oportunidad"},"content":{"rendered":"<p><body><\/p>\n<p class=\"titulogrande1\"><strong>El L\u00edder pol\u00edtico: Los  Elogios y su Sentido de Oportunidad<\/strong><\/p>\n<p>&#13;<\/p>\n<p align=\"justify\" class=\"text1noticias\">Uno de los aspectos m\u00e1s comunes en que el  l\u00edder se ve involucrado es en los\u00a0  elogios de sus seguidores. Para cualquier hombre com\u00fan un elogio lo  enaltece en lo personal, para el l\u00edder estas deben ser cosas pasajeras, que si  bien merecen su cortes\u00eda, no deben tener m\u00e1s valor del que realmente merecen. <\/p>\n<p>&#13;<\/p>\n<p align=\"justify\" class=\"text1noticias\">El l\u00edder debe agradecer los elogios y  agradecer la buena voluntad de quien se los dispensa, sin embargo no debe  atribuirle mayor importancia de la que realmente tienen. En cuanto a las  distinciones de que es objeto \u00e9ste debe aceptarlas con sencillez, acept\u00e1ndolas  como algo que tiene su valor,\u00a0 pero sin  sobrevalorarlas. El l\u00edder debe actuar, en cada momento, seg\u00fan lo estime justo y  beneficioso, pero sin reproches\u00a0 de  aquellos que por intereses\u00a0 o  circunstancias pasan a hacer causa com\u00fan con otros l\u00edderes u organizaciones.  Los actos del l\u00edder deben apuntar a cumplir\u00a0  con sus palabras y con sus deberes, porque cuando \u00e9ste no cumple con sus  obligaciones y compromisos es considerado como un indigno o demagogo, entonces  su estimaci\u00f3n baja en el aprecio de la conciencia colectiva.<\/p>\n<p>&#13;<\/p>\n<p align=\"justify\" class=\"text1noticias\">Otro aspecto que debe tener presente un l\u00edder  pol\u00edtico es en hacer distinci\u00f3n entre las personas con quien profundiza sus  relaciones. El l\u00edder no debe derrochar su capacidad e inteligencia  compartiendo, de manera regular, con personas que no aportan nada a las tareas  de Estado ni a la visi\u00f3n hist\u00f3rica que \u00e9ste tiene en sus proyecciones\u00a0 que trascienden lo cotidiano. Es m\u00e1s  provechoso para el l\u00edder\u00a0 establecer  relaciones con personas que puedan compartir tareas e ideas comunes. Esto no  quiere decir que \u00e9ste pierda la sencillez y la modestia, una decisi\u00f3n similar  busca ahorrarle tiempo en sus tareas cotidianas y propias de su funci\u00f3n de l\u00edder.\u00a0\u00a0\u00a0\u00a0\u00a0\u00a0\u00a0\u00a0\u00a0\u00a0\u00a0\u00a0\u00a0\u00a0\u00a0\u00a0\u00a0\u00a0\u00a0\u00a0\u00a0\u00a0\u00a0 <\/p>\n<p>&#13;<\/p>\n<p align=\"justify\" class=\"text1noticias\">En los viajes frecuentes que realiza un l\u00edder  su comportamiento debe ser de acercamiento con las personas comunes que buscan  abordarle. Este debe hablar con todo el mundo. Participar con las personas  comunes e importantes, porque de esa forma puede captar las necesidades y  problemas\u00a0 de la gente de forma directa.<\/p>\n<p>&#13;<\/p>\n<p align=\"justify\" class=\"text1noticias\">El l\u00edder debe tener como tarea principal la  protecci\u00f3n de los bienes del Estado y debe ser un vigilante permanente para que se mantenga el Estado de Derecho y  la continuidad de Estado. Este debe hacer un esfuerzo porque la gente perciba  que su preocupaci\u00f3n es mantener el status quo, sin que este perezca en su  mandato.\u00a0 <br \/>&#13;<br \/>\n\u00a0\u00a0\u00a0\u00a0\u00a0\u00a0\u00a0\u00a0\u00a0\u00a0\u00a0\u00a0\u00a0\u00a0\u00a0\u00a0\u00a0\u00a0\u00a0\u00a0\u00a0\u00a0\u00a0\u00a0\u00a0\u00a0\u00a0\u00a0\u00a0\u00a0\u00a0\u00a0\u00a0\u00a0\u00a0\u00a0\u00a0\u00a0\u00a0\u00a0\u00a0\u00a0\u00a0\u00a0\u00a0\u00a0\u00a0\u00a0\u00a0\u00a0\u00a0\u00a0\u00a0\u00a0\u00a0\u00a0\u00a0\u00a0\u00a0\u00a0\u00a0\u00a0\u00a0\u00a0\u00a0\u00a0\u00a0\u00a0\u00a0\u00a0\u00a0\u00a0\u00a0\u00a0\u00a0\u00a0\u00a0\u00a0\u00a0\u00a0\u00a0\u00a0\u00a0\u00a0\u00a0\u00a0\u00a0\u00a0\u00a0\u00a0\u00a0\u00a0\u00a0\u00a0\u00a0\u00a0\u00a0  \u00a0\u00a0\u00a0\u00a0\u00a0\u00a0\u00a0\u00a0\u00a0\u00a0\u00a0\u00a0\u00a0\u00a0\u00a0<br \/>&#13;<br \/>\nA un liderazgo prudente, que se preocupa por  el bien com\u00fan y que no piensa s\u00f3lo en si mismo, que se preocupa por los  problemas latentes de la gente\u00a0 y de la  naci\u00f3n, la poblaci\u00f3n casi nunca le reprochara\u00a0  si \u00e9ste aspirara a continuar dirigiendo, sea para continuar sus tareas  de gobierno, o sea para introducir cambios y reformas en la estructura del Estado.<\/p>\n<p>&#13;<\/p>\n<p align=\"justify\" class=\"text1noticias\">Es importante establecer que el l\u00edder que  abandona a la suerte su ejercicio de poder corre el riesgo de perder su espacio  con facilidad. El liderazgo que se fije metas y tareas de Estado especificas y  de gran proyecci\u00f3n en beneficio de la naci\u00f3n tiene toda la posibilidad\u00a0 de mantener su espacio social y pol\u00edtico, no  s\u00f3lo cuando est\u00e9 frente al gobierno, sino tambi\u00e9n cuando ejercite su liderazgo  fuera de \u00e9ste. <br \/>&#13;<br \/>\n\u00a0\u00a0\u00a0\u00a0\u00a0\u00a0\u00a0\u00a0\u00a0\u00a0\u00a0\u00a0\u00a0\u00a0\u00a0\u00a0\u00a0\u00a0\u00a0\u00a0\u00a0\u00a0\u00a0\u00a0\u00a0\u00a0\u00a0\u00a0\u00a0\u00a0\u00a0\u00a0\u00a0\u00a0\u00a0\u00a0\u00a0\u00a0\u00a0\u00a0\u00a0\u00a0\u00a0\u00a0\u00a0\u00a0\u00a0\u00a0\u00a0\u00a0\u00a0\u00a0\u00a0\u00a0\u00a0\u00a0\u00a0\u00a0\u00a0\u00a0\u00a0\u00a0\u00a0\u00a0\u00a0\u00a0\u00a0\u00a0\u00a0\u00a0\u00a0\u00a0\u00a0\u00a0\u00a0\u00a0\u00a0\u00a0\u00a0\u00a0\u00a0\u00a0\u00a0\u00a0\u00a0\u00a0\u00a0\u00a0\u00a0\u00a0\u00a0\u00a0\u00a0\u00a0\u00a0\u00a0\u00a0\u00a0\u00a0\u00a0\u00a0\u00a0\u00a0\u00a0\u00a0 <br \/>&#13;<br \/>\nEl l\u00edder debe tener sentido de la oportunidad  para acometer sus acciones de Estado, ya que si no tiene sentido de la  oportunidad\u00a0 la virtud o la capacidad que  pueda tener queda relegada, toda vez que el l\u00edder no combine ambos aspectos.  Por eso el l\u00edder debe ser un vigilante permanente para cuando la oportunidad se  presente aprovecharla al m\u00e1ximo.<\/p>\n<p>&#13;<\/p>\n<p align=\"justify\" class=\"text1noticias\">Las oportunidades que se presentan a un l\u00edder  para afianzar su liderazgo no podr\u00e1n ser aprovechadas\u00a0 si \u00e9ste no posee la capacidad\u00a0 para identificar esas coyunturas que permiten  afianzar y crecer en el seno de la poblaci\u00f3n. La cualidad que pose el l\u00edder,  diferente al com\u00fan de la gente, es lo que le permite a \u00e9ste reconocer cu\u00e1ndo el  proceso pol\u00edtico o la coyuntura son favorables para su actuaci\u00f3n, o no en el  escenario pol\u00edtico.<\/p>\n<p>&#13;<\/p>\n<p align=\"justify\" class=\"text1noticias\">El l\u00edder pol\u00edtico que llega al poder por  medio de su capacidad\u00a0 tiene mayor  dificultad\u00a0 que otros para alcanzar esa  posici\u00f3n, sin embargo cuando se produce el ascenso\u00a0 al\u00a0  poder de este tipo de liderazgo le es m\u00e1s f\u00e1cil mantenerse en \u00e9l que aquellos  liderazgos que han llegado al poder por suerte o coyunturas favorables. El  l\u00edder con cualidades propias no depende de nadie para poner en marcha sus  planes y acciones de Estado. Este s\u00f3lo contar\u00e1 con su propia fuerza y sus  propios instintos para acometer sus tareas.\u00a0 <\/p>\n<p>&#13;<\/p>\n<p align=\"justify\" class=\"text1noticias\">Los hombres con cualidades excepcionales\u00a0 cuando act\u00faan en el escenario social y  pol\u00edtico encuentran\u00a0 grandes  dificultades\u00a0 y muchas veces encuentran  el camino lleno de peligros que deben enfrentar y superar utilizando su  inteligencia. Otro aspecto que los nuevos lideres deber\u00e1n tomar en cuenta es el  que se refiere al paso de otros lideres por el seno de las grandes  organizaciones pol\u00edticas y por el ejercicio de Estado, ya que si se asimilan  las experiencias positivas de los grandes lideres, eso ayuda a los nuevos  lideres a jugar roles de mayor eficiencia\u00a0  en las tareas de gobierno y  pol\u00edticas a que se tienen que enfrentar.\u00a0\u00a0\u00a0\u00a0\u00a0\u00a0\u00a0\u00a0\u00a0\u00a0\u00a0\u00a0\u00a0\u00a0\u00a0\u00a0\u00a0\u00a0\u00a0\u00a0\u00a0\u00a0\u00a0\u00a0\u00a0\u00a0\u00a0\u00a0\u00a0\u00a0\u00a0\u00a0\u00a0\u00a0\u00a0\u00a0\u00a0\u00a0\u00a0\u00a0\u00a0\u00a0\u00a0\u00a0\u00a0\u00a0\u00a0\u00a0\u00a0\u00a0\u00a0\u00a0\u00a0\u00a0\u00a0\u00a0\u00a0\u00a0\u00a0\u00a0\u00a0\u00a0\u00a0\u00a0\u00a0\u00a0\u00a0\u00a0\u00a0\u00a0\u00a0\u00a0\u00a0\u00a0\u00a0\u00a0\u00a0\u00a0\u00a0\u00a0 <\/p>\n<p>&#13;<\/p>\n<p align=\"justify\" class=\"text1noticias\">En el libro <strong>\u201cEl Pr\u00edncipe\u201d<\/strong> <strong>Maquiavelo<\/strong> lo resume de la siguiente manera:\u201dCasi siempre caminan los hombres por sendas  trilladas, poco obran por si mismos, sino por esp\u00edritu de imitaci\u00f3n, pero como  \u00e9ste esp\u00edritu no puede ser exacto en todo, ni suele ser posible llegar a la  altura de aquellos que se toman por modelos, el hombre advertido debe  \u00fanicamente seguir los caminos que abrieron otros, tenidos por superiores, e  imitar bien a los que han sobresalido, a fin de que sino consigue igualarles,  tengan al menos alguna semejanza con las suyas\u201d*. Como se puede apreciar el  conocimiento de las acciones de los grandes lideres puede contribuir mas  ascenso y establecimiento de nuevos lideres, si estos imitaran las acciones y  v\u00eda trazadas por los grandes hombres.\u00a0\u00a0 <\/p>\n<p>&#13;<\/p>\n<p align=\"justify\" class=\"text1noticias\">El l\u00edder debe estar consciente de que el  Estado, a trav\u00e9s del gobierno, tiene dos formas de expresarse y de someter a  los gobernados, esas dos formas se expresan a trav\u00e9s del estado de derecho y la  fuerza\u00a0 que pueda ejercer el Estado a  trav\u00e9s de sus organismos represivos. Depender\u00e1 del l\u00edder en qu\u00e9 momento ser\u00eda  m\u00e1s provechoso utilizar una u otra para el control y dominio de la situaci\u00f3n  que tenga que enfrentar en un momento determinado de su ejercicio de mando. <br \/>&#13;<br \/>\n\u00a0<br \/>&#13;<br \/>\n<strong>Evelio Arroyo es Soci\u00f3logo, Abogado y Escritor. Estos temas son  publicados del libro \u201cLideres y Liderazgos\u201d de su autor\u00eda \u00a0\u00a0\u00a0\u00a0\u00a0\u00a0\u00a0\u00a0\u00a0\u00a0\u00a0\u00a0\u00a0\u00a0\u00a0\u00a0\u00a0\u00a0\u00a0\u00a0\u00a0\u00a0\u00a0\u00a0\u00a0\u00a0\u00a0\u00a0\u00a0\u00a0\u00a0\u00a0\u00a0\u00a0\u00a0\u00a0\u00a0\u00a0\u00a0\u00a0\u00a0\u00a0\u00a0\u00a0\u00a0\u00a0\u00a0\u00a0\u00a0\u00a0\u00a0\u00a0\u00a0\u00a0\u00a0\u00a0\u00a0\u00a0\u00a0\u00a0\u00a0\u00a0\u00a0\u00a0\u00a0\u00a0\u00a0\u00a0\u00a0\u00a0\u00a0\u00a0\u00a0\u00a0\u00a0\u00a0\u00a0\u00a0\u00a0\u00a0<\/strong><\/p>\n<p>&#13;<\/p>\n<h6> 2008-04-13 03:57:08 <\/h6>\n<p><!--\n<link rel=\"stylesheet\" href=\"css\/bootstrap.min.css\">\n\n\n<ul class=\"pagination\">\n\t    \n\t\n\n<li >\n\t<a href='?page_no=12121'>Previous<\/a>\n\t<\/li>\n\n\n       \n    \n\n<li><a href='?page_no=1'>1<\/a><\/li>\n\n\n\n<li><a href='?page_no=2'>2<\/a><\/li>\n\n\n\n<li><a>...<\/a><\/li>\n\n\n\n<li><a href='?page_no=12120'>12120<\/a><\/li>\n\n\n\n<li><a href='?page_no=12121'>12121<\/a><\/li>\n\n\n\n<li class='active'><a>12122<\/a><\/li>\n\n\n\n<li><a href='?page_no=12123'>12123<\/a><\/li>\n\n\n\n<li><a href='?page_no=12124'>12124<\/a><\/li>\n\n\n\n<li><a>...<\/a><\/li>\n\n\n\n<li><a href='?page_no=13611'>13611<\/a><\/li>\n\n\n\n<li><a href='?page_no=13612'>13612<\/a><\/li>\n\n    \n\t\n\n<li >\n\t<a href='?page_no=12123'>Next<\/a>\n\t<\/li>\n\n\n    \n\n<li><a href='?page_no=13612'>Last &rsaquo;&rsaquo;<\/a><\/li>\n\n<\/ul>\n\n\n--><br \/>\n<\/body><\/p>\n","protected":false},"excerpt":{"rendered":"<p>El L\u00edder pol\u00edtico: Los Elogios y su Sentido de Oportunidad &#13; Uno de los aspectos m\u00e1s comunes en que el l\u00edder se ve involucrado es en los\u00a0 elogios de sus seguidores. Para cualquier hombre com\u00fan un elogio lo enaltece en lo personal, para el l\u00edder estas deben ser cosas pasajeras, que si bien merecen su [&hellip;]<\/p>\n","protected":false},"author":3,"featured_media":0,"comment_status":"open","ping_status":"open","sticky":false,"template":"","format":"standard","meta":{"footnotes":""},"categories":[16],"tags":[],"class_list":["post-36240","post","type-post","status-publish","format-standard","hentry","category-opiniones"],"_links":{"self":[{"href":"https:\/\/diariodominicano.com\/index.php?rest_route=\/wp\/v2\/posts\/36240","targetHints":{"allow":["GET"]}}],"collection":[{"href":"https:\/\/diariodominicano.com\/index.php?rest_route=\/wp\/v2\/posts"}],"about":[{"href":"https:\/\/diariodominicano.com\/index.php?rest_route=\/wp\/v2\/types\/post"}],"author":[{"embeddable":true,"href":"https:\/\/diariodominicano.com\/index.php?rest_route=\/wp\/v2\/users\/3"}],"replies":[{"embeddable":true,"href":"https:\/\/diariodominicano.com\/index.php?rest_route=%2Fwp%2Fv2%2Fcomments&post=36240"}],"version-history":[{"count":0,"href":"https:\/\/diariodominicano.com\/index.php?rest_route=\/wp\/v2\/posts\/36240\/revisions"}],"wp:attachment":[{"href":"https:\/\/diariodominicano.com\/index.php?rest_route=%2Fwp%2Fv2%2Fmedia&parent=36240"}],"wp:term":[{"taxonomy":"category","embeddable":true,"href":"https:\/\/diariodominicano.com\/index.php?rest_route=%2Fwp%2Fv2%2Fcategories&post=36240"},{"taxonomy":"post_tag","embeddable":true,"href":"https:\/\/diariodominicano.com\/index.php?rest_route=%2Fwp%2Fv2%2Ftags&post=36240"}],"curies":[{"name":"wp","href":"https:\/\/api.w.org\/{rel}","templated":true}]}}