{"id":36239,"date":"2008-04-13T03:59:21","date_gmt":"2008-04-13T03:59:21","guid":{"rendered":"http:\/\/diariodominicano.ddns.net\/?p=36239"},"modified":"2008-04-13T03:59:21","modified_gmt":"2008-04-13T03:59:21","slug":"miguel-vargas-liderazgo-trabajo-y-solidaridad-con-la-gente","status":"publish","type":"post","link":"https:\/\/diariodominicano.com\/?p=36239","title":{"rendered":"Miguel Vargas: Liderazgo, Trabajo y Solidaridad con la Gente"},"content":{"rendered":"<p><body><\/p>\n<p class=\"titulogrande1\">Miguel  Vargas: Liderazgo, Trabajo y Solidaridad con la Gente <\/p>\n<p>&#13;<\/p>\n<p align=\"justify\" class=\"text1noticias\">El liderazgo es la  influencia que ejerce una persona sobre las dem\u00e1s, debido a las  condiciones\u00a0 especiales que le adornan \u00a0cuando esta desarrollando o edificando su  liderazgo en el seno de su organizaci\u00f3n o en el seno de la sociedad. La  influencia que se ejerce\u00a0 sobre un grupo  de personas tambi\u00e9n puede provenir de las ventajas y recursos\u00a0 que se aporten a una persona o a una  organizaci\u00f3n. <\/p>\n<p>&#13;<\/p>\n<p align=\"justify\" class=\"text1noticias\">El verdadero  liderazgo pol\u00edtico es el que descansa en la influencia, que no tiene que pagar  para que\u00a0 los dem\u00e1s le sigan y lo apoyen.  El liderazgo que logra sumisi\u00f3n y apoyo de la gente por lo que ese liderazgo  representa en t\u00e9rminos de beneficios materiales tiene una vida ef\u00edmera, ya que  una vez esa persona no tenga ni poder ni dinero, su influencia, dentro de su  organizaci\u00f3n, se vera disminuida al m\u00ednimo en el seno de la sociedad.<\/p>\n<p>&#13;<\/p>\n<p align=\"justify\" class=\"text1noticias\">Quienes tienen  dineros y posiciones publicas deben entender que estos son aspectos esenciales  e indispensables para el ejercicio de un liderazgo, sin embargo no deben perder  de vista que el liderazgo que s\u00f3lo descansa en esos aspectos, sin contar con  las condiciones personales especiales, que casi siempre adornan a la mayor\u00eda de  los lideres, no hay posibilidad de que ese liderazgo se arraigue en el aprecio  de la gente.<\/p>\n<p>&#13;<\/p>\n<p align=\"justify\" class=\"text1noticias\">Cuando una persona  edifica y proyecta su liderazgo en base al trabajo y en base a sus condiciones  personales especiales, ese tipo de liderazgo cuando logra establecerse tiene  gran permanencia en el tiempo y en el aprecio que le dispensa la sociedad,  porque el mismo tiene ra\u00edces propias que le permiten resistir y avanzar en los  logros y metas que se ha propuesto conseguir para beneficio del pa\u00eds y de sus  gentes. Esa es una caracter\u00edstica del liderazgo empresarial y pol\u00edtico que  encarna el Ing. Miguel Vargas.<\/p>\n<p>&#13;<\/p>\n<p align=\"justify\" class=\"text1noticias\">En este proceso  electoral hemos visto que hay personas que han pensado que el liderazgo lo da  el disponer de muchos recursos del Estado para vender \u201cese liderazgo\u201d ante el  pa\u00eds. Por eso vemos que el candidato a la reelecci\u00f3n ha ocupado la mayor\u00eda de  espacios de radio, televisi\u00f3n y peri\u00f3dicos, tratando de posicionarse en la  preferencia del electorado. \u00bfCu\u00e1l ha sido el resultado? La respuesta es que a  pesar de todos los millones que han gastado con ese fin, los n\u00fameros de cara a  las elecciones de mayo no le favorecen. Por eso su esfuerzos por promover  encuestas, que buscan la manipulaci\u00f3n mental de la gente, para tratar de  confundirla.<\/p>\n<p>&#13;<\/p>\n<p align=\"justify\" class=\"text1noticias\">La reelecci\u00f3n todav\u00eda  no se ha dado cuenta que lo que gana \u00a0simpat\u00edas de los votantes a favor de un  candidato es la buena gesti\u00f3n de gobierno que pueda exhibirse ante el pa\u00eds. La reelecci\u00f3n  tampoco no se ha dado cuenta que su gesti\u00f3n de gobierno es la que mas ha  empobrecido a la naci\u00f3n. La reelecci\u00f3n todav\u00eda no se ha dado cuenta que aunque  hay una minor\u00eda que observa a su candidato como un gran l\u00edder, tambi\u00e9n hay una  mayor\u00eda en el pa\u00eds que lo ve como un enano pol\u00edtico, ya que no ha logrado  convertir sus palabras y peroratas en acciones y logros del gobierno para  beneficiar a la gente.\u00a0 <\/p>\n<p>&#13;<\/p>\n<p align=\"justify\" class=\"text1noticias\">La diferencia entre  este gobierno y un gobierno encabezado por el Ing. Miguel Vargas es que no habr\u00e1  d\u00e9ficit\u00a0 en el pensamiento de quienes van  a ejecutar las pol\u00edticas publicas de su gobierno, ya que las mismas ser\u00e1n a  beneficio de las mayor\u00edas para que no se produzca el d\u00e9ficit alimentario  presente en cada familia pobres y media del pa\u00eds y para que tampoco se produzca  el d\u00e9ficit de autoridad actual que ha llevado la criminalidad a niveles  insospechados de violencia. Adem\u00e1s, en un gobierno de Miguel Vargas no se  producir\u00e1 d\u00e9ficit de pensamientos que permitan que los recursos p\u00fablicos sean  destinados a fines diferentes de lo que establece el presupuesto nacional.<\/p>\n<p>&#13;<\/p>\n<p align=\"justify\" class=\"text1noticias\">Por estas razones el pa\u00eds  necesita el cambio de gobierno que encabezara Miguel Vargas, ya que as\u00ed  lograremos, despu\u00e9s del 16 de Agosto, ponerle fin al d\u00e9ficit de pensamientos y  de conceptualizaciones fallidas promovidas por este gobierno y que amenazan los  cimientos de la Republica. <\/p>\n<p>&#13;<\/p>\n<p align=\"justify\" class=\"text1noticias\">Cuando un liderazgo  empresarial y pol\u00edtico se fundamenta en el trabajo, la solidaridad y la  influencia que emana de las condiciones personales especiales que adornan a Miguel  Vargas, el pa\u00eds puede estar tranquilo y puede tener la seguridad que ese  liderazgo una vez llegue al gobierno no tendr\u00e1 d\u00e9ficit de pensamientos ni de  conceptualizaciones, sino que el mismo estar\u00e1 alejado de toda la teor\u00eda hueca y  sin sentido que hoy verificamos en el discurso del grupo reeleccionista, que al  parecer, producto de su borrachera de poder, \u00a0ha perdido el sentido de la realidad pol\u00edtica  y electoral que esta viviendo el pa\u00eds. En este aspecto, es bueno recordarle al  grupo de la reelecci\u00f3n que todo liderazgo autentico siempre ha sido humilde,  pero sobre todo ha respetado a su pueblo, tanto en sus decisiones para  beneficiarlo como en su trato alejado de toda mentira y de toda imagen o  posici\u00f3n de orgullo y arrogancia. <br \/>&#13;<br \/>\n  <br \/>&#13;<br \/>\nSobre todo el grupo de la reelecci\u00f3n, cuyo  origen de clase no debiera ser negado, ya que el mismo debe representar un  orgullo para ellos, porque ah\u00ed esta su origen familiar y la base social que hoy  debiera ser su base de apoyo pol\u00edtico, y que si\u00a0  en el presente ese apoyo\u00a0 le he  negado, ello se debe a su falta de cumplimiento con los que en el pasado fueron  sus hermanos de clases.\u00a0 \u00a0<\/p>\n<p>&#13;<\/p>\n<p align=\"justify\" class=\"text1noticias\">Por eso, cuando el  candidato a la reelecci\u00f3n dijo que en el pa\u00eds hay d\u00e9ficit de pensamientos,  parece que estaba autorretrat\u00e1ndose, ya que si tomamos en cuenta que en esta  campa\u00f1a electoral es el candidato que m\u00e1s millones de pesos ha gastado en su  promoci\u00f3n y no logra situarse en la preferencia del electorado, se colige que  hay un d\u00e9ficit de pensamientos y de eficiencia en su gesti\u00f3n de gobierno a  favor de la gente, y eso, como es natural, esta impidiendo que la mayor\u00eda  nacional le de su apoyo en este proceso electoral.<\/p>\n<p>&#13;<\/p>\n<p align=\"justify\" class=\"text1noticias\">A qu\u00e9 se debe el  d\u00e9ficit de apoyo electoral que registra la reelecci\u00f3n y su candidato? Se debe a  que la incapacidad de este gobierno no ha podido conjugar tantas teor\u00edas huecas  con un ejercicio gubernamental en consonancia con la aspiraci\u00f3n m\u00e1s sentida de  la gente, que es su derecho a comer. Debemos terminar diciendo que el d\u00e9ficit  en la obtenci\u00f3n de logros y metas por parte de este gobierno a favor de los  sectores pobres y medios del pa\u00eds es el resultado del d\u00e9ficit de  conceptualizaciones huecas que emanan del gobierno y la reelecci\u00f3n y que no han  aportado nada a beneficio de la gente.<\/p>\n<p>&#13;<\/p>\n<p align=\"justify\" class=\"text1noticias\">Evelio Arroyo es  soci\u00f3logo, Abogado y Escritor.\u00a0 Es,  adem\u00e1s, Director Nacional de Comunicaciones y Estrategias del Movimiento en  L\u00ednea con Miguel, que preside el Dr. Francisco Fern\u00e1ndez.<\/p>\n<p>&#13;<\/p>\n<h6> 2008-04-13 03:59:21 <\/h6>\n<p><!--\n<link rel=\"stylesheet\" href=\"css\/bootstrap.min.css\">\n\n\n<ul class=\"pagination\">\n\t    \n\t\n\n<li >\n\t<a href='?page_no=12120'>Previous<\/a>\n\t<\/li>\n\n\n       \n    \n\n<li><a href='?page_no=1'>1<\/a><\/li>\n\n\n\n<li><a href='?page_no=2'>2<\/a><\/li>\n\n\n\n<li><a>...<\/a><\/li>\n\n\n\n<li><a href='?page_no=12119'>12119<\/a><\/li>\n\n\n\n<li><a href='?page_no=12120'>12120<\/a><\/li>\n\n\n\n<li class='active'><a>12121<\/a><\/li>\n\n\n\n<li><a href='?page_no=12122'>12122<\/a><\/li>\n\n\n\n<li><a href='?page_no=12123'>12123<\/a><\/li>\n\n\n\n<li><a>...<\/a><\/li>\n\n\n\n<li><a href='?page_no=13611'>13611<\/a><\/li>\n\n\n\n<li><a href='?page_no=13612'>13612<\/a><\/li>\n\n    \n\t\n\n<li >\n\t<a href='?page_no=12122'>Next<\/a>\n\t<\/li>\n\n\n    \n\n<li><a href='?page_no=13612'>Last &rsaquo;&rsaquo;<\/a><\/li>\n\n<\/ul>\n\n\n--><br \/>\n<\/body><\/p>\n","protected":false},"excerpt":{"rendered":"<p>Miguel Vargas: Liderazgo, Trabajo y Solidaridad con la Gente &#13; El liderazgo es la influencia que ejerce una persona sobre las dem\u00e1s, debido a las condiciones\u00a0 especiales que le adornan \u00a0cuando esta desarrollando o edificando su liderazgo en el seno de su organizaci\u00f3n o en el seno de la sociedad. La influencia que se ejerce\u00a0 [&hellip;]<\/p>\n","protected":false},"author":3,"featured_media":0,"comment_status":"open","ping_status":"open","sticky":false,"template":"","format":"standard","meta":{"footnotes":""},"categories":[16],"tags":[],"class_list":["post-36239","post","type-post","status-publish","format-standard","hentry","category-opiniones"],"_links":{"self":[{"href":"https:\/\/diariodominicano.com\/index.php?rest_route=\/wp\/v2\/posts\/36239","targetHints":{"allow":["GET"]}}],"collection":[{"href":"https:\/\/diariodominicano.com\/index.php?rest_route=\/wp\/v2\/posts"}],"about":[{"href":"https:\/\/diariodominicano.com\/index.php?rest_route=\/wp\/v2\/types\/post"}],"author":[{"embeddable":true,"href":"https:\/\/diariodominicano.com\/index.php?rest_route=\/wp\/v2\/users\/3"}],"replies":[{"embeddable":true,"href":"https:\/\/diariodominicano.com\/index.php?rest_route=%2Fwp%2Fv2%2Fcomments&post=36239"}],"version-history":[{"count":0,"href":"https:\/\/diariodominicano.com\/index.php?rest_route=\/wp\/v2\/posts\/36239\/revisions"}],"wp:attachment":[{"href":"https:\/\/diariodominicano.com\/index.php?rest_route=%2Fwp%2Fv2%2Fmedia&parent=36239"}],"wp:term":[{"taxonomy":"category","embeddable":true,"href":"https:\/\/diariodominicano.com\/index.php?rest_route=%2Fwp%2Fv2%2Fcategories&post=36239"},{"taxonomy":"post_tag","embeddable":true,"href":"https:\/\/diariodominicano.com\/index.php?rest_route=%2Fwp%2Fv2%2Ftags&post=36239"}],"curies":[{"name":"wp","href":"https:\/\/api.w.org\/{rel}","templated":true}]}}