{"id":36238,"date":"2008-04-14T02:28:09","date_gmt":"2008-04-14T02:28:09","guid":{"rendered":"http:\/\/diariodominicano.ddns.net\/?p=36238"},"modified":"2008-04-14T02:28:09","modified_gmt":"2008-04-14T02:28:09","slug":"adios-quilvio","status":"publish","type":"post","link":"https:\/\/diariodominicano.com\/?p=36238","title":{"rendered":"Adi\u00f3s Quilvio"},"content":{"rendered":"<p><body><\/p>\n<p align=\"justify\"><strong class=\"titulogrande1\">Adi\u00f3s Quilvio<\/strong><br \/>&#13;<br \/>\n  <br \/>&#13;<br \/>\n    <span class=\"text1noticias\">Era alrededor del medio d\u00eda de este  domingo 13 de abril cuando conoc\u00ed la infausta noticia del deceso del compa\u00f1ero  Quilvio Cabrera y sent\u00ed en el alma profunda pena y en mi coraz\u00f3n un gran dolor.  En ese momento por m\u00e1s que trat\u00e9 de evitarlo las l\u00e1grimas afloraron a mis ojos  que nublados reflejaban el vac\u00edo que dejaba la inesperada perdida de este  valioso ser humano y ejemplar ciudadano.<\/span><\/p>\n<p>&#13;<\/p>\n<p align=\"justify\" class=\"text1noticias\">Desde muy joven Quilvio dio muestras  fehacientes de su sensibilidad humana integr\u00e1ndose y participando activamente  en organizaciones sociales y comunitarias de su localidad y en asociaciones de  profesionales nacionales que patrocinaron y protagonizaron luchas  reivindicativas que promov\u00edan mejorar las condiciones de vida no solo de sus  miembros sino tambi\u00e9n de la generalidad de los dominicanos y dominicanas.<\/p>\n<p>&#13;<\/p>\n<p align=\"justify\" class=\"text1noticias\">Proveniente de una familia humilde,  honesta y trabajadora del municipio Guayubin de la Provincia Montecristi,  el compa\u00f1ero Quilvio logr\u00f3 titularse de Ingeniero Agr\u00f3nomo en la universidad m\u00e1s  vieja del nuevo mundo y mas adelante realiz\u00f3 estudios de postgrado y maestr\u00eda  que le permitieron ser parte del staff de profesores de esta alta casa de  estudios donde imparti\u00f3 docencia por mas de veinte a\u00f1os. Miembro del Comit\u00e9  Central del Partido de la Liberaci\u00f3n   Dominicana posici\u00f3n a la que accede por meritos pol\u00edticos  propios, \u00a0por la ardua labor organizativa  desarrollada en el sector profesional al que pertenec\u00eda, por las defensas que  hac\u00eda permanentemente de los segmentos poblacionales dedicados a la producci\u00f3n  agropecuaria y por la integridad y honestidad personal que le adornaban. Presidi\u00f3  por muchos a\u00f1os la Secretar\u00eda  de Asuntos Agropecuarios del partido fundado por el Profesor Juan Bosch en 1973  y siempre fue un interlocutor v\u00e1lido de las ideas y posiciones de esta  formaci\u00f3n pol\u00edtica. <\/p>\n<p>&#13;<\/p>\n<p align=\"justify\" class=\"text1noticias\">Siempre fue merecedor de la  confianza del Presidente Leonel Fern\u00e1ndez quien le design\u00f3 en el mes de agosto  del a\u00f1o 2004 en el cargo de Asesor Agr\u00edcola del Poder Ejecutivo, envi\u00e1ndolo posteriormente  a dirigir el Instituto Agrario Dominicano donde realiz\u00f3, hasta su tr\u00e1gica  muerte este domingo 13 de abril, una muy positiva y transparente gesti\u00f3n a  favor de los productores de la Reforma Agraria y el pa\u00eds.<\/p>\n<p>&#13;<\/p>\n<p align=\"justify\" class=\"text1noticias\">Perdemos a este valios\u00edsimo  compa\u00f1ero y amigo en los momentos en que nuestra organizaci\u00f3n pol\u00edtica conjuntamente  con los partidos aliados y movimientos de apoyo a la candidatura presidencial  de Leonel, asume una vez m\u00e1s con gallard\u00eda y dedicaci\u00f3n la responsabilidad de  impedir que el desorden, la anarqu\u00eda, el caos y el retroceso representado por  el PRD se apoderen de la Republica   Dominicana en las elecciones nacionales del pr\u00f3ximo 16 de mayo.  \u00a0\u00a0<\/p>\n<p>&#13;<\/p>\n<p align=\"justify\" class=\"text1noticias\">Sin lugar a dudas la sociedad  dominicana, el gobierno de Leonel Fern\u00e1ndez\u00a0  y el PLD como organizaci\u00f3n con la ida a destiempo del compa\u00f1ero Quilvio  Cabrera, pierden un gran hombre, un ser humano ejemplar y un excelente profesional  de honestidad y capacidad probadas.<\/p>\n<p>&#13;<\/p>\n<p align=\"justify\" class=\"text1noticias\">Quilvio muere tr\u00e1gicamente cumpliendo  con sus obligaciones pol\u00edticas y me atrevo a afirmar con toda seguridad que los  dirigentes, activistas, miembros, simpatizantes, amigos y aliados del Partido  de la Liberaci\u00f3n Dominicana  de todo el pa\u00eds lloramos su partida, pero al propio tiempo nos resignamos  porque estar\u00e1 muy cerca de Don Juan y al lado del Alt\u00edsimo. Que descanse en  paz.<\/p>\n<p>&#13;<\/p>\n<h6> 2008-04-14 02:28:09 <\/h6>\n<p><!--\n<link rel=\"stylesheet\" href=\"css\/bootstrap.min.css\">\n\n\n<ul class=\"pagination\">\n\t    \n\t\n\n<li >\n\t<a href='?page_no=12119'>Previous<\/a>\n\t<\/li>\n\n\n       \n    \n\n<li><a href='?page_no=1'>1<\/a><\/li>\n\n\n\n<li><a href='?page_no=2'>2<\/a><\/li>\n\n\n\n<li><a>...<\/a><\/li>\n\n\n\n<li><a href='?page_no=12118'>12118<\/a><\/li>\n\n\n\n<li><a href='?page_no=12119'>12119<\/a><\/li>\n\n\n\n<li class='active'><a>12120<\/a><\/li>\n\n\n\n<li><a href='?page_no=12121'>12121<\/a><\/li>\n\n\n\n<li><a href='?page_no=12122'>12122<\/a><\/li>\n\n\n\n<li><a>...<\/a><\/li>\n\n\n\n<li><a href='?page_no=13611'>13611<\/a><\/li>\n\n\n\n<li><a href='?page_no=13612'>13612<\/a><\/li>\n\n    \n\t\n\n<li >\n\t<a href='?page_no=12121'>Next<\/a>\n\t<\/li>\n\n\n    \n\n<li><a href='?page_no=13612'>Last &rsaquo;&rsaquo;<\/a><\/li>\n\n<\/ul>\n\n\n--><br \/>\n<\/body><\/p>\n","protected":false},"excerpt":{"rendered":"<p>Adi\u00f3s Quilvio&#13; &#13; Era alrededor del medio d\u00eda de este domingo 13 de abril cuando conoc\u00ed la infausta noticia del deceso del compa\u00f1ero Quilvio Cabrera y sent\u00ed en el alma profunda pena y en mi coraz\u00f3n un gran dolor. En ese momento por m\u00e1s que trat\u00e9 de evitarlo las l\u00e1grimas afloraron a mis ojos que [&hellip;]<\/p>\n","protected":false},"author":3,"featured_media":0,"comment_status":"open","ping_status":"open","sticky":false,"template":"","format":"standard","meta":{"footnotes":""},"categories":[16],"tags":[],"class_list":["post-36238","post","type-post","status-publish","format-standard","hentry","category-opiniones"],"_links":{"self":[{"href":"https:\/\/diariodominicano.com\/index.php?rest_route=\/wp\/v2\/posts\/36238","targetHints":{"allow":["GET"]}}],"collection":[{"href":"https:\/\/diariodominicano.com\/index.php?rest_route=\/wp\/v2\/posts"}],"about":[{"href":"https:\/\/diariodominicano.com\/index.php?rest_route=\/wp\/v2\/types\/post"}],"author":[{"embeddable":true,"href":"https:\/\/diariodominicano.com\/index.php?rest_route=\/wp\/v2\/users\/3"}],"replies":[{"embeddable":true,"href":"https:\/\/diariodominicano.com\/index.php?rest_route=%2Fwp%2Fv2%2Fcomments&post=36238"}],"version-history":[{"count":0,"href":"https:\/\/diariodominicano.com\/index.php?rest_route=\/wp\/v2\/posts\/36238\/revisions"}],"wp:attachment":[{"href":"https:\/\/diariodominicano.com\/index.php?rest_route=%2Fwp%2Fv2%2Fmedia&parent=36238"}],"wp:term":[{"taxonomy":"category","embeddable":true,"href":"https:\/\/diariodominicano.com\/index.php?rest_route=%2Fwp%2Fv2%2Fcategories&post=36238"},{"taxonomy":"post_tag","embeddable":true,"href":"https:\/\/diariodominicano.com\/index.php?rest_route=%2Fwp%2Fv2%2Ftags&post=36238"}],"curies":[{"name":"wp","href":"https:\/\/api.w.org\/{rel}","templated":true}]}}