{"id":36235,"date":"2008-04-14T20:23:10","date_gmt":"2008-04-14T20:23:10","guid":{"rendered":"http:\/\/diariodominicano.ddns.net\/?p=36235"},"modified":"2008-04-14T20:23:10","modified_gmt":"2008-04-14T20:23:10","slug":"el-mirador-18","status":"publish","type":"post","link":"https:\/\/diariodominicano.com\/?p=36235","title":{"rendered":"EL MIRADOR"},"content":{"rendered":"<p><body><\/p>\n<p class=\"titulogrande1\">EL MIRADOR<\/p>\n<p>&#13;<\/p>\n<p align=\"justify\" class=\"text1noticias\"><strong>Quilvio Cabrera<\/strong><\/p>\n<p>&#13;<\/p>\n<p align=\"justify\" class=\"text1noticias\"><img loading=\"lazy\" decoding=\"async\" src=\"http:\/\/10.0.0.82:8080\/img\/quilvio.jpg\" width=\"375\" height=\"274\" hspace=\"4\" align=\"left\" \/>Quilvio Cabrera fue un  t\u00e9cnico calificado. Fue un hombre que sirvi\u00f3 al pa\u00eds con entrega. Hizo culto a  la amistad.<br \/>&#13;<br \/>\n  <br \/> &#13;<br \/>\nPara su familia fue un gu\u00eda. En el Partido de la Liberaci\u00f3n  Dominicana, fue apreciado por su entrega a las causas que contribuyen a mejorar  el pa\u00eds.\u00a0 Su muerte a resultas de las  lesiones que sufri\u00f3 en un accidente de tr\u00e1nsito, es una p\u00e9rdida para el pa\u00eds.<br \/>&#13;<br \/>\n<br \/>  &#13;<br \/>\nComo servidor p\u00fablico, como lo hizo en la \u00faltima funci\u00f3n que desempe\u00f1aba, la de Director del Instituto Agrario Dominicano,  dej\u00f3 como legado los aportes de un gerente eficiente e innovador que procur\u00f3  una Rep\u00fablica Dominicana con menos desigualdades.<br \/>&#13;<br \/>\n<br \/> &#13;<br \/>\nDesde aqu\u00ed expresamos las m\u00e1s sentidas  condolencias a su familia. Paz a los restos de Quilvio. <\/p>\n<p>&#13;<\/p>\n<p align=\"justify\" class=\"text1noticias\"><strong>Intolerantes y abusadores<\/strong><\/p>\n<p>&#13;<\/p>\n<p align=\"justify\" class=\"text1noticias\"><img loading=\"lazy\" decoding=\"async\" src=\"http:\/\/10.0.0.82:8080\/img\/fotos mirador.jpg\" width=\"375\" height=\"53\" hspace=\"4\" align=\"left\" \/>Los\u00a0 principales dirigentes del PRD y los asesores  de su\u00a0 candidato presidencial, Miguel  Vargas Maldonado no han logrado disminuir el rechazo que se expresa en la  poblaci\u00f3n en perjuicio de su oferta electoral. A los dominicanos y dominicanas nadie les saca de su  memoria que el PRD s\u00f3lo es eficiente cuando est\u00e1 en la oposici\u00f3n, pues \u00a0no pierde una oportunidad para hacer  resistencia a la administraci\u00f3n del Gobierno, aunque con sus actos\u00a0 afecte servicios p\u00fablicos esenciales o atente  contra la paz y el orden p\u00fablico. El jueves el pa\u00eds le dijo No a la  convocatoria a paro nacional \u00a0que hizo el  Foro Social Alternativo\u00a0 con el apoyo del  candidato presidencial perredeista, Miguel Vargas Maldonado, pero los asesores  consideran que no se puede abandonar el recurso de convocar a nuevos paros.  Parten de la premisa de que es la \u00fanica manera de evitar que se hable de los  resultados de las encuestas y el aumento del n\u00famero de personas que aprueban la  gesti\u00f3n de Gobierno del presidente Leonel Fern\u00e1ndez, que busca la reelecci\u00f3n  presidencial por el PLD y el Bloque Progresista. En las tertulias matutinas se  comentaron versiones\u00a0 que dan cuenta  de\u00a0 que por lo menos dos nuevas encuestas  de los \u00faltimos 10 d\u00edas colocan a Leonel\u00a0  Fern\u00e1ndez con 60% en la preferencia electoral, a Miguel Vargas Maldonado  con 28% y al candidato del PRSC, Amable Aristy con 6%. Los que trataron el tema  sostuvieron el criterio de que Leonel Fern\u00e1ndez es un fen\u00f3meno electoral porque  si las elecciones presidenciales fueran hoy ganar\u00eda en primera vuelta con el  apoyo mayoritario de todas las regiones del pa\u00eds, pero los interlocutores  consideraron que no es adecuado hablar de fen\u00f3meno electoral, porque a su  juicio aqu\u00ed lo que se manifiesta es la decisi\u00f3n del pueblo dominicano que aprueba \u00a0la gesti\u00f3n del estadista que recuper\u00f3 la  estabilidad macroecon\u00f3mica, impulsa pol\u00edticas sociales sin precedentes en la  vida dominicana y ha ense\u00f1ado que Rep\u00fablica Dominicana es un pa\u00eds que puede  progresar en un estado de derecho. Que los dominicanos y dominicanas sin importar  su origen social o color de la piel son acreedores\u00a0 de condiciones que le garanticen la movilidad  social. Leonel Fern\u00e1ndez es un presidente tolerante y sensible, la cara  contraria de la ineficiencia e intolerancia que mostraron los \u00faltimos gobiernos del PRD que encabezaron  el presidente Salvador Jorge Blanco (1982-1986) y el presidente Hip\u00f3lito Mej\u00eda  (2000-2004) Ambas administraciones dejaron el pa\u00eds en crisis y limitaron la  libertad de expresi\u00f3n. Una dama que escuchaba la conversaci\u00f3n dio un golpe en  la mesa y dijo que por eso el 16 de mayo se va a dar el gusto de darle su voto  a Leonel y le ha dicho a su marido y a sus tres hijos que para ese d\u00eda \u201ca nadie  le debe dar ni fiebre, porque la consigna es a votar por Leonel. La mujer  record\u00f3 que Miguel Vargas Maldonado fue una estrella de las administraciones  del PRD de Jorge Blanco y de Hip\u00f3lito Mej\u00eda: en la primera el director de la  Corporaci\u00f3n del Acueducto y Alcantarillado de Santo Domingo, y en la anterior,  el Ministro de Obras P\u00fablicas que los alabarderos bautizaron como \u201cEl Mega  Ministro\u201d, a pesar de que no tiene una obra importante que le pueda mostrar al  pa\u00eds como fruto de su gesti\u00f3n p\u00fablica. <\/p>\n<p>&#13;<\/p>\n<p align=\"justify\" class=\"text1noticias\"><strong>Abusadores e intolerantes<\/strong><\/p>\n<p>&#13;<\/p>\n<p align=\"justify\" class=\"text1noticias\">La dama que en la tertulia  record\u00f3 d\u00edas dif\u00edciles de las \u00faltimas administraciones del PRD, para no dejar  duda, record\u00f3 cuando en el Gobierno del  PRD, de Jorge Blanco, enceraron en solitaria a Rafael Bonilla Aybar, por  criticar medidas\u00a0 de la Presidencia.  Cuando record\u00f3 este hecho abri\u00f3 en la p\u00e1gina 26, la edici\u00f3n especial que public\u00f3  este lunes \u00a0el diario El Caribe, con  ocasi\u00f3n del 60 aniversario de su fundaci\u00f3n, y pidi\u00f3 a los presentes que leyeran  lo que se recordaba ah\u00ed del Gobierno de Jorge Blanco: que en abril de 1983, la  Fiscal\u00eda del Distrito Nacional dispuso el arresto del director del peri\u00f3dico  Despertar, Leopoldo Grull\u00f3n, por criticar al Presidente de la Rep\u00fablica y al  Secretario de la Presidencia. La mujer dice que si en ese tiempo se hubiesen  expresados deslenguados, insolentes y  desconsiderados como los que hoy difaman e injurian al presidente Leonel  Fern\u00e1ndez, y a sus principales colaboradores, a trav\u00e9s de los medios de  comunicaci\u00f3n, las c\u00e1rceles del pa\u00eds quedar\u00edan chiquitas para el n\u00famero de  presos y presas. Afortunadamente el Presidente de Rep\u00fablica Dominicana es el doctor  Leonel Fern\u00e1ndez Reyna, garante de la libertad de expresi\u00f3n y opini\u00f3n. Seg\u00fan la  dama, con el ejemplar de El Caribe en sus manos, \u00a0los actos malos de los gobiernos del PRD son  como el repollo de la \u201cHierba Pangola,  que sale hasta despu\u00e9s que se quema la tierra\u201d. Seg\u00fan la mujer, eso es bueno  porque de esa manera nadie olvida \u201cEl Diablo\u201d, y los deslenguados, podr\u00edan  comprender porqu\u00e9 Leonel\u00a0 Fern\u00e1ndez  encanta al pa\u00eds como el aroma de una  rosa cuando incluye en su oferta electoral la continuidad del proceso para  fortalecer las instituciones democr\u00e1ticas. \u00a0\u00a1Qu\u00e9 mujer! Sin\u00a0 propon\u00e9rselo termin\u00f3 la tertulia con \u00a1Palante  con Leonel!<\/p>\n<p>&#13;<\/p>\n<h6> 2008-04-14 20:23:10 <\/h6>\n<p><!--\n<link rel=\"stylesheet\" href=\"css\/bootstrap.min.css\">\n\n\n<ul class=\"pagination\">\n\t    \n\t\n\n<li >\n\t<a href='?page_no=12117'>Previous<\/a>\n\t<\/li>\n\n\n       \n    \n\n<li><a href='?page_no=1'>1<\/a><\/li>\n\n\n\n<li><a href='?page_no=2'>2<\/a><\/li>\n\n\n\n<li><a>...<\/a><\/li>\n\n\n\n<li><a href='?page_no=12116'>12116<\/a><\/li>\n\n\n\n<li><a href='?page_no=12117'>12117<\/a><\/li>\n\n\n\n<li class='active'><a>12118<\/a><\/li>\n\n\n\n<li><a href='?page_no=12119'>12119<\/a><\/li>\n\n\n\n<li><a href='?page_no=12120'>12120<\/a><\/li>\n\n\n\n<li><a>...<\/a><\/li>\n\n\n\n<li><a href='?page_no=13611'>13611<\/a><\/li>\n\n\n\n<li><a href='?page_no=13612'>13612<\/a><\/li>\n\n    \n\t\n\n<li >\n\t<a href='?page_no=12119'>Next<\/a>\n\t<\/li>\n\n\n    \n\n<li><a href='?page_no=13612'>Last &rsaquo;&rsaquo;<\/a><\/li>\n\n<\/ul>\n\n\n--><br \/>\n<\/body><\/p>\n","protected":false},"excerpt":{"rendered":"<p>EL MIRADOR &#13; Quilvio Cabrera &#13; Quilvio Cabrera fue un t\u00e9cnico calificado. Fue un hombre que sirvi\u00f3 al pa\u00eds con entrega. Hizo culto a la amistad.&#13; &#13; Para su familia fue un gu\u00eda. En el Partido de la Liberaci\u00f3n Dominicana, fue apreciado por su entrega a las causas que contribuyen a mejorar el pa\u00eds.\u00a0 Su [&hellip;]<\/p>\n","protected":false},"author":3,"featured_media":0,"comment_status":"open","ping_status":"open","sticky":false,"template":"","format":"standard","meta":{"footnotes":""},"categories":[16],"tags":[],"class_list":["post-36235","post","type-post","status-publish","format-standard","hentry","category-opiniones"],"_links":{"self":[{"href":"https:\/\/diariodominicano.com\/index.php?rest_route=\/wp\/v2\/posts\/36235","targetHints":{"allow":["GET"]}}],"collection":[{"href":"https:\/\/diariodominicano.com\/index.php?rest_route=\/wp\/v2\/posts"}],"about":[{"href":"https:\/\/diariodominicano.com\/index.php?rest_route=\/wp\/v2\/types\/post"}],"author":[{"embeddable":true,"href":"https:\/\/diariodominicano.com\/index.php?rest_route=\/wp\/v2\/users\/3"}],"replies":[{"embeddable":true,"href":"https:\/\/diariodominicano.com\/index.php?rest_route=%2Fwp%2Fv2%2Fcomments&post=36235"}],"version-history":[{"count":0,"href":"https:\/\/diariodominicano.com\/index.php?rest_route=\/wp\/v2\/posts\/36235\/revisions"}],"wp:attachment":[{"href":"https:\/\/diariodominicano.com\/index.php?rest_route=%2Fwp%2Fv2%2Fmedia&parent=36235"}],"wp:term":[{"taxonomy":"category","embeddable":true,"href":"https:\/\/diariodominicano.com\/index.php?rest_route=%2Fwp%2Fv2%2Fcategories&post=36235"},{"taxonomy":"post_tag","embeddable":true,"href":"https:\/\/diariodominicano.com\/index.php?rest_route=%2Fwp%2Fv2%2Ftags&post=36235"}],"curies":[{"name":"wp","href":"https:\/\/api.w.org\/{rel}","templated":true}]}}