{"id":362337,"date":"2022-06-17T23:35:01","date_gmt":"2022-06-18T03:35:01","guid":{"rendered":"http:\/\/diariodominicano.com\/?p=362337"},"modified":"2022-06-17T23:35:01","modified_gmt":"2022-06-18T03:35:01","slug":"militares-dominicanos-desalojan-a-invasores-haitianos-de-las-caobas","status":"publish","type":"post","link":"https:\/\/diariodominicano.com\/?p=362337","title":{"rendered":"Militares dominicanos desalojan a invasores haitianos de Las Caobas"},"content":{"rendered":"\n<h1 class=\"wp-block-heading\"><strong>Por H\u00e9ctor Tineo Nolasco<\/strong><\/h1>\n\n\n\n<p><strong>Diariodominicano.com<\/strong><\/p>\n\n\n\n<p>SANTO DOMINGO, el 18 de junio de 1849, militares dominicanos comandados por el general Antonio Duverg\u00e9, siguieron su avance para desalojar a columnas haitianas acantonadas en la regi\u00f3n sur y lograron tomar la zona de Las Caobas.<\/p>\n\n\n\n<p>&nbsp;&nbsp;&nbsp;&nbsp; Al iniciar la marcha hacia Las Caobas, el general Antonio Duverg\u00e9 ten\u00eda la informaci\u00f3n de que los militares haitianos eran comandados por el general V\u00edctor Poil.<\/p>\n\n\n\n<p>&nbsp;&nbsp;&nbsp; Con la ocupaci\u00f3n de Las Caobas, las tropas dominicanas iniciaron la recuperaci\u00f3n de todos los puntos que ocupaban las columnas haitianas.<\/p>\n\n\n\n<p>&nbsp;&nbsp;&nbsp; El d\u00eda anterior, el 17 de junio de 1849, tropas dominicanas comandadas por el general Antonio Duverg\u00e9, tomaron el Fuerte de Cachim\u00e1n, el cual hab\u00eda sido construido por los haitianos entre las poblaciones de Las Caobas y Las Matas de Farf\u00e1n.<\/p>\n\n\n\n<p>&nbsp;&nbsp;&nbsp; Para los prop\u00f3sitos haitianos El Fuerte de Cachim\u00e1n era un punto muy importante, porque les permit\u00eda ocupar un lugar estrat\u00e9gico y ocasionar da\u00f1os a Rep\u00fablica Dominicana, como lo hac\u00edan cada cierto tiempo.<\/p>\n\n\n\n<p>&nbsp;&nbsp;&nbsp;&nbsp; La Rep\u00fablica Dominicana fue proclamada el 27 de febrero de 1844, pero los gobiernos haitianos durante los primeros 12 a\u00f1os que siguieron a la proclamaci\u00f3n del Estado dominicano, invadieron con mucha frecuencia. Al general Antonio Duverg\u00e9 le toc\u00f3 luchar en las principales batallas, incluidas las del 19 de marzo de 1844 y la de El N\u00famero.<\/p>\n\n\n\n<p>&nbsp;&nbsp; El 18 de junio de 1849, cuando el general Antonio Duverg\u00e9, y sus tropas hicieron huir a los haitianos de Las Caobas, desempe\u00f1aba el cargo de general de brigada, encargado del Ej\u00e9rcito Expedicionario del Sur, y comandante de la provincia de Azua.<\/p>\n\n\n\n<p>Antonio Duverg\u00e9, naci\u00f3 en Mayag\u00fcez, Puerto Rico, en el a\u00f1o 1807, hijo de una de las familias de origen franc\u00e9s que abandonaron&nbsp; la parte Este de la isla, hoy Rep\u00fablica Dominicana, tras&nbsp; la ocupaci\u00f3n haitiana en&nbsp; 1822.<\/p>\n\n\n\n<p>&nbsp;&nbsp;&nbsp; La carrera militar de Antonio&nbsp; Duverg\u00e9,&nbsp; est\u00e1&nbsp; llena de \u00e9xitos, ya que en la defensa de la soberan\u00eda siempre pudo imponerse a los haitianos y evitar el avance de las frecuentes invasiones contra Rep\u00fablica Dominicana.<\/p>\n\n\n\n<p>&nbsp;&nbsp;&nbsp; Antonio Duverg\u00e9, se encontraba en el frente de guerra&nbsp;&nbsp; cuando comenz\u00f3 la batalla del 19 de marzo de 1844.<\/p>\n\n\n\n<p>&nbsp;&nbsp;&nbsp; El historiador Rufino Mart\u00ednez&nbsp; refiere que las dotes para la guerra puesta all\u00ed de manifiesto, le hicieron merecer la preferencia en el comando de las tropas de vanguardia.<\/p>\n\n\n\n<p>Al terminar la batalla de Azua, persigui\u00f3 con sus tropas a los invasores hasta la l\u00ednea fronteriza y a partir de ah\u00ed&nbsp; no le permitir\u00eda tomar ni un punto del territorio nacional.<\/p>\n\n\n\n<p>&nbsp;&nbsp;&nbsp;&nbsp; Le toc\u00f3 la misi\u00f3n de establecer el cuartel general de las tropas dominicanas en Las Matas de Farf\u00e1n y destacar columnas en Comendador, Cachim\u00e1n, El Puerto, Las Caobas, Hondo Valle, Los Pinos y Oregonal, donde las armas dominicanas terminaron victoriosas.<\/p>\n\n\n\n<p>&nbsp;&nbsp; Por sus m\u00e9ritos en defensa de la soberan\u00eda nacional, el general Antonio Duverg\u00e9 fue ascendido a General de Divisi\u00f3n,&nbsp; con las funciones de Jefe Superior Pol\u00edtico de Azua y del Ej\u00e9rcito en operaci\u00f3n.<\/p>\n\n\n\n<p>&nbsp;&nbsp;&nbsp; El general Antonio Duverg\u00e9, en el a\u00f1o 1855,&nbsp; confinado en El Seibo, se involucr\u00f3 en una trama contra el Presidente Pedro Santana. Fue descubierto&nbsp; y una Comisi\u00f3n Militar nombrada por el&nbsp; jefe del Estado lo juzg\u00f3 y lo conden\u00f3 a muerte,&nbsp; siendo ejecutado en el a\u00f1o 1855, en El Seibo.<\/p>\n","protected":false},"excerpt":{"rendered":"<p>Por H\u00e9ctor Tineo Nolasco Diariodominicano.com SANTO DOMINGO, el 18 de junio de 1849, militares dominicanos comandados por el general Antonio Duverg\u00e9, siguieron su avance para desalojar a columnas haitianas acantonadas en la regi\u00f3n sur y lograron tomar la zona de Las Caobas. &nbsp;&nbsp;&nbsp;&nbsp; Al iniciar la marcha hacia Las Caobas, el general Antonio Duverg\u00e9 ten\u00eda [&hellip;]<\/p>\n","protected":false},"author":28,"featured_media":313634,"comment_status":"closed","ping_status":"","sticky":true,"template":"","format":"standard","meta":{"footnotes":""},"categories":[26,27],"tags":[],"class_list":["post-362337","post","type-post","status-publish","format-standard","has-post-thumbnail","hentry","category-efemerides","category-portada"],"_links":{"self":[{"href":"https:\/\/diariodominicano.com\/index.php?rest_route=\/wp\/v2\/posts\/362337","targetHints":{"allow":["GET"]}}],"collection":[{"href":"https:\/\/diariodominicano.com\/index.php?rest_route=\/wp\/v2\/posts"}],"about":[{"href":"https:\/\/diariodominicano.com\/index.php?rest_route=\/wp\/v2\/types\/post"}],"author":[{"embeddable":true,"href":"https:\/\/diariodominicano.com\/index.php?rest_route=\/wp\/v2\/users\/28"}],"replies":[{"embeddable":true,"href":"https:\/\/diariodominicano.com\/index.php?rest_route=%2Fwp%2Fv2%2Fcomments&post=362337"}],"version-history":[{"count":1,"href":"https:\/\/diariodominicano.com\/index.php?rest_route=\/wp\/v2\/posts\/362337\/revisions"}],"predecessor-version":[{"id":362338,"href":"https:\/\/diariodominicano.com\/index.php?rest_route=\/wp\/v2\/posts\/362337\/revisions\/362338"}],"wp:featuredmedia":[{"embeddable":true,"href":"https:\/\/diariodominicano.com\/index.php?rest_route=\/wp\/v2\/media\/313634"}],"wp:attachment":[{"href":"https:\/\/diariodominicano.com\/index.php?rest_route=%2Fwp%2Fv2%2Fmedia&parent=362337"}],"wp:term":[{"taxonomy":"category","embeddable":true,"href":"https:\/\/diariodominicano.com\/index.php?rest_route=%2Fwp%2Fv2%2Fcategories&post=362337"},{"taxonomy":"post_tag","embeddable":true,"href":"https:\/\/diariodominicano.com\/index.php?rest_route=%2Fwp%2Fv2%2Ftags&post=362337"}],"curies":[{"name":"wp","href":"https:\/\/api.w.org\/{rel}","templated":true}]}}