{"id":36233,"date":"2008-04-15T13:42:32","date_gmt":"2008-04-15T13:42:32","guid":{"rendered":"http:\/\/diariodominicano.ddns.net\/?p=36233"},"modified":"2008-04-15T13:42:32","modified_gmt":"2008-04-15T13:42:32","slug":"miguel-vargas-el-voto-de-la-gente-y-las-encuestas-del-gobierno","status":"publish","type":"post","link":"https:\/\/diariodominicano.com\/?p=36233","title":{"rendered":"Miguel Vargas: El voto de la gente y las encuestas del gobierno"},"content":{"rendered":"<p><body><\/p>\n<p class=\"titulogrande1\">Miguel  Vargas: El voto de la gente y las encuestas del gobierno<\/p>\n<p>&#13;<\/p>\n<p align=\"justify\" class=\"text1noticias\">Los procesos  electorales est\u00e1n \u00edntimamente ligados con las necesidades mas sentidas de la  gente, porque ellos son la v\u00e1lvula de escape que utiliza la poblaci\u00f3n para  salir de situaciones precarias y de hambre como la que padece la mayor\u00eda de las  familias dominicanas en la actualidad.<\/p>\n<p>&#13;<\/p>\n<p align=\"justify\" class=\"text1noticias\">En la actualidad la  mayor\u00eda de dominicanos somos testigos de que todos los productos de primera  necesidad han registrado alzas de precios significativas; por poner algunos  ejemplos podemos citar el aumento del gas de cocinar, el pan, el pollo y el  pl\u00e1tano. Esta situaci\u00f3n de aumentos de precios y de \u00a0crisis econ\u00f3mica se siente m\u00e1s en los sectores  pobres y de clases medias porque este gobierno no ha tenido prioridad en las  inversiones publicas y en vez de dar impulso y apoyar la producci\u00f3n de  alimentos en todo el plano nacional, ha optado por invertir s\u00f3lo en algunas  obras de infraestructuras, que no benefician, en nada, a los sectores m\u00e1s deprimidos  del pa\u00eds.<\/p>\n<p>&#13;<\/p>\n<p align=\"justify\" class=\"text1noticias\">Esta situaci\u00f3n que  esta aconteciendo en el pa\u00eds, es la que est\u00e1 dando origen a la reacci\u00f3n de la  masa de votantes, que rechaza la continuidad en el gobierno del grupo  reeleccionista, m\u00e1s all\u00e1 del 16 de agosto del 2008, que es cuando debe  iniciarse el pr\u00f3ximo gobierno del Ing. Miguel Vargas.<\/p>\n<p>&#13;<\/p>\n<p align=\"justify\" class=\"text1noticias\">La situaci\u00f3n  electoral, que vive el pa\u00eds, es muy especial, ya que dada la importancia que la  gente le atribuye a las encuestas, el gobierno se ha dado a la tarea de  publicar sondeos de opini\u00f3n que no se ajustan a la realidad electoral del  momento. La realidad electoral del momento es que el gobierno y la reelecci\u00f3n  ocupan el segundo lugar en la preferencia del electorado. Si tomamos como  ejemplo las dos actividades de masas\u00a0  realizadas por el Ing. Miguel Vargas el domingo 6 de abril y la  realizada el domingo 13 de abril, una en la capital y otra en Santiago, se  puede advertir, con toda claridad, que mientras el gobierno se ocupa de  publicar encuestas para decir que esta ganado, el Ing. Miguel Vargas, en  cambio, se poya en el calor humano y en el voto de la gente\u00a0 para ganar estas elecciones. <\/p>\n<p>&#13;<\/p>\n<p align=\"justify\" class=\"text1noticias\">La victoria electoral  de Miguel Vargas se visualiza como una realidad irrevocable porque esta  realizando cuatro y cinco actividades multitudinarias a la semana en las  provincias que esta visitando. Su visita al cibao en la semana pasada as\u00ed lo demuestra.<\/p>\n<p>&#13;<\/p>\n<p align=\"justify\" class=\"text1noticias\">Del lado contrario, los  actos de masas que realiza la reelecci\u00f3n son muy reducidos con el agravante,  para el gobierno, de que a\u00a0 la mayor\u00eda de  actividades las personas son trasladadas de una provincia a otra, contrario a  lo que ocurre con las actividades de masas del Ing. Miguel Vargas que son  realizadas con personas de las provincias visitadas. <\/p>\n<p>&#13;<\/p>\n<p align=\"justify\" class=\"text1noticias\">La preferencia a  favor de la candidatura del Ing. Miguel Vargas tambi\u00e9n se observa en los bandereos  semanales realizados en las diferentes provincias del pa\u00eds; esas actividades la candidatura de Miguel  Vargas las ha convertido en caminatas\u00a0 y  marchas que recorren con entusiasmos los diferentes sectores medios y pobres de  esas jurisdicciones , mientras en las actividades que promueve la reelecci\u00f3n se  observan la ida y venida de veh\u00edculos transportando personas, que son llevadas  y tra\u00eddas para poder lograr alg\u00fan \u00e9xito en las mismas. Como se observa la gente  para ganar las elecciones las tiene\u00a0 Miguel\u00a0 Vargas, mientras que la reelecci\u00f3n como no  tiene la gente para ganar insiste con sus encuestas para tratar de hacerle  creer a la gente que ya ganaron. Objetivo que no han podido ni podr\u00e1n lograr  porque ya los dominicanos decidieron que el cambio que demanda el pa\u00eds va a ser  una realidad el pr\u00f3ximo 16 de mayo.<\/p>\n<p>&#13;<\/p>\n<p align=\"justify\" class=\"text1noticias\">Las malas condiciones  de vida por la que esta\u00a0 atravesando la  mayor\u00eda de dominicanos, garantiza que el voto mayoritario de la gente ser\u00e1 a  favor del cambio que representa\u00a0 la candidatura  del Ing. Miguel Vargas. Esto quedara demostrado el pr\u00f3ximo 16 de mayo cuando el  voto de castigo contra la reelecci\u00f3n le ponga fin a este gobierno y a la  mentira que representa la manipulaci\u00f3n de las encuestas.<\/p>\n<p>&#13;<\/p>\n<p align=\"justify\" class=\"text1noticias\">Evelio Arroyo es  Soci\u00f3logo, Abogado y Escritor. Es, adem\u00e1s, Director Nacional de Comunicaciones  y Estrategias del Movimiento en L\u00ednea con Miguel, que preside el Dr. Francisco  Fern\u00e1ndez.<\/p>\n<p>&#13;<\/p>\n<h6> 2008-04-15 13:42:32 <\/h6>\n<p><!--\n<link rel=\"stylesheet\" href=\"css\/bootstrap.min.css\">\n\n\n<ul class=\"pagination\">\n\t    \n\t\n\n<li >\n\t<a href='?page_no=12115'>Previous<\/a>\n\t<\/li>\n\n\n       \n    \n\n<li><a href='?page_no=1'>1<\/a><\/li>\n\n\n\n<li><a href='?page_no=2'>2<\/a><\/li>\n\n\n\n<li><a>...<\/a><\/li>\n\n\n\n<li><a href='?page_no=12114'>12114<\/a><\/li>\n\n\n\n<li><a href='?page_no=12115'>12115<\/a><\/li>\n\n\n\n<li class='active'><a>12116<\/a><\/li>\n\n\n\n<li><a href='?page_no=12117'>12117<\/a><\/li>\n\n\n\n<li><a href='?page_no=12118'>12118<\/a><\/li>\n\n\n\n<li><a>...<\/a><\/li>\n\n\n\n<li><a href='?page_no=13611'>13611<\/a><\/li>\n\n\n\n<li><a href='?page_no=13612'>13612<\/a><\/li>\n\n    \n\t\n\n<li >\n\t<a href='?page_no=12117'>Next<\/a>\n\t<\/li>\n\n\n    \n\n<li><a href='?page_no=13612'>Last &rsaquo;&rsaquo;<\/a><\/li>\n\n<\/ul>\n\n\n--><br \/>\n<\/body><\/p>\n","protected":false},"excerpt":{"rendered":"<p>Miguel Vargas: El voto de la gente y las encuestas del gobierno &#13; Los procesos electorales est\u00e1n \u00edntimamente ligados con las necesidades mas sentidas de la gente, porque ellos son la v\u00e1lvula de escape que utiliza la poblaci\u00f3n para salir de situaciones precarias y de hambre como la que padece la mayor\u00eda de las familias [&hellip;]<\/p>\n","protected":false},"author":3,"featured_media":0,"comment_status":"open","ping_status":"open","sticky":false,"template":"","format":"standard","meta":{"footnotes":""},"categories":[16],"tags":[],"class_list":["post-36233","post","type-post","status-publish","format-standard","hentry","category-opiniones"],"_links":{"self":[{"href":"https:\/\/diariodominicano.com\/index.php?rest_route=\/wp\/v2\/posts\/36233","targetHints":{"allow":["GET"]}}],"collection":[{"href":"https:\/\/diariodominicano.com\/index.php?rest_route=\/wp\/v2\/posts"}],"about":[{"href":"https:\/\/diariodominicano.com\/index.php?rest_route=\/wp\/v2\/types\/post"}],"author":[{"embeddable":true,"href":"https:\/\/diariodominicano.com\/index.php?rest_route=\/wp\/v2\/users\/3"}],"replies":[{"embeddable":true,"href":"https:\/\/diariodominicano.com\/index.php?rest_route=%2Fwp%2Fv2%2Fcomments&post=36233"}],"version-history":[{"count":0,"href":"https:\/\/diariodominicano.com\/index.php?rest_route=\/wp\/v2\/posts\/36233\/revisions"}],"wp:attachment":[{"href":"https:\/\/diariodominicano.com\/index.php?rest_route=%2Fwp%2Fv2%2Fmedia&parent=36233"}],"wp:term":[{"taxonomy":"category","embeddable":true,"href":"https:\/\/diariodominicano.com\/index.php?rest_route=%2Fwp%2Fv2%2Fcategories&post=36233"},{"taxonomy":"post_tag","embeddable":true,"href":"https:\/\/diariodominicano.com\/index.php?rest_route=%2Fwp%2Fv2%2Ftags&post=36233"}],"curies":[{"name":"wp","href":"https:\/\/api.w.org\/{rel}","templated":true}]}}