{"id":36231,"date":"2008-04-15T21:48:27","date_gmt":"2008-04-15T21:48:27","guid":{"rendered":"http:\/\/diariodominicano.ddns.net\/?p=36231"},"modified":"2008-04-15T21:48:27","modified_gmt":"2008-04-15T21:48:27","slug":"el-mirador-17","status":"publish","type":"post","link":"https:\/\/diariodominicano.com\/?p=36231","title":{"rendered":"EL MIRADOR"},"content":{"rendered":"<p><body><\/p>\n<p align=\"justify\"><strong>EL MIRADOR<br \/>&#13;<br \/>\n  <br \/>&#13;<br \/>\n      <\/strong><span class=\"text1noticias\"><strong>\u201cEl nuevo periodismo\u201d<\/strong><\/span><\/p>\n<p>&#13;<\/p>\n<p align=\"justify\" class=\"text1noticias\">En la ma\u00f1ana \u00a0de este martes, List\u00edn Diario, trajo una  historia de portada que da cuenta de la carest\u00eda que, seg\u00fan su reporte fechado  en Pedernales, afect\u00f3 el mercado binacional el lunes, pero cuando se lee la  historia se comprueba su imprecisi\u00f3n e ignorancia del que la escribi\u00f3. Dice que  el saco de arroz ha subido a mil 800 pesos y que antes costaba 800 pesos. Los  que leyeron el peri\u00f3dico en una de las cafeter\u00edas de la calle peatonal El Conde,  se asombraron de la forma de la publicaci\u00f3n, pues entienden debi\u00f3 decir: es  verdad lo que dicen las autoridades de Agricultura y los molineros, que el saco  de arroz selecto de 125 libras se vende a mil 800 pesos, es decir, a 14 pesos  con 40 centavos la libra. Los lectores opinaron\u00a0  que el diario debi\u00f3 indicar desde qu\u00e9 a\u00f1o en el pa\u00eds no se vende el saco  de arroz de 125 libras a 800 pesos, vale decir, a 6 pesos con 40 centavos la  libra. Luego de la lectura los contertulios hicieron m\u00faltiples preguntas como:  porqu\u00e9 el peri\u00f3dico no llam\u00f3 la atenci\u00f3n\u00a0  de que si el cereal se coloca en el mercado a 14 pesos con 40 centavos  la libra, como su reportero lo vio en Pedernales, hay especuladores que venden la libra por encima de 25 pesos,  como ha denunciado el mismo medio de comunicaci\u00f3n. Lo publicado es una prueba  de \u00a0que el redactor de la historia  fechada en Pedernales, no vivi\u00f3 en el pa\u00eds en los d\u00edas de la inflaci\u00f3n que  sufri\u00f3 el pa\u00eds en el Gobierno del PRD-PPH, ni tampoco advirti\u00f3 que para  escribir mentiras es necesario esperar que la gente pierda la memoria. Un  lector chistoso dijo que esa nota es una joya para cuando se escriba \u00a0la antolog\u00eda del \u201cnuevo periodismo\u201d que se  hace en Rep\u00fablica Dominicana. \u00bfSe comprende?<\/p>\n<p>&#13;<\/p>\n<p align=\"justify\" class=\"text1noticias\"><strong>Hip\u00f3lito fue llamado por\u00a0 Miguel<\/strong><\/p>\n<p>&#13;<\/p>\n<p align=\"justify\" class=\"text1noticias\">El ex presidente Hip\u00f3lito  Mej\u00eda confirm\u00f3 que se ha integrado a la campa\u00f1a electoral del PRD \u00a0porque se lo pidi\u00f3 el candidato presidencial, Miguel Vargas  Maldonado. De manera, que est\u00e1 en el rol del mejor refuerzo, pero\u00a0 varios dirigentes \u00a0perredeistas\u00a0  dijeron a EL MIRADOR que el  llamado es una salida desesperada ante la ca\u00edda estrepitosa del MVM, pues las encuestas de las  firmas de mayor cr\u00e9dito indican que a medida que se acerca el d\u00eda de las  elecciones presidenciales del 16 de mayo \u00a0pr\u00f3ximo, Leonel sube en la preferencia  electoral y Miguel baja o se mantiene en su mismo porcentaje. Ahora bien, con  la entrada de Hip\u00f3lito se completa el equipo, pues los asesores dirigen al  candidato presidencial del PRD, y ahora\u00a0  se completa el equipo con el presidente del Gobierno del PRD-PPH, el  Jefe Pol\u00edtico del MVM.<\/p>\n<p>&#13;<\/p>\n<p align=\"justify\" class=\"text1noticias\"><strong>No hablen de eso<\/strong><\/p>\n<p>&#13;<\/p>\n<p align=\"justify\" class=\"text1noticias\">En el equipo de estrategia  del candidato presidencial del PRD-PPH, hay uno que tan pronto da la espalda le  dicen el disco pegado, pues el hombre cada vez que le dicen\u00a0 que las cosas no est\u00e1n saliendo bien,  argumenta que eso se puede cambiar con una campa\u00f1a de ruidos ensordecedores.  Seg\u00fan su criterio se impone decir cosas grandes aunque sean mentiras porque al  final una parte de los receptores y receptoras podr\u00edan terminar convencidos. Un  perrede\u00edsta dijo a EL MIRADOR que antes cuando hablaba todo el c\u00edrculo le  prestaba atenci\u00f3n, pero ahora lo ven como un mit\u00f3mano fabulador.\u00a0 A su juicio, la tendencia hacia arriba que  mantiene Leonel en la preferencia electoral no se interrumpe con mentiras que  salen de las bocas de pol\u00edticos y asesores econ\u00f3micos que perdieron la  confianza de la poblaci\u00f3n cuando detentaron el poder. Les duele que recuerden  los d\u00edas cuando advert\u00edan que el poder es para usarlo.<\/p>\n<p>&#13;<\/p>\n<p align=\"justify\" class=\"text1noticias\"><strong>Que la borren<\/strong><\/p>\n<p>&#13;<\/p>\n<p align=\"justify\" class=\"text1noticias\">Las encuestas que provocan  frenes\u00ed entre los asesores del candidato presidencial del PRD, son las de \u00a0Diario Libre-Greenberg: Leonel 53% y Miguel  37%; Clave-Noxa-Ciees: Leonel 54% y Miguel 30%; Penn, Schoend &amp; Berland  Associates: Leonel 56% y Miguel 32%; Gallup-Hoy: Leonel 52% y Miguel 35%. El  promedio de los sondeos de Febrero, Marzo y los primeros d\u00edas de Abril indican  que si las elecciones presidenciales fueran hoy, Leonel Fern\u00e1ndez ganar\u00eda en  primera vuelta con un promedio de 53.75% y Miguel obtendr\u00eda 33.50%, es decir,  20.25% menos que Leonel. Los perrede\u00edstas que dieron la informaci\u00f3n a EL  MIRADOR estaban alegres, ya que entienden lo que se expresa en las encuestas es  la reacci\u00f3n del pa\u00eds contra el equipo del PRD-PPH que da\u00f1\u00f3 la econom\u00eda y sumi\u00f3  el pa\u00eds en una crisis durante el per\u00edodo 2000-2004. \u00a0Seg\u00fan los que hablaron, nadie debe sorprenderse  si otras \u00a0figuras p\u00fablicas del PRD  anuncian que apoyan la candidatura presidencial del doctor Leonel Fern\u00e1ndez.<\/p>\n<p>&#13;<\/p>\n<p align=\"justify\" class=\"text1noticias\"><strong>Freddy Beras Goico apoya a Leonel<\/strong><\/p>\n<p>&#13;<\/p>\n<p align=\"justify\" class=\"text1noticias\">En las tertulias matutinas la  noticia m\u00e1s comentada es la que da cuenta del anuncio de Freddy Beras Goico,  con su decisi\u00f3n de apoyar la candidatura de Leonel Fern\u00e1ndez. La nueva vino de  Miami y ha tenido el impacto de un palo por encima de la cerca del centro del  Estadio Quisqueya. Un cuadrangular para Leonel. En opini\u00f3n de Freddy: el  Presidente \u00a0de su pa\u00eds (Rep\u00fablica  Dominicana) est\u00e1 haciendo un buen gobierno por lo que no s\u00f3lo se merece cuatro  a\u00f1os m\u00e1s, sino ocho. Habl\u00f3 en una tertulia dominicana organizada por el  Consulado General de la Rep\u00fablica Dominicana en Miami,\u00a0en el hotel  Intercontinental. \u00abYo, como ciudadano, apoyo las iniciativas de gobierno  del presidente Leonel Fern\u00e1ndez, porque creo que es un hombre que est\u00e1 haciendo  lo correcto en el manejo de la cosa p\u00fablica, creo que se merece no cuatro a\u00f1os,  sino 8 m\u00e1s para desarrollar sus proyectos\u00bb. Para los que llevan  anotaciones: Freddy tambi\u00e9n dijo est\u00e1 de acuerdo con que los artistas expresen  p\u00fablicamente sus simpat\u00edas pol\u00edticas partidistas, porque cada quien tiene sus  preferencias. \u00bfSe oye?<\/p>\n<p>&#13;<\/p>\n<h6> 2008-04-15 21:48:27 <\/h6>\n<p><!--\n<link rel=\"stylesheet\" href=\"css\/bootstrap.min.css\">\n\n\n<ul class=\"pagination\">\n\t    \n\t\n\n<li >\n\t<a href='?page_no=12113'>Previous<\/a>\n\t<\/li>\n\n\n       \n    \n\n<li><a href='?page_no=1'>1<\/a><\/li>\n\n\n\n<li><a href='?page_no=2'>2<\/a><\/li>\n\n\n\n<li><a>...<\/a><\/li>\n\n\n\n<li><a href='?page_no=12112'>12112<\/a><\/li>\n\n\n\n<li><a href='?page_no=12113'>12113<\/a><\/li>\n\n\n\n<li class='active'><a>12114<\/a><\/li>\n\n\n\n<li><a href='?page_no=12115'>12115<\/a><\/li>\n\n\n\n<li><a href='?page_no=12116'>12116<\/a><\/li>\n\n\n\n<li><a>...<\/a><\/li>\n\n\n\n<li><a href='?page_no=13611'>13611<\/a><\/li>\n\n\n\n<li><a href='?page_no=13612'>13612<\/a><\/li>\n\n    \n\t\n\n<li >\n\t<a href='?page_no=12115'>Next<\/a>\n\t<\/li>\n\n\n    \n\n<li><a href='?page_no=13612'>Last &rsaquo;&rsaquo;<\/a><\/li>\n\n<\/ul>\n\n\n--><br \/>\n<\/body><\/p>\n","protected":false},"excerpt":{"rendered":"<p>EL MIRADOR&#13; &#13; \u201cEl nuevo periodismo\u201d &#13; En la ma\u00f1ana \u00a0de este martes, List\u00edn Diario, trajo una historia de portada que da cuenta de la carest\u00eda que, seg\u00fan su reporte fechado en Pedernales, afect\u00f3 el mercado binacional el lunes, pero cuando se lee la historia se comprueba su imprecisi\u00f3n e ignorancia del que la escribi\u00f3. [&hellip;]<\/p>\n","protected":false},"author":3,"featured_media":0,"comment_status":"open","ping_status":"open","sticky":false,"template":"","format":"standard","meta":{"footnotes":""},"categories":[16],"tags":[],"class_list":["post-36231","post","type-post","status-publish","format-standard","hentry","category-opiniones"],"_links":{"self":[{"href":"https:\/\/diariodominicano.com\/index.php?rest_route=\/wp\/v2\/posts\/36231","targetHints":{"allow":["GET"]}}],"collection":[{"href":"https:\/\/diariodominicano.com\/index.php?rest_route=\/wp\/v2\/posts"}],"about":[{"href":"https:\/\/diariodominicano.com\/index.php?rest_route=\/wp\/v2\/types\/post"}],"author":[{"embeddable":true,"href":"https:\/\/diariodominicano.com\/index.php?rest_route=\/wp\/v2\/users\/3"}],"replies":[{"embeddable":true,"href":"https:\/\/diariodominicano.com\/index.php?rest_route=%2Fwp%2Fv2%2Fcomments&post=36231"}],"version-history":[{"count":0,"href":"https:\/\/diariodominicano.com\/index.php?rest_route=\/wp\/v2\/posts\/36231\/revisions"}],"wp:attachment":[{"href":"https:\/\/diariodominicano.com\/index.php?rest_route=%2Fwp%2Fv2%2Fmedia&parent=36231"}],"wp:term":[{"taxonomy":"category","embeddable":true,"href":"https:\/\/diariodominicano.com\/index.php?rest_route=%2Fwp%2Fv2%2Fcategories&post=36231"},{"taxonomy":"post_tag","embeddable":true,"href":"https:\/\/diariodominicano.com\/index.php?rest_route=%2Fwp%2Fv2%2Ftags&post=36231"}],"curies":[{"name":"wp","href":"https:\/\/api.w.org\/{rel}","templated":true}]}}