{"id":362239,"date":"2022-06-17T17:28:17","date_gmt":"2022-06-17T21:28:17","guid":{"rendered":"http:\/\/diariodominicano.com\/?p=362239"},"modified":"2022-06-17T17:28:17","modified_gmt":"2022-06-17T21:28:17","slug":"la-secretaria-de-cultura-pld-lamenta-partida-de-soprano-ivonne-haza","status":"publish","type":"post","link":"https:\/\/diariodominicano.com\/?p=362239","title":{"rendered":"La Secretaria de Cultura PLD\u00a0lamenta partida de soprano\u00a0Ivonne Haza"},"content":{"rendered":"\n<p><strong>Santo Domingo, RD.<\/strong>&#8211; <strong>La Secretar\u00eda de Cultura del Partido de la Liberaci\u00f3n Dominicana (PLD)<\/strong>\u00a0lament\u00f3 el fallecimiento de la reconocida soprano dominicana\u00a0<strong>Sara Mar\u00eda Ivonne Haza del Castillo (Ivonne Haza)\u00a0<\/strong>a la edad de 83 a\u00f1os.<\/p>\n\n\n\n<p><strong>Mery Kasse, titular de Cultura del PLD<\/strong>, a nombre de la organizaci\u00f3n lament\u00f3 el deceso de la reconocida cantante l\u00edrica y profesora de canto, &nbsp;&nbsp;apuntando&nbsp; que el pa\u00eds ha perdido una de sus grandes glorias. &nbsp;<\/p>\n\n\n\n<p>En los rasgos biogr\u00e1ficos de la dama fallecida se destaca que la &nbsp;artista cl\u00e1sica subi\u00f3 por primera vez a un escenario el 13 de marzo de 1958, en el Instituto de Se\u00f1oritas Salom\u00e9 Ure\u00f1a con la interpretaci\u00f3n del tema Arias del Mes\u00edas de Georg Friederich Handel.<\/p>\n\n\n\n<p>La profesora Ivonne de &nbsp;Haza acumul\u00f3 m\u00e1s de 30 a\u00f1os como profesora del canto y terapista del habla.<\/p>\n\n\n\n<p>Ivonne Haza naci\u00f3 en el batey del ingenio Angelina, en la provincia de San Pedro de Macor\u00eds y sus padres eran Luis Felipe Haza Gonz\u00e1lez, un inmigrante de origen cubano, de Matanzas y de Rita Indiana del Castillo y Rodr\u00edguez Obj\u00edo.<\/p>\n\n\n\n<p>La soprano fallecida &nbsp;endulz\u00f3 a millones de personas tanto en el pa\u00eds como en el extranjero. Tambi\u00e9n la llamaban la \u00abDiva Dominicana\u00bb.<\/p>\n\n\n\n<p>Su voz quedar\u00e1 por siempre sobre hist\u00f3ricas partituras de conocidas \u00f3peras italianas, r\u00e9quiems, zarzuelas, oratorios, cantatas, misas, canciones de todo tipo francesas, italianas, espa\u00f1olas, alemanas, rusas, portuguesas, latinoamericanas y en especial canciones de arte de la Rep\u00fablica Dominicana.<\/p>\n\n\n\n<p>Los restos de la soprano son expuestos en la Funeraria Blandino de la avenida Abraham Lincoln desde este viernes a partir de las 4:00 de la tarde. Mucho consuelo para toda su familia, es el mensaje del PLD al lamentar el fallecimiento de do\u00f1a Ivonne Haza.<\/p>\n\n\n\n<p><strong>SECRETARIA DE COMUNICACIONES<\/strong><\/p>\n\n\n\n<p><strong>17 DE JUNIO, 2022.-<\/strong><\/p>\n","protected":false},"excerpt":{"rendered":"<p>Santo Domingo, RD.&#8211; La Secretar\u00eda de Cultura del Partido de la Liberaci\u00f3n Dominicana (PLD)\u00a0lament\u00f3 el fallecimiento de la reconocida soprano dominicana\u00a0Sara Mar\u00eda Ivonne Haza del Castillo (Ivonne Haza)\u00a0a la edad de 83 a\u00f1os. Mery Kasse, titular de Cultura del PLD, a nombre de la organizaci\u00f3n lament\u00f3 el deceso de la reconocida cantante l\u00edrica y profesora [&hellip;]<\/p>\n","protected":false},"author":28,"featured_media":362240,"comment_status":"closed","ping_status":"","sticky":true,"template":"","format":"standard","meta":{"footnotes":""},"categories":[26,25],"tags":[],"class_list":["post-362239","post","type-post","status-publish","format-standard","has-post-thumbnail","hentry","category-efemerides","category-gente"],"_links":{"self":[{"href":"https:\/\/diariodominicano.com\/index.php?rest_route=\/wp\/v2\/posts\/362239","targetHints":{"allow":["GET"]}}],"collection":[{"href":"https:\/\/diariodominicano.com\/index.php?rest_route=\/wp\/v2\/posts"}],"about":[{"href":"https:\/\/diariodominicano.com\/index.php?rest_route=\/wp\/v2\/types\/post"}],"author":[{"embeddable":true,"href":"https:\/\/diariodominicano.com\/index.php?rest_route=\/wp\/v2\/users\/28"}],"replies":[{"embeddable":true,"href":"https:\/\/diariodominicano.com\/index.php?rest_route=%2Fwp%2Fv2%2Fcomments&post=362239"}],"version-history":[{"count":1,"href":"https:\/\/diariodominicano.com\/index.php?rest_route=\/wp\/v2\/posts\/362239\/revisions"}],"predecessor-version":[{"id":362241,"href":"https:\/\/diariodominicano.com\/index.php?rest_route=\/wp\/v2\/posts\/362239\/revisions\/362241"}],"wp:featuredmedia":[{"embeddable":true,"href":"https:\/\/diariodominicano.com\/index.php?rest_route=\/wp\/v2\/media\/362240"}],"wp:attachment":[{"href":"https:\/\/diariodominicano.com\/index.php?rest_route=%2Fwp%2Fv2%2Fmedia&parent=362239"}],"wp:term":[{"taxonomy":"category","embeddable":true,"href":"https:\/\/diariodominicano.com\/index.php?rest_route=%2Fwp%2Fv2%2Fcategories&post=362239"},{"taxonomy":"post_tag","embeddable":true,"href":"https:\/\/diariodominicano.com\/index.php?rest_route=%2Fwp%2Fv2%2Ftags&post=362239"}],"curies":[{"name":"wp","href":"https:\/\/api.w.org\/{rel}","templated":true}]}}