{"id":36220,"date":"2008-04-17T21:34:35","date_gmt":"2008-04-17T21:34:35","guid":{"rendered":"http:\/\/diariodominicano.ddns.net\/?p=36220"},"modified":"2008-04-17T21:34:35","modified_gmt":"2008-04-17T21:34:35","slug":"viva-el-dia-mundial-de-la-lucha-campesina","status":"publish","type":"post","link":"https:\/\/diariodominicano.com\/?p=36220","title":{"rendered":"!Viva el D\u00eda Mundial de la Lucha Campesina!"},"content":{"rendered":"<p><body><\/p>\n<p><span class=\"text1noticias\">Minga Informativa de Movimientos Sociales<\/span><br \/>&#13;\n<\/p>\n<p>&#13;<\/p>\n<p class=\"titulogrande1\">!Viva el D\u00eda Mundial de la Lucha Campesina! <\/p>\n<p>&#13;<\/p>\n<p align=\"justify\" class=\"text1noticias\">Llega el 17 de Abril. Sin embargo, ya no son pocas las  veces que tengamos que rememorar diariamente esta importante fecha en nuestros  pa\u00edses de Latinoam\u00e9rica y Caribe.<\/p>\n<p>&#13;<\/p>\n<p align=\"justify\" class=\"text1noticias\">Seguimos enfrentando duras realidades impuestas por el  capitalismo, como la concentraci\u00f3n de tierras, la ilegal abertura del comercio,  el crecimiento del agronegocio y de la monocultura, las injustas relaciones de  genero en el campo y en la ciudad y otros sinn\u00famero de imposiciones del  capitalismo que aceleran la pobreza mundial, con atenci\u00f3n especial para el  campo.<\/p>\n<p>&#13;<\/p>\n<p align=\"justify\" class=\"text1noticias\">La alianza de las Agencias Internacionales (FMI, OMC, BM,  etc.) con los gobiernos y con las empresas agr\u00edcolas y transnacionales aumenta  los resultados m\u00e1s perversos, como la degradaci\u00f3n de los medios naturales, la  expulsi\u00f3n de campesinas y los campesinos de sus tierras, el aumento de la  desigualdad social, la concentraci\u00f3n financiera sin su debida distribuci\u00f3n  agravando los elementos m\u00e1s inaceptables en los d\u00edas de hoy: el hambre, la violencia, el trabajo degradante, las  persecuciones y las muertes.<\/p>\n<p>&#13;<\/p>\n<p align=\"justify\" class=\"text1noticias\">Es delante de ese continuo crecimiento de las injusticas  sociales, que el significado del 17 de Abril para todas las campesinas y todos  los campesinos, ind\u00edgenas y afrodecendientes de Latinoam\u00e9rica y Caribe se  transforma en algo mas presente cada d\u00eda que resistirnos, que formamos,  animamos, que luchamos y que reivindicamos nuestro derechos, nuestras tierras,  nuestra vida y nuestra soberan\u00eda.<\/p>\n<p>&#13;<\/p>\n<p align=\"justify\" class=\"text1noticias\">No olvidamos la resistencia que tuvieron nuestros  compa\u00f1eros y compa\u00f1eras delante de tal masacre que fue el 17 de Abril de 1996  en el Eldorado de los Caraj\u00e1s, en Brasil; no dejaremos de lado nunca la  determinaci\u00f3n que tuvieron los mas de 1.500 mujeres y hombres sin tierra que en  aquel momento gritaron mas una vez contra la demora de las desapropiaciones de  tierra para la Reforma Agraria; no relegaremos nunca que fue tambi\u00e9n de la  fuerza, del coraje y de la lucha de nuestros 19 compa\u00f1eros que dispusieron su  vida contra el latifundio que recordamos hoy, este D\u00eda Internacional de la  Lucha Campesina.<\/p>\n<p>&#13;<\/p>\n<p align=\"justify\" class=\"text1noticias\">Es con la fuerza de nuestras hermanas y hermanos de todo  el mundo que luchan cotidianamente en defesa de la vida, que en el d\u00eda de hoy  convocamos todas las organizaciones campesinas, ind\u00edgenas y afrodecendientes de  Latinoam\u00e9rica y Caribe a celebrar la magnitud y renovaci\u00f3n que trae ese  momento. Que nos rebelemos aqu\u00ed y en todo el mundo, hoy y siempre, luchando por  nuestros derechos, nuestras tierras, nuestra soberan\u00eda y por la justicia  social.<\/p>\n<p>&#13;<\/p>\n<p align=\"justify\" class=\"text1noticias\">Juana Ferrer<br \/>&#13;<br \/>\n  <br \/>&#13;<br \/>\n  Secretaria Operativa CLOC<\/p>\n<p>&#13;<\/p>\n<h6> 2008-04-17 21:34:35 <\/h6>\n<p><!--\n<link rel=\"stylesheet\" href=\"css\/bootstrap.min.css\">\n\n\n<ul class=\"pagination\">\n\t    \n\t\n\n<li >\n\t<a href='?page_no=12103'>Previous<\/a>\n\t<\/li>\n\n\n       \n    \n\n<li><a href='?page_no=1'>1<\/a><\/li>\n\n\n\n<li><a href='?page_no=2'>2<\/a><\/li>\n\n\n\n<li><a>...<\/a><\/li>\n\n\n\n<li><a href='?page_no=12102'>12102<\/a><\/li>\n\n\n\n<li><a href='?page_no=12103'>12103<\/a><\/li>\n\n\n\n<li class='active'><a>12104<\/a><\/li>\n\n\n\n<li><a href='?page_no=12105'>12105<\/a><\/li>\n\n\n\n<li><a href='?page_no=12106'>12106<\/a><\/li>\n\n\n\n<li><a>...<\/a><\/li>\n\n\n\n<li><a href='?page_no=13611'>13611<\/a><\/li>\n\n\n\n<li><a href='?page_no=13612'>13612<\/a><\/li>\n\n    \n\t\n\n<li >\n\t<a href='?page_no=12105'>Next<\/a>\n\t<\/li>\n\n\n    \n\n<li><a href='?page_no=13612'>Last &rsaquo;&rsaquo;<\/a><\/li>\n\n<\/ul>\n\n\n--><br \/>\n<\/body><\/p>\n","protected":false},"excerpt":{"rendered":"<p>Minga Informativa de Movimientos Sociales&#13; &#13; !Viva el D\u00eda Mundial de la Lucha Campesina! &#13; Llega el 17 de Abril. Sin embargo, ya no son pocas las veces que tengamos que rememorar diariamente esta importante fecha en nuestros pa\u00edses de Latinoam\u00e9rica y Caribe. &#13; Seguimos enfrentando duras realidades impuestas por el capitalismo, como la concentraci\u00f3n [&hellip;]<\/p>\n","protected":false},"author":3,"featured_media":0,"comment_status":"open","ping_status":"open","sticky":false,"template":"","format":"standard","meta":{"footnotes":""},"categories":[16],"tags":[],"class_list":["post-36220","post","type-post","status-publish","format-standard","hentry","category-opiniones"],"_links":{"self":[{"href":"https:\/\/diariodominicano.com\/index.php?rest_route=\/wp\/v2\/posts\/36220","targetHints":{"allow":["GET"]}}],"collection":[{"href":"https:\/\/diariodominicano.com\/index.php?rest_route=\/wp\/v2\/posts"}],"about":[{"href":"https:\/\/diariodominicano.com\/index.php?rest_route=\/wp\/v2\/types\/post"}],"author":[{"embeddable":true,"href":"https:\/\/diariodominicano.com\/index.php?rest_route=\/wp\/v2\/users\/3"}],"replies":[{"embeddable":true,"href":"https:\/\/diariodominicano.com\/index.php?rest_route=%2Fwp%2Fv2%2Fcomments&post=36220"}],"version-history":[{"count":0,"href":"https:\/\/diariodominicano.com\/index.php?rest_route=\/wp\/v2\/posts\/36220\/revisions"}],"wp:attachment":[{"href":"https:\/\/diariodominicano.com\/index.php?rest_route=%2Fwp%2Fv2%2Fmedia&parent=36220"}],"wp:term":[{"taxonomy":"category","embeddable":true,"href":"https:\/\/diariodominicano.com\/index.php?rest_route=%2Fwp%2Fv2%2Fcategories&post=36220"},{"taxonomy":"post_tag","embeddable":true,"href":"https:\/\/diariodominicano.com\/index.php?rest_route=%2Fwp%2Fv2%2Ftags&post=36220"}],"curies":[{"name":"wp","href":"https:\/\/api.w.org\/{rel}","templated":true}]}}