{"id":36218,"date":"2008-04-18T14:47:41","date_gmt":"2008-04-18T14:47:41","guid":{"rendered":"http:\/\/diariodominicano.ddns.net\/?p=36218"},"modified":"2008-04-18T14:47:41","modified_gmt":"2008-04-18T14:47:41","slug":"miguel-vargas-y-las-movilizaciones-de-masas","status":"publish","type":"post","link":"https:\/\/diariodominicano.com\/?p=36218","title":{"rendered":"Miguel Vargas y las Movilizaciones de Masas"},"content":{"rendered":"<p><body><\/p>\n<p align=\"justify\"><strong class=\"titulogrande1\">Miguel  Vargas y las Movilizaciones de Masas<\/strong><br \/>&#13;<br \/>\n  <br \/>&#13;<br \/>\n    <span class=\"text1noticias\">18\/4\/2008<\/span><\/p>\n<p>&#13;<\/p>\n<p align=\"justify\" class=\"text1noticias\">Los seres  humanos\u00a0 actuamos en pol\u00edtica, casi  siempre, motivados por razones de car\u00e1cter econ\u00f3mico, que afectan nuestras  condiciones de vida, es decir son las necesidades mas sentidas de la gente las  que la lleva a actuar para cambiar una situaci\u00f3n determinada que le esta  afectando. <\/p>\n<p>&#13;<\/p>\n<p align=\"justify\" class=\"text1noticias\">Cuando  vemos grandes contingentes de masas, actuando de forma conjunta, en la b\u00fasqueda  de un inter\u00e9s com\u00fan, ello se debe a que se desea cambiar una situaci\u00f3n  econ\u00f3mica o social que no esta \u00a0\u00a0favoreciendo  al grupo o a la comunidad.<\/p>\n<p>&#13;<\/p>\n<p align=\"justify\" class=\"text1noticias\">Las masas,  en la medida en que defienden un inter\u00e9s com\u00fan, piensan y act\u00faan de forma  unida, en una sola direcci\u00f3n; que es la de modificar las condiciones que dan  origen a la situaci\u00f3n que las afectan. Esa es la raz\u00f3n por la que en este  proceso electoral, de mayo pr\u00f3ximo, estamos viendo que grandes masas humanas est\u00e1n  apoyando la candidatura de Miguel Vargas, como forma de cambiar la situaci\u00f3n de  crisis econ\u00f3mica, social y moral que hoy padecen la mayor\u00eda de familias del  pa\u00eds. <\/p>\n<p>&#13;<\/p>\n<p align=\"justify\" class=\"text1noticias\">Las masas  que se est\u00e1n movilizando en todo el pa\u00eds, respaldando la candidatura del Ing.  Miguel Vargas, \u00a0est\u00e1n actuando con un  solo objetivo y el mismo consiste en impulsar el cambio de gobierno el pr\u00f3ximo  16 de mayo, \u00fanica garant\u00eda para que la gente pueda renovar sus esperanzas, hoy  perdidas por las limitaciones econ\u00f3micas en que est\u00e1n viviendo la clase media y  los pobres de todo el pa\u00eds. Los grandes contingentes de masas que se movilizan  a favor de la candidatura de Miguel Vargas buscan poner en evidencia ante los  ojos de la naci\u00f3n que la \u00fanica encuesta cre\u00edble ser\u00e1\u00a0 la que resulte del voto mayoritario de los  dominicanos que acudir\u00e1n a las urnas y todo viene a demostrar que ese voto  mayoritario lo tiene cautivo el Ing. Miguel Vargas con estas elocuentes  movilizaciones de masas, que no tienen nada que envidiarles a las grandes  demostraciones de masas\u00a0 que realizaron  en sus tiempos de apogeo pol\u00edtico grandes lideres como el profesor Bosch, el  doctor Pe\u00f1a G\u00f3mez y el doctor Balaguer. \u00a0\u00a0<\/p>\n<p>&#13;<\/p>\n<p align=\"justify\" class=\"text1noticias\">A veces  pensamos que son los hombres que se colocan y se atribuyen\u00a0 una posici\u00f3n dentro del proceso hist\u00f3rico que  viven los pueblos y es al rev\u00e9s, es la historia que en su devenir coloca a los  hombres en el torrente de los hechos hist\u00f3ricos, sea para acelerar un proceso o  ya sea para frenarlo. Es decir los hombres\u00a0  hacen la historia, pero ese lugar que estos ocupan en el proceso  hist\u00f3rico son\u00a0 el producto del desarrollo  de las fuerzas sociales, econ\u00f3micas y pol\u00edticas que inciden en una naci\u00f3n. Es  decir, es el desarrollo de las fuerzas productivas lo que da origen al  nacimiento y crecimiento de\u00a0 liderazgos  diversos en el seno de la sociedad.\u00a0 <\/p>\n<p>&#13;<\/p>\n<p align=\"justify\" class=\"text1noticias\">En el  presente la historia pol\u00edtica y electoral del pa\u00eds ha puesto en su camino al  Ing. Miguel Vargas, que esta colocado, en este momento en un lugar privilegiado  de la historia electoral y pol\u00edtica de la naci\u00f3n dominicana. El lugar  privilegiado que ocupa la candidatura del Ing. Miguel Vargas tiene mayor  importancia por el car\u00e1cter especial que revisten estas elecciones.<\/p>\n<p>&#13;<\/p>\n<p align=\"justify\" class=\"text1noticias\">El  car\u00e1cter especial que revisten estas elecciones de mayo se debe al hecho de que  producto de los incumplimientos electorales de la mayor\u00eda de los gobiernos que  hemos tenido en los \u00faltimos sesenta a\u00f1os, hay una naci\u00f3n que esta cansada de la  demagogia y la corrupci\u00f3n de su clases pol\u00edtica gobernante , esto a su vez se  traduce en perdida de legitimad y credibilidad para la democracia, como sistema  pol\u00edtico representativo de la mayor\u00eda, por eso el gobernante que resulte  ganador en las pr\u00f3ximas elecciones debe asumir una actitud diferente a los  gobiernos pasados, si es que deseas pasar a la historia con alg\u00fan nivel de  aceptaci\u00f3n y credibilidad.<\/p>\n<p>&#13;<\/p>\n<p align=\"justify\" class=\"text1noticias\">La  historia al colocar a una persona en el torrente de sus acontecimientos no lo  escoge al azar, sino que esta hace su selecci\u00f3n atendiendo a las condiciones  mostradas, desarrolladas y exhibidas por los personajes que son impulsados por las  fuerzas sociales, econ\u00f3micas y pol\u00edticas que inciden mayoritariamente y  controlan una sociedad ; esta caracter\u00edstica de la historia es la que, en el  presente, ha venido a ubicar al Ing. Miguel Vargas \u00a0en el lugar privilegiado que lo ha colocado  para que gobierne a favor de la mayor\u00eda del pa\u00eds y a favor de sus sectores  productivos y empresariales.<\/p>\n<p>&#13;<\/p>\n<p align=\"justify\" class=\"text1noticias\">Los  personajes llevados por la historia a encabezar sus procesos si tienen una  visi\u00f3n clara de su posici\u00f3n en el seno del Estado y la sociedad, as\u00ed como una  visi\u00f3n clara de hacia d\u00f3nde deben dirigir sus esfuerzos, para encausar por el  camino del bienestar a sus gentes tienen asegurados un lugar privilegiado,  tanto en el aprecio de la gente, como en el espacio de tiempo frente al Estado  y a la naci\u00f3n, por eso depende del personaje elegido si desea prolongar su  permanencia al frente de los destinos de la naci\u00f3n.<\/p>\n<p>&#13;<\/p>\n<p align=\"justify\" class=\"text1noticias\">La energ\u00eda  vibrante en que se apoyan las masas que acompa\u00f1an a Miguel Vargas en sus  movilizaciones y caminatas es el producto de las necesidades que esta  padeciendo la gente\u00a0 y que ha dado como  resultado la necesidad de promover y ejecutar el cambio\u00a0 pol\u00edtico, que es el paso previo para lograr  los cambios econ\u00f3micos y sociales que esta demandando la sociedad dominicana a  su clase pol\u00edtica. Por eso este 16 de mayo las masas dominicanas ocuparan el  lugar que le ha asignado la historia junto a Miguel Vargas para iniciar los  cambios, desde el nuevo gobierno, que garanticen comenzar a superar la crisis  presente sintetizada en el hambre , la violencia y la crisis econ\u00f3mica y moral  que hoy abate a toda la naci\u00f3n dominicana. \u00a0<\/p>\n<p>&#13;<\/p>\n<p align=\"justify\" class=\"text1noticias\"><strong>Evelio Arroyo es Soci\u00f3logo, Abogado y Escritor. Es, adem\u00e1s,  Director Nacional de Comunicaciones y Estrategias del Movimiento en L\u00ednea con  Miguel, que preside el Dr. Francisco Fern\u00e1ndez. <\/strong><\/p>\n<p>&#13;<\/p>\n<h6> 2008-04-18 14:47:41 <\/h6>\n<p><!--\n<link rel=\"stylesheet\" href=\"css\/bootstrap.min.css\">\n\n\n<ul class=\"pagination\">\n\t    \n\t\n\n<li >\n\t<a href='?page_no=12101'>Previous<\/a>\n\t<\/li>\n\n\n       \n    \n\n<li><a href='?page_no=1'>1<\/a><\/li>\n\n\n\n<li><a href='?page_no=2'>2<\/a><\/li>\n\n\n\n<li><a>...<\/a><\/li>\n\n\n\n<li><a href='?page_no=12100'>12100<\/a><\/li>\n\n\n\n<li><a href='?page_no=12101'>12101<\/a><\/li>\n\n\n\n<li class='active'><a>12102<\/a><\/li>\n\n\n\n<li><a href='?page_no=12103'>12103<\/a><\/li>\n\n\n\n<li><a href='?page_no=12104'>12104<\/a><\/li>\n\n\n\n<li><a>...<\/a><\/li>\n\n\n\n<li><a href='?page_no=13611'>13611<\/a><\/li>\n\n\n\n<li><a href='?page_no=13612'>13612<\/a><\/li>\n\n    \n\t\n\n<li >\n\t<a href='?page_no=12103'>Next<\/a>\n\t<\/li>\n\n\n    \n\n<li><a href='?page_no=13612'>Last &rsaquo;&rsaquo;<\/a><\/li>\n\n<\/ul>\n\n\n--><br \/>\n<\/body><\/p>\n","protected":false},"excerpt":{"rendered":"<p>Miguel Vargas y las Movilizaciones de Masas&#13; &#13; 18\/4\/2008 &#13; Los seres humanos\u00a0 actuamos en pol\u00edtica, casi siempre, motivados por razones de car\u00e1cter econ\u00f3mico, que afectan nuestras condiciones de vida, es decir son las necesidades mas sentidas de la gente las que la lleva a actuar para cambiar una situaci\u00f3n determinada que le esta afectando. [&hellip;]<\/p>\n","protected":false},"author":3,"featured_media":0,"comment_status":"open","ping_status":"open","sticky":false,"template":"","format":"standard","meta":{"footnotes":""},"categories":[16],"tags":[],"class_list":["post-36218","post","type-post","status-publish","format-standard","hentry","category-opiniones"],"_links":{"self":[{"href":"https:\/\/diariodominicano.com\/index.php?rest_route=\/wp\/v2\/posts\/36218","targetHints":{"allow":["GET"]}}],"collection":[{"href":"https:\/\/diariodominicano.com\/index.php?rest_route=\/wp\/v2\/posts"}],"about":[{"href":"https:\/\/diariodominicano.com\/index.php?rest_route=\/wp\/v2\/types\/post"}],"author":[{"embeddable":true,"href":"https:\/\/diariodominicano.com\/index.php?rest_route=\/wp\/v2\/users\/3"}],"replies":[{"embeddable":true,"href":"https:\/\/diariodominicano.com\/index.php?rest_route=%2Fwp%2Fv2%2Fcomments&post=36218"}],"version-history":[{"count":0,"href":"https:\/\/diariodominicano.com\/index.php?rest_route=\/wp\/v2\/posts\/36218\/revisions"}],"wp:attachment":[{"href":"https:\/\/diariodominicano.com\/index.php?rest_route=%2Fwp%2Fv2%2Fmedia&parent=36218"}],"wp:term":[{"taxonomy":"category","embeddable":true,"href":"https:\/\/diariodominicano.com\/index.php?rest_route=%2Fwp%2Fv2%2Fcategories&post=36218"},{"taxonomy":"post_tag","embeddable":true,"href":"https:\/\/diariodominicano.com\/index.php?rest_route=%2Fwp%2Fv2%2Ftags&post=36218"}],"curies":[{"name":"wp","href":"https:\/\/api.w.org\/{rel}","templated":true}]}}