{"id":36216,"date":"2008-04-20T22:01:00","date_gmt":"2008-04-20T22:01:00","guid":{"rendered":"http:\/\/diariodominicano.ddns.net\/?p=36216"},"modified":"2008-04-20T22:01:00","modified_gmt":"2008-04-20T22:01:00","slug":"miguel-vargas-y-las-inversiones-nacionales-y-extranjeras","status":"publish","type":"post","link":"https:\/\/diariodominicano.com\/?p=36216","title":{"rendered":"Miguel Vargas y las Inversiones Nacionales y Extranjeras"},"content":{"rendered":"<p><body><\/p>\n<p class=\"titulogrande1\"><strong>Miguel Vargas y las  Inversiones Nacionales y Extranjeras<\/strong><\/p>\n<p>&#13;<\/p>\n<p align=\"justify\" class=\"text1noticias\">Los pa\u00edses pobres,  como el nuestro, tienen que luchar, d\u00eda a d\u00eda, para a trav\u00e9s del Estado dar  respuestas a las demandas de obras, ayudas y participaci\u00f3n en los programas  sociales del gobierno a la m\u00e1s variada cantidad de gente que busca una  respuesta a un problema personal o comunitario que lo afecta. <\/p>\n<p>&#13;<\/p>\n<p align=\"justify\" class=\"text1noticias\">Por eso observamos  que la mayor falla que ha tenido la clase pol\u00edtica gobernante del pa\u00eds es que  no ha honrado los compromisos contra\u00eddos con los ciudadanos y las comunidades.  Por eso hay cada vez mayor cantidad de barrios y comunidades que no reciben las obra que se le ha  prometido, pero que tampoco son ayudadas a conseguir el empleo o la ayuda que  se le prometi\u00f3. <\/p>\n<p>&#13;<\/p>\n<p align=\"justify\" class=\"text1noticias\">En este aspecto,  producto de ese comportamiento secular de incumplimientos de todos los partidos  que nos han gobernado en estos \u00faltimos a\u00f1os, vemos cientos de barrios y  comunidades abandonadas a su suerte, donde no llega la mano amiga del Estado.  Lo peor de todo esto es que no s\u00f3lo no llegan los programas sociales del Estado  con ayudas para las personas que ya no pueden trabajar, sino que no hay un  esfuerzo del gobierno por establecer, en esas comunidades unidades productivas,  escuelas, hospitales, ni hay programas de desarrollo para el financiamiento\u00a0 a medianos y peque\u00f1os agricultores, ni para  los medianos y peque\u00f1os empresarios que desean conseguir cr\u00e9ditos blandos para  impulsar sus peque\u00f1as empresas productivas y comerciales. <\/p>\n<p>&#13;<\/p>\n<p align=\"justify\" class=\"text1noticias\">Esta situaci\u00f3n tiene  el agravante, en este gobierno, de que los peque\u00f1os empresarios y comerciantes  que desean invertir el poco capital econ\u00f3mico y de trabajo de que disponen, se  encuentran con que el gobierno, con las altas tasas de impuestos que ha  establecido, m\u00e1s los altos precios de los servicios,\u00a0 se tragan su esfuerzos y sus peque\u00f1as  empresas y aunque estos contin\u00faan realizando grandes esfuerzos por no ir a la  quiebra, al final tienen que aceptar la realidad de que tienen que salir del  mercado empresarial y laboral, debido a la presi\u00f3n fiscal que le impone este  gobierno. En esta lucha han venido desenvolvi\u00e9ndose los peque\u00f1os empresarios,  que al final de un circulo vicioso continuo, tienen que cerrar sus puertas e ir  a la quiebra, debido a la\u00a0 pol\u00edtica  econ\u00f3mica de hambre y miseria que promueve y patrocina este gobierno.<\/p>\n<p>&#13;<\/p>\n<p align=\"justify\" class=\"text1noticias\">La falta de  cumplimiento de este gobierno es lo que hace que la econom\u00eda del pa\u00eds este semi  paralizada en este momento, ya que la falta de confianza en el gobierno por  parte de los grandes y medianos empresarios\u00a0  los lleva a posponer sus inversiones de desarrollo, a la espera de que  haya un nuevo gobierno con reglas claras y respeto para las inversiones de  capitales que se proponen realizar. Cuando un gobierno no da confianza ni a los  inversionistas nacionales ni extranjeros, ocurre lo que esta pasando en el  pa\u00eds, que muchas veces vemos a un presidente viajando y diciendo que promueve  las inversiones y las entradas de empresas inversionistas al pa\u00eds, perdiendo de  vista que cualquier empresa internacional, de importancia en el mundo, lo  primero que hace, para invertir en un pa\u00eds determinado, es ver cu\u00e1les\u00a0 son las garant\u00edas legales que provee ese  Estado a sus inversiones, y es evidente que cuando hacen estudios de  factibilidad sobre los riesgos a sus inversiones para su instalaci\u00f3n en un  pa\u00eds\u00a0 y encuentran que no hay un clima  propicio de seguridad\u00a0 para sus  inversiones, debido a la falta de seguridad jur\u00eddica prevaleciente deciden no  realizarlas.<\/p>\n<p>&#13;<\/p>\n<p align=\"justify\" class=\"text1noticias\">Por eso, observamos  que las llamadas inversiones que promueve este gobierno en el exterior no son  m\u00e1s que aspavientos propagand\u00edsticos, con el agravante de que inversionistas  importantes, que ya estaban en el pa\u00eds han optado por irse a otros pa\u00edses,  donde se les ofrecen mayores garant\u00edas para sus inversiones y para sus  empresas. Esto debido a que esos pa\u00edses ofrecen mayor seguridad jur\u00eddica y  mayor seguridad ciudadana para esos empresarios e inversionistas.<\/p>\n<p>&#13;<\/p>\n<p align=\"justify\" class=\"text1noticias\">Fundamentado en la  importancia que se deriva de esta realidad que esta viviendo el pa\u00eds, es que el  Ing. Miguel Vargas\u00a0 asimilando esta  experiencia negativa de este gobierno, con relaci\u00f3n a las inversiones  nacionales y extranjeras, se propone inaugurar un periodo de gobierno que de  seguridad jur\u00eddica y\u00a0 social, tanto a las  inversiones nacionales y extranjeras, como forma de que los niveles de inversi\u00f3n  del nuevo gobierno, ayuden a un aumento sustancial del empleo, que es la base  que permitir\u00e1, que mayor n\u00famero de estudiantes y profesionales\u00a0 ingresen a los Centros de Estudios y  Universidades , para de \u00e9sta forma impulsar y desarrollar los programas de educaci\u00f3n  que son parte esencial del pr\u00f3ximo gobierno del Ing. Miguel Vargas. \u00a0<\/p>\n<p>&#13;<\/p>\n<p align=\"justify\" class=\"text1noticias\">El Ing. Miguel Vargas  esta consciente de que las propuestas\u00a0  sobre su\u00a0 gobierno s\u00f3lo son  realizables\u00a0 con un compromiso con la  sociedad nacional y todos sus sectores representativos, en la que el  ciudadanos, las comunidades y las instituciones sientan la mano amiga y el  cumplimiento del Estado y \u00a0su gobierno.  El esta consciente de que esa es la \u00fanica garant\u00eda para ganar la confianza, hoy  perdida\u00a0 por la naci\u00f3n y sus sectores representativos.  Esta consciente; dem\u00e1s de que esa es la raz\u00f3n principal, que impide que los m\u00e1s  importantes sectores nacionales se sientan representados y puedan creer en las  actuales autoridades gubernamentales.<\/p>\n<p>&#13;<\/p>\n<p align=\"justify\" class=\"text1noticias\">Si tomamos en cuenta  que tanto los sectores sociales y econ\u00f3micos m\u00e1s representativos del pa\u00eds, as\u00ed  como sus sectores medios y pobres se sienten olvidados y aislados por este  gobierno, lo que los ha sumido en la peor desconfianza y miseria, que hoy  padecen, se colige que el voto del pr\u00f3ximo 16 de mayo ser\u00e1 de rechazo a la  reelecci\u00f3n y al grupo gobernante que con ella pretende prolongar los d\u00edas de  desesperaci\u00f3n que hoy padece la sociedad nacional. \u00a0<\/p>\n<p>&#13;<\/p>\n<p align=\"justify\" class=\"text1noticias\"><strong>Evelio  Arroyo es Soci\u00f3logo, Abogado y Escritor. Es, adem\u00e1s, Director Nacional de  Comunicaciones y Estrategias del Movimiento en L\u00ednea con Miguel, que preside el  Dr. Francisco Fern\u00e1ndez.\u00a0 <\/strong><\/p>\n<p>&#13;<\/p>\n<h6> 2008-04-20 22:01:00 <\/h6>\n<p><!--\n<link rel=\"stylesheet\" href=\"css\/bootstrap.min.css\">\n\n\n<ul class=\"pagination\">\n\t    \n\t\n\n<li >\n\t<a href='?page_no=12099'>Previous<\/a>\n\t<\/li>\n\n\n       \n    \n\n<li><a href='?page_no=1'>1<\/a><\/li>\n\n\n\n<li><a href='?page_no=2'>2<\/a><\/li>\n\n\n\n<li><a>...<\/a><\/li>\n\n\n\n<li><a href='?page_no=12098'>12098<\/a><\/li>\n\n\n\n<li><a href='?page_no=12099'>12099<\/a><\/li>\n\n\n\n<li class='active'><a>12100<\/a><\/li>\n\n\n\n<li><a href='?page_no=12101'>12101<\/a><\/li>\n\n\n\n<li><a href='?page_no=12102'>12102<\/a><\/li>\n\n\n\n<li><a>...<\/a><\/li>\n\n\n\n<li><a href='?page_no=13611'>13611<\/a><\/li>\n\n\n\n<li><a href='?page_no=13612'>13612<\/a><\/li>\n\n    \n\t\n\n<li >\n\t<a href='?page_no=12101'>Next<\/a>\n\t<\/li>\n\n\n    \n\n<li><a href='?page_no=13612'>Last &rsaquo;&rsaquo;<\/a><\/li>\n\n<\/ul>\n\n\n--><br \/>\n<\/body><\/p>\n","protected":false},"excerpt":{"rendered":"<p>Miguel Vargas y las Inversiones Nacionales y Extranjeras &#13; Los pa\u00edses pobres, como el nuestro, tienen que luchar, d\u00eda a d\u00eda, para a trav\u00e9s del Estado dar respuestas a las demandas de obras, ayudas y participaci\u00f3n en los programas sociales del gobierno a la m\u00e1s variada cantidad de gente que busca una respuesta a un [&hellip;]<\/p>\n","protected":false},"author":3,"featured_media":0,"comment_status":"open","ping_status":"open","sticky":false,"template":"","format":"standard","meta":{"footnotes":""},"categories":[16],"tags":[],"class_list":["post-36216","post","type-post","status-publish","format-standard","hentry","category-opiniones"],"_links":{"self":[{"href":"https:\/\/diariodominicano.com\/index.php?rest_route=\/wp\/v2\/posts\/36216","targetHints":{"allow":["GET"]}}],"collection":[{"href":"https:\/\/diariodominicano.com\/index.php?rest_route=\/wp\/v2\/posts"}],"about":[{"href":"https:\/\/diariodominicano.com\/index.php?rest_route=\/wp\/v2\/types\/post"}],"author":[{"embeddable":true,"href":"https:\/\/diariodominicano.com\/index.php?rest_route=\/wp\/v2\/users\/3"}],"replies":[{"embeddable":true,"href":"https:\/\/diariodominicano.com\/index.php?rest_route=%2Fwp%2Fv2%2Fcomments&post=36216"}],"version-history":[{"count":0,"href":"https:\/\/diariodominicano.com\/index.php?rest_route=\/wp\/v2\/posts\/36216\/revisions"}],"wp:attachment":[{"href":"https:\/\/diariodominicano.com\/index.php?rest_route=%2Fwp%2Fv2%2Fmedia&parent=36216"}],"wp:term":[{"taxonomy":"category","embeddable":true,"href":"https:\/\/diariodominicano.com\/index.php?rest_route=%2Fwp%2Fv2%2Fcategories&post=36216"},{"taxonomy":"post_tag","embeddable":true,"href":"https:\/\/diariodominicano.com\/index.php?rest_route=%2Fwp%2Fv2%2Ftags&post=36216"}],"curies":[{"name":"wp","href":"https:\/\/api.w.org\/{rel}","templated":true}]}}