{"id":362146,"date":"2022-06-16T23:25:00","date_gmt":"2022-06-17T03:25:00","guid":{"rendered":"http:\/\/diariodominicano.com\/?p=362146"},"modified":"2022-06-16T23:43:15","modified_gmt":"2022-06-17T03:43:15","slug":"militares-dominicanos-comandados-por-el-general-antonio-duverge-toman-el-fuerte-de-cachiman","status":"publish","type":"post","link":"https:\/\/diariodominicano.com\/?p=362146","title":{"rendered":"Militares dominicanos comandados por el general Antonio Duverg\u00e9 toman El Fuerte de Cachim\u00e1n\u00a0"},"content":{"rendered":"\n<p><\/p>\n\n\n\n<p><strong>Por H\u00e9ctor Tineo Nolasco<\/strong><\/p>\n\n\n\n<p><strong>Diariodominicano.com<\/strong><\/p>\n\n\n\n<p>SANTO DOMIGO, el 7 de junio de 1849, militares dominicanos comandados por el general Antonio Duverg\u00e9, tomaron el Fuerte de Cachim\u00e1n, construido por militares invasores de Hait\u00ed entre las poblaciones de Las Caobas y Las Matas de Farf\u00e1n.<\/p>\n\n\n\n<p>&nbsp;&nbsp;&nbsp; Para los haitianos El Fuerte de Cachim\u00e1n era un punto muy importante, para ocupar un lugar estrat\u00e9gico y ocasionar da\u00f1os a Rep\u00fablica Dominicana, como lo hac\u00edan cada cierto tiempo.<\/p>\n\n\n\n<p>&nbsp;&nbsp;&nbsp; La Rep\u00fablica Dominicana fue proclamada el 27 de febrero de 1844, pero el Gobierno de Hait\u00ed durante los primeros 12 a\u00f1os, tras la proclamaci\u00f3n de la Rep\u00fablica, patrocin\u00f3 m\u00faltiples agresiones contra la soberan\u00eda nacional, pero fracas\u00f3 en su prop\u00f3sito de retomar Rep\u00fablica Dominicana.<\/p>\n\n\n\n<p><strong>&nbsp;&nbsp; El 17 de junio de 1849, cuando el general Antonio Duverg\u00e9 y sus tropas hicieron huir a los haitianos del Fuerte de Cachim\u00e1n, el oficial comandante ten\u00eda el cargo de general de brigada, encargado del Ej\u00e9rcito Expedicionario del Sur, y comandante de la provincia de Azua.<\/strong><\/p>\n\n\n\n<p>&nbsp;&nbsp; Antonio Duverg\u00e9, naci\u00f3 en Mayag\u00fcez, Puerto Rico, en 1807, hijo de una de las familias de origen franc\u00e9s que abandon\u00f3 la parte Este de la isla, hoy Rep\u00fablica Dominicana, cuando se produjo la ocupaci\u00f3n haitiana en 1822.<\/p>\n\n\n\n<p>&nbsp; &nbsp;&nbsp;La carrera militar de Antonio Duverg\u00e9, est\u00e1 llena de \u00e9xitos, pues en la defensa de la soberan\u00eda siempre pudo imponerse a los haitianos y evitar el avance de las frecuentes invasiones contra Rep\u00fablica Dominicana<\/p>\n\n\n\n<p>&nbsp;&nbsp;&nbsp; Antonio Duverg\u00e9, se encontraba en el frente de guerra cuando comenz\u00f3 en Azua, la batalla del 19 de marzo de 1844.<\/p>\n\n\n\n<p>&nbsp;&nbsp; &nbsp;El historiador Rufino Mart\u00ednez refiere que las dotes para la guerra puesta all\u00ed de manifiesto, le hicieron merecer la preferencia en el comando de las tropas de vanguardia. Al terminar la batalla de Azua persigui\u00f3 con sus tropas a los invasores hasta la l\u00ednea fronteriza y a partir de ah\u00ed&nbsp; no le permitir\u00eda tomar ni un punto del territorio nacional.<\/p>\n\n\n\n<p>&nbsp;&nbsp;&nbsp;&nbsp; Le toc\u00f3 la misi\u00f3n de establecer el cuartel general de las tropas dominicanas en Las Matas de Farf\u00e1n y destacar columnas en Comendador, Cachim\u00e1n, El Puerto, Las Caobas, Hondo Valle, Los Pinos y Oregonal, donde las armas dominicanas terminaron victoriosas.<\/p>\n\n\n\n<p>&nbsp;&nbsp; Por sus m\u00e9ritos en defensa de la soberan\u00eda nacional, el general Antonio Duverg\u00e9, fue ascendido a General de Divisi\u00f3n,&nbsp; con las funciones de Jefe Superior Pol\u00edtico de Azua y del Ej\u00e9rcito en operaci\u00f3n.<\/p>\n\n\n\n<p>\u00a0\u00a0\u00a0 El general Antonio Duverg\u00e9 en 1855, estando confinado en El Seibo, se involucr\u00f3 en una trama contra el Presidente Pedro Santana.\u00a0 Al\u00a0\u00a0 ser descubierto\u00a0\u00a0 una Comisi\u00f3n Militar nombrada por el\u00a0 jefe del Estado lo juzg\u00f3 y lo conden\u00f3 a muerte,\u00a0 siendo ejecutado en el a\u00f1o 1855, en la misma comunidad de\u00a0 El Seybo.<\/p>\n\n\n\n<p>Noticia relacionada: <\/p>\n\n\n\n<figure class=\"wp-block-embed is-type-wp-embed is-provider-diario-dominicano wp-block-embed-diario-dominicano\"><div class=\"wp-block-embed__wrapper\">\n<blockquote class=\"wp-embedded-content\" data-secret=\"QvQAqBRABy\"><a href=\"https:\/\/diariodominicano.com\/?p=362148\">Fallece en la Habana, Cuba, el pr\u00f3cer M\u00e1ximo G\u00f3mez<\/a><\/blockquote><iframe loading=\"lazy\" class=\"wp-embedded-content\" sandbox=\"allow-scripts\" security=\"restricted\" style=\"position: absolute; visibility: hidden;\" title=\"\u00abFallece en la Habana, Cuba, el pr\u00f3cer M\u00e1ximo G\u00f3mez\u00bb \u2014 Diario Dominicano\" src=\"https:\/\/diariodominicano.com\/?p=362148&#038;embed=true#?secret=p7STNILM4g#?secret=QvQAqBRABy\" data-secret=\"QvQAqBRABy\" width=\"600\" height=\"338\" frameborder=\"0\" marginwidth=\"0\" marginheight=\"0\" scrolling=\"no\"><\/iframe>\n<\/div><\/figure>\n","protected":false},"excerpt":{"rendered":"<p>Por H\u00e9ctor Tineo Nolasco Diariodominicano.com SANTO DOMIGO, el 7 de junio de 1849, militares dominicanos comandados por el general Antonio Duverg\u00e9, tomaron el Fuerte de Cachim\u00e1n, construido por militares invasores de Hait\u00ed entre las poblaciones de Las Caobas y Las Matas de Farf\u00e1n. &nbsp;&nbsp;&nbsp; Para los haitianos El Fuerte de Cachim\u00e1n era un punto muy [&hellip;]<\/p>\n","protected":false},"author":28,"featured_media":297274,"comment_status":"closed","ping_status":"","sticky":true,"template":"","format":"standard","meta":{"footnotes":""},"categories":[26,27],"tags":[],"class_list":["post-362146","post","type-post","status-publish","format-standard","has-post-thumbnail","hentry","category-efemerides","category-portada"],"_links":{"self":[{"href":"https:\/\/diariodominicano.com\/index.php?rest_route=\/wp\/v2\/posts\/362146","targetHints":{"allow":["GET"]}}],"collection":[{"href":"https:\/\/diariodominicano.com\/index.php?rest_route=\/wp\/v2\/posts"}],"about":[{"href":"https:\/\/diariodominicano.com\/index.php?rest_route=\/wp\/v2\/types\/post"}],"author":[{"embeddable":true,"href":"https:\/\/diariodominicano.com\/index.php?rest_route=\/wp\/v2\/users\/28"}],"replies":[{"embeddable":true,"href":"https:\/\/diariodominicano.com\/index.php?rest_route=%2Fwp%2Fv2%2Fcomments&post=362146"}],"version-history":[{"count":3,"href":"https:\/\/diariodominicano.com\/index.php?rest_route=\/wp\/v2\/posts\/362146\/revisions"}],"predecessor-version":[{"id":362158,"href":"https:\/\/diariodominicano.com\/index.php?rest_route=\/wp\/v2\/posts\/362146\/revisions\/362158"}],"wp:featuredmedia":[{"embeddable":true,"href":"https:\/\/diariodominicano.com\/index.php?rest_route=\/wp\/v2\/media\/297274"}],"wp:attachment":[{"href":"https:\/\/diariodominicano.com\/index.php?rest_route=%2Fwp%2Fv2%2Fmedia&parent=362146"}],"wp:term":[{"taxonomy":"category","embeddable":true,"href":"https:\/\/diariodominicano.com\/index.php?rest_route=%2Fwp%2Fv2%2Fcategories&post=362146"},{"taxonomy":"post_tag","embeddable":true,"href":"https:\/\/diariodominicano.com\/index.php?rest_route=%2Fwp%2Fv2%2Ftags&post=362146"}],"curies":[{"name":"wp","href":"https:\/\/api.w.org\/{rel}","templated":true}]}}