{"id":36214,"date":"2020-08-07T10:27:28","date_gmt":"2020-08-07T10:27:28","guid":{"rendered":"http:\/\/diariodominicano.ddns.net\/?p=36214"},"modified":"2020-08-07T10:27:28","modified_gmt":"2020-08-07T10:27:28","slug":"preocupante-desempleo","status":"publish","type":"post","link":"https:\/\/diariodominicano.com\/?p=36214","title":{"rendered":"&#13;Preocupante desempleo"},"content":{"rendered":"<p><body><\/p>\n<\/p>\n<p>A Pleno Sol<\/p>\n<\/p>\n<p>Preocupante desempleo<\/p>\n<\/p>\n<p>Por Manuel Hern\u00e1ndez Villeta<\/p>\n<\/p>\n<\/p>\n<p>El desempleo motivado por razones externas, es uno de los grandes detonantes sociales en el siglo 21. La tecnificaci\u00f3n deja a millones de personas sin salarios, pero ahora  la pandemia coloca los subsidios y la ayuda de los gobiernos, como la \u00fanica forma posible de subsistencia.<\/p>\n<\/p>\n<p>La paralizaci\u00f3n de la producci\u00f3n  de plantas industriales, del comercio, del sector agropecuario, cierra las puertas a las empresas generadores de riquezas y de empleo. Poco importa la mano de obra disponible, porque no hay donde colocarla.<\/p>\n<\/p>\n<p>Desde hace seis meses la Rep\u00fablica Dominicana comenz\u00f3 a vivir la crisis sanitaria del corona-virus, que hoy nos tiene pr\u00e1cticamente con las rodillas dobladas. En poco tiempo fue cesanteado  un mill\u00f3n y medio de trabajadores formales.<\/p>\n<\/p>\n<p>Las evaluaciones de los t\u00e9cnicos empresariales es que tan solo un parte \u00ednfima de esos cuasi-cancelados podr\u00e1 volver a ocupar sus plazas. Se estima que ahora en el menor de los casos,  por lo menos hay un mill\u00f3n de desempleados.<\/p>\n<\/p>\n<p>Es una carga mort\u00edfera, porque estas personas ten\u00edan un trabajo seguro hace seis meses, y ni siquiera en su peor sue\u00f1o se les vino a la memoria que para subsistir tendr\u00edan que buscar la ayuda gubernamental.<\/p>\n<\/p>\n<p>Este nuevo mill\u00f3n de desempleados se une a la gran masa que siempre ha estado ociosa, u ocupando trabajos informales, desde buhoneros a chiriperos. Lamentablemente no hay soluci\u00f3n a la vista para paliar el desempleo.<\/p>\n<\/p>\n<p>Los empresarios se han lavado las manos aplicando el aspecto legal del desahucio y dejando el problema en manos del gobierno.  Cierto que una situaci\u00f3n colectiva que puede ampliar la  crisis  econ\u00f3mica y social, es responsabilidad directa del gobierno.<\/p>\n<\/p>\n<p>Pero ni el que est\u00e1 ni el que viene tiene de donde proporcionar trabajo a este mar de desempleados. Lo \u00fanico que podr\u00eda estar en disposici\u00f3n de implementar es entregar subsidios y ayudas, pero habr\u00eda que ver hasta d\u00f3nde llegan, por su fuerte carga a lo econ\u00f3mico.<\/p>\n<\/p>\n<p>Una evaluaci\u00f3n que no falla, es que para lograr soluci\u00f3n a la crisis del desempleo, se hace necesario controlar el corona virus. Visto el panorama que a diario presentan las autoridades sanitarias, la pandemia est\u00e1 indetenible.-<\/p>\n<\/p>\n<p>Todav\u00eda y abriendo m\u00e1s la econom\u00eda, no se va a resolver el problema. Sencillamente todas las empresas trabajan en rojo y no pueden asumir contratar totalmente  a su plantilla de hace seis meses.<\/p>\n<\/p>\n<p>Tiene que darse una comuni\u00f3n  de esfuerzos entre los empresarios y el gobierno central para hacer frente al desempleo. Los fraccionamientos sociales tienen que ser resta\u00f1ados a tiempo, antes de que se produzcan divisiones dif\u00edciles  de empalmar. Para mantener la paz, hay que encontrar soluciones al creciente y pavoroso desempleo. \u00a1Ay!, se me acab\u00f3 la tinta.<\/p>\n<\/p>\n<h6> 2020-08-07 10:27:28 <\/h6>\n<p><!--\n<link rel=\"stylesheet\" href=\"css\/bootstrap.min.css\">\n\n\n<ul class=\"pagination\">\n\t    \n\t\n\n<li >\n\t<a href='?page_no=120'>Previous<\/a>\n\t<\/li>\n\n\n       \n    \n\n<li><a href='?page_no=1'>1<\/a><\/li>\n\n\n\n<li><a href='?page_no=2'>2<\/a><\/li>\n\n\n\n<li><a>...<\/a><\/li>\n\n\n\n<li><a href='?page_no=119'>119<\/a><\/li>\n\n\n\n<li><a href='?page_no=120'>120<\/a><\/li>\n\n\n\n<li class='active'><a>121<\/a><\/li>\n\n\n\n<li><a href='?page_no=122'>122<\/a><\/li>\n\n\n\n<li><a href='?page_no=123'>123<\/a><\/li>\n\n\n\n<li><a>...<\/a><\/li>\n\n\n\n<li><a href='?page_no=13611'>13611<\/a><\/li>\n\n\n\n<li><a href='?page_no=13612'>13612<\/a><\/li>\n\n    \n\t\n\n<li >\n\t<a href='?page_no=122'>Next<\/a>\n\t<\/li>\n\n\n    \n\n<li><a href='?page_no=13612'>Last &rsaquo;&rsaquo;<\/a><\/li>\n\n<\/ul>\n\n\n--><br \/>\n<\/body><\/p>\n","protected":false},"excerpt":{"rendered":"<p>A Pleno Sol Preocupante desempleo Por Manuel Hern\u00e1ndez Villeta El desempleo motivado por razones externas, es uno de los grandes detonantes sociales en el siglo 21. La tecnificaci\u00f3n deja a millones de personas sin salarios, pero ahora la pandemia coloca los subsidios y la ayuda de los gobiernos, como la \u00fanica forma posible de subsistencia. [&hellip;]<\/p>\n","protected":false},"author":3,"featured_media":0,"comment_status":"open","ping_status":"open","sticky":false,"template":"","format":"standard","meta":{"footnotes":""},"categories":[16],"tags":[],"class_list":["post-36214","post","type-post","status-publish","format-standard","hentry","category-opiniones"],"_links":{"self":[{"href":"https:\/\/diariodominicano.com\/index.php?rest_route=\/wp\/v2\/posts\/36214","targetHints":{"allow":["GET"]}}],"collection":[{"href":"https:\/\/diariodominicano.com\/index.php?rest_route=\/wp\/v2\/posts"}],"about":[{"href":"https:\/\/diariodominicano.com\/index.php?rest_route=\/wp\/v2\/types\/post"}],"author":[{"embeddable":true,"href":"https:\/\/diariodominicano.com\/index.php?rest_route=\/wp\/v2\/users\/3"}],"replies":[{"embeddable":true,"href":"https:\/\/diariodominicano.com\/index.php?rest_route=%2Fwp%2Fv2%2Fcomments&post=36214"}],"version-history":[{"count":0,"href":"https:\/\/diariodominicano.com\/index.php?rest_route=\/wp\/v2\/posts\/36214\/revisions"}],"wp:attachment":[{"href":"https:\/\/diariodominicano.com\/index.php?rest_route=%2Fwp%2Fv2%2Fmedia&parent=36214"}],"wp:term":[{"taxonomy":"category","embeddable":true,"href":"https:\/\/diariodominicano.com\/index.php?rest_route=%2Fwp%2Fv2%2Fcategories&post=36214"},{"taxonomy":"post_tag","embeddable":true,"href":"https:\/\/diariodominicano.com\/index.php?rest_route=%2Fwp%2Fv2%2Ftags&post=36214"}],"curies":[{"name":"wp","href":"https:\/\/api.w.org\/{rel}","templated":true}]}}