{"id":36213,"date":"2008-04-20T22:03:31","date_gmt":"2008-04-20T22:03:31","guid":{"rendered":"http:\/\/diariodominicano.ddns.net\/?p=36213"},"modified":"2008-04-20T22:03:31","modified_gmt":"2008-04-20T22:03:31","slug":"no-votare","status":"publish","type":"post","link":"https:\/\/diariodominicano.com\/?p=36213","title":{"rendered":"No Votar\u00e9"},"content":{"rendered":"<p><body><\/p>\n<p align=\"center\"><strong class=\"titulogrande1\">No Votar\u00e9<\/strong><br \/>&#13;<br \/>\n  <br \/>&#13;<br \/>\n    <strong>Por: <span class=\"textogrande\">Narciso Isa Conde<\/span><\/strong><\/p>\n<p>&#13;<\/p>\n<p align=\"justify\" class=\"text1noticias\">Con un t\u00edtulo parecido escribi\u00f3  Orlando Mart\u00ednez un art\u00edculo en la v\u00edspera de las elecciones presidenciales de  1974, antes de que el PRD se retirara de las elecciones a ra\u00edz de la  participaci\u00f3n de las FFAA en las calles respaldando su reelecci\u00f3n.<\/p>\n<p>&#13;<\/p>\n<p align=\"justify\" class=\"text1noticias\">Balaguer estaba en su frenes\u00ed  reeleccionista, desplegando todas sus ma\u00f1as y falta de escr\u00fapulos. Endios\u00e1ndose  y dej\u00e1ndose endiosar. Comprando conciencia. Destilando lodo y sangre de la  cabeza a los pies.<\/p>\n<p>&#13;<\/p>\n<p align=\"justify\" class=\"text1noticias\">Como Leonel ahora, salvo en lo de  la sangre, posiblemente porque no ha tenido \u201cnecesidad\u201d y porque este tema se  torna ahora mucho m\u00e1s dedicado y dif\u00edcil que antes.<\/p>\n<p>&#13;<\/p>\n<p align=\"justify\" class=\"text1noticias\">La c\u00fapula del PRD ya hab\u00eda girado  a la derecha, postulaba un terrateniente y se asociaba a la oligarqu\u00eda  anti-balaguerista (Acuerdo de Santiago).<\/p>\n<p>&#13;<\/p>\n<p align=\"justify\" class=\"text1noticias\">No exist\u00eda, por estar  ilegalizada, opci\u00f3n propiamente de izquierda y las otras fuerzas concurrentes  eran tambien de derecha y, adem\u00e1s, insignificantes.<\/p>\n<p>&#13;<\/p>\n<p align=\"justify\" class=\"text1noticias\">Treinta y cuatro a\u00f1os despu\u00e9s el  cuadro aquel se reproduce ahora como tragicomedia.<\/p>\n<p>&#13;<\/p>\n<p align=\"justify\" class=\"text1noticias\">A alguien, con una personalidad  perforada y maltrecha, se la ha ocurrido \u201creencarnar\u201d al tristemente c\u00e9lebre  Doctor y remozar el despotismo ilustrado, procurando imponerse \u2013v\u00eda  re-postulaci\u00f3n- empleando todas las ma\u00f1as y perversidades de aquellos tiempos,  ahora con formato inform\u00e1tico- digital y primera dama.<\/p>\n<p>&#13;<\/p>\n<p align=\"justify\" class=\"text1noticias\">Las balas en las cartucheras.<\/p>\n<p>&#13;<\/p>\n<p align=\"justify\" class=\"text1noticias\">A las calles la ejecuci\u00f3n del  plan de la \u201cseguridad democr\u00e1tica\u201d copiado de \u201cVarito\u201d Uribe, el presidente  colombiano que aspira a la tercera postulaci\u00f3n rodeado de paramilitares,  carteles de la droga, agentes de la   CIA y contingente militares estadounidenses.<\/p>\n<p>&#13;<\/p>\n<p align=\"justify\" class=\"text1noticias\">Los \u201ccuartos\u201d (el dinero)  lanzados a borbotones, como nunca en la historia, para alimentar clientela,  comprar conciencia y adulterar resultados. En mucho mayor volumen, con mucho  menos taca\u00f1er\u00eda, que el Doctor.<\/p>\n<p>&#13;<\/p>\n<p align=\"justify\" class=\"text1noticias\">El neoliberalismo globalizado,  aparece como trasfondo inconmovible de su gesti\u00f3n pasada, presente y futura, \u00a1Como  camisa de fuerza gustosamente aceptada y saboreada por el pretendido balaguercito  del siglo XXI!<\/p>\n<p>&#13;<\/p>\n<p align=\"justify\" class=\"text1noticias\">El \u201cbuey blanco\u201d(PRD) tomado por  los cuernos por el poder de las grandes fortunas y del oro corruptor.  <br \/>&#13;<br \/>\n  <br \/>&#13;<br \/>\nSecuestrado por quien m\u00e1s capacidad de soborno interno pudo desplegar.<\/p>\n<p>&#13;<\/p>\n<p align=\"justify\" class=\"text1noticias\">La c\u00fapula perredeista corrompida  y domesticada por la misma receta neoliberal. Desacreditada por sus recientes  fechor\u00edas gubernamentales.<\/p>\n<p>&#13;<\/p>\n<p align=\"justify\" class=\"text1noticias\">El escenario electoral  absolutamente polarizado entre lo p\u00e9simo y lo peor, o viceversa.<\/p>\n<p>&#13;<\/p>\n<p align=\"justify\" class=\"text1noticias\">Las otras derechas empeque\u00f1ecidas  y el PRSC, por fin, en v\u00eda de disoluci\u00f3n, chupado por el sumidero de la  reelecci\u00f3n sobornadora. V\u00edctima (\u00a1y que bueno!) del mismo veneno que promovi\u00f3.<\/p>\n<p>&#13;<\/p>\n<p align=\"justify\" class=\"text1noticias\">Las izquierdas partidistas,  dispersas, divididas, empeque\u00f1ecidas y confundidas.<\/p>\n<p>&#13;<\/p>\n<p align=\"justify\" class=\"text1noticias\">Una parte de ella jugando al  suicidio electoral o a repetir la marginalidad por resistirse a cambiar, a  renovarse, desde una mayor radicalidad; como demanda una situaci\u00f3n que no  admite las medias-tintas, esto es, el hacerse potable al sistema y limitarse a  reformas inofensivas frente a una institucionalidad decadente y un  neoliberalismo bestial.<\/p>\n<p>&#13;<\/p>\n<p align=\"justify\" class=\"text1noticias\">La gran izquierda sin partido,  los(as) revolucionarios(as) no organizados en la izquierda tradicional, la izquierda  pol\u00edtica social y cultural del pa\u00eds no agrupada, todav\u00eda sin cauce a trav\u00e9s de  cual expresarse y luchar pol\u00edticamente con vocaci\u00f3n de poder.<\/p>\n<p>&#13;<\/p>\n<p align=\"justify\" class=\"text1noticias\">Mucho reivindicativismo,  protestas y huelgas importantes y significativas, y de nuevo sin referente  pol\u00edtico, sin demandas politizadoras y sin bases organizativas. Atajando,  enfrentando al gobierno, para que otro enlace o para que \u00e9l se quede.<\/p>\n<p>&#13;<\/p>\n<p align=\"justify\" class=\"text1noticias\">La izquierda en su conjunto y las  fuerzas potencialmente alternativas, en fin, sin liderazgo aglutinante, sin la unidad  necesaria y la propuesta atractiva imprescindible.<\/p>\n<p>&#13;<\/p>\n<p align=\"justify\" class=\"text1noticias\">Y en verdad no es posible crear  candidatura impactante sin liderazgo impactante y unificador, creado al calor  de las grandes luchas sociales, pol\u00edticas y patri\u00f3ticas concretas. Por eso no  hay nada que buscar en estas votaciones.<\/p>\n<p>&#13;<\/p>\n<p align=\"justify\" class=\"text1noticias\">No hay que dejarse medir en ellas  en tales condiciones, cuando previamente es claro que no se ha conquistado el  espacio, ni construido la fuerza capaz de impactar las votaciones y provocar el  salto en calidad y cantidad. Las izquierdas realmente existentes representan  mucho m\u00e1s que los fam\u00e9licos resultados electorales que una f\u00f3rmula tan  inconsistente, poco representativa, mal estructurada y poco combativa puede  lograr.<\/p>\n<p>&#13;<\/p>\n<p align=\"justify\" class=\"text1noticias\">Votar por cualquiera de los polos  corrompidos y neoliberales que ofrece el sistema, adem\u00e1s de las complicidades  funestas que encierra, es realmente inmoral para quienes tienen conciencia de  lo que son esas candidaturas y de lo que ellas representan.<\/p>\n<p>&#13;<\/p>\n<p align=\"justify\" class=\"text1noticias\">Votar a favor de expresi\u00f3n  electoral anticipadamente empeque\u00f1ecida y sin consistencia pol\u00edtica  transformadora, es una violaci\u00f3n de las exigencias para una participaci\u00f3n digna,  una especie de \u201cjarakiri\u201d y un desprecio a las malas experiencias pasadas.<\/p>\n<p>&#13;<\/p>\n<p align=\"justify\" class=\"text1noticias\">El 16 de mayo del 2008, nadie  habr\u00e1 de toparse conmigo en las urnas. NO voy a votar.<\/p>\n<p>&#13;<\/p>\n<p align=\"justify\" class=\"text1noticias\">Creo que hay que trascender esa coyuntura  adversa y dedicarnos a construir lo nuevo, arreciando la lucha extra-institucional:  un gran movimiento caama\u00f1ista transformador, dispuesto a conmover este sistema,  a abrir, por m\u00faltiples v\u00edas y medios, las compuertas hacia una nueva democracia  y una nueva institucionalidad. \u00a0Porque despu\u00e9s  de mayo todo se pondr\u00e1 peor, es preciso saltar la trampa y prepararse para lo  que viene.<\/p>\n<p>&#13;<\/p>\n<h6> 2008-04-20 22:03:31 <\/h6>\n<p><!--\n<link rel=\"stylesheet\" href=\"css\/bootstrap.min.css\">\n\n\n<ul class=\"pagination\">\n\t    \n\t\n\n<li >\n\t<a href='?page_no=12098'>Previous<\/a>\n\t<\/li>\n\n\n       \n    \n\n<li><a href='?page_no=1'>1<\/a><\/li>\n\n\n\n<li><a href='?page_no=2'>2<\/a><\/li>\n\n\n\n<li><a>...<\/a><\/li>\n\n\n\n<li><a href='?page_no=12097'>12097<\/a><\/li>\n\n\n\n<li><a href='?page_no=12098'>12098<\/a><\/li>\n\n\n\n<li class='active'><a>12099<\/a><\/li>\n\n\n\n<li><a href='?page_no=12100'>12100<\/a><\/li>\n\n\n\n<li><a href='?page_no=12101'>12101<\/a><\/li>\n\n\n\n<li><a>...<\/a><\/li>\n\n\n\n<li><a href='?page_no=13611'>13611<\/a><\/li>\n\n\n\n<li><a href='?page_no=13612'>13612<\/a><\/li>\n\n    \n\t\n\n<li >\n\t<a href='?page_no=12100'>Next<\/a>\n\t<\/li>\n\n\n    \n\n<li><a href='?page_no=13612'>Last &rsaquo;&rsaquo;<\/a><\/li>\n\n<\/ul>\n\n\n--><br \/>\n<\/body><\/p>\n","protected":false},"excerpt":{"rendered":"<p>No Votar\u00e9&#13; &#13; Por: Narciso Isa Conde &#13; Con un t\u00edtulo parecido escribi\u00f3 Orlando Mart\u00ednez un art\u00edculo en la v\u00edspera de las elecciones presidenciales de 1974, antes de que el PRD se retirara de las elecciones a ra\u00edz de la participaci\u00f3n de las FFAA en las calles respaldando su reelecci\u00f3n. &#13; Balaguer estaba en su [&hellip;]<\/p>\n","protected":false},"author":3,"featured_media":0,"comment_status":"open","ping_status":"open","sticky":false,"template":"","format":"standard","meta":{"footnotes":""},"categories":[16],"tags":[],"class_list":["post-36213","post","type-post","status-publish","format-standard","hentry","category-opiniones"],"_links":{"self":[{"href":"https:\/\/diariodominicano.com\/index.php?rest_route=\/wp\/v2\/posts\/36213","targetHints":{"allow":["GET"]}}],"collection":[{"href":"https:\/\/diariodominicano.com\/index.php?rest_route=\/wp\/v2\/posts"}],"about":[{"href":"https:\/\/diariodominicano.com\/index.php?rest_route=\/wp\/v2\/types\/post"}],"author":[{"embeddable":true,"href":"https:\/\/diariodominicano.com\/index.php?rest_route=\/wp\/v2\/users\/3"}],"replies":[{"embeddable":true,"href":"https:\/\/diariodominicano.com\/index.php?rest_route=%2Fwp%2Fv2%2Fcomments&post=36213"}],"version-history":[{"count":0,"href":"https:\/\/diariodominicano.com\/index.php?rest_route=\/wp\/v2\/posts\/36213\/revisions"}],"wp:attachment":[{"href":"https:\/\/diariodominicano.com\/index.php?rest_route=%2Fwp%2Fv2%2Fmedia&parent=36213"}],"wp:term":[{"taxonomy":"category","embeddable":true,"href":"https:\/\/diariodominicano.com\/index.php?rest_route=%2Fwp%2Fv2%2Fcategories&post=36213"},{"taxonomy":"post_tag","embeddable":true,"href":"https:\/\/diariodominicano.com\/index.php?rest_route=%2Fwp%2Fv2%2Ftags&post=36213"}],"curies":[{"name":"wp","href":"https:\/\/api.w.org\/{rel}","templated":true}]}}