{"id":36211,"date":"2008-04-21T18:24:30","date_gmt":"2008-04-21T18:24:30","guid":{"rendered":"http:\/\/diariodominicano.ddns.net\/?p=36211"},"modified":"2008-04-21T18:24:30","modified_gmt":"2008-04-21T18:24:30","slug":"reflexiones-del-companero-fidel-11","status":"publish","type":"post","link":"https:\/\/diariodominicano.com\/?p=36211","title":{"rendered":"Reflexiones del compa\u00f1ero Fidel"},"content":{"rendered":"<p><body><\/p>\n<p align=\"justify\"><strong class=\"titulogrande1\"><u>Reflexiones  del compa\u00f1ero Fidel<\/u><\/strong><strong><br \/>&#13;<br \/>\n      <br \/>&#13;<br \/>\n  <\/strong><span class=\"text1noticias\">PAZ  Y PROSPERIDAD<br \/>&#13;<br \/>\n  <br \/>&#13;<br \/>\n  El Papa Benedicto XVI  destron\u00f3 a Brown, Primer Ministro ingl\u00e9s, quien sustituy\u00f3 a Blair, al que  conoc\u00ed y con el que habl\u00e9 unos minutos durante un receso de la Segunda  Conferencia de la OMC en Ginebra hace 10 a\u00f1os, despu\u00e9s de su discurso,  expres\u00e1ndole mi discrepancia a causa de una falsa frase suya sobre el estado  social de los ni\u00f1os ingleses. Por la voz, los argumentos y el tono de Brown en  su conferencia de prensa en presencia de Bush, me pareci\u00f3 tan autosuficiente  como su antecesor en la direcci\u00f3n del Partido Laborista. La actividad del nuevo  Primer Ministro de Gran Breta\u00f1a, al coincidir con la visita del Papa, era igual  a la del jefe de gobierno de una rep\u00fablica bananera. <br \/>&#13;<br \/>\n  <br \/>&#13;<br \/>\n  Benedicto XVI prest\u00f3  especial atenci\u00f3n al 13 de abril, cuando ocurri\u00f3 hace 65 a\u00f1os la incineraci\u00f3n  de m\u00e1s de mil prisioneros en el pueblo de Gardelegen, y se convirti\u00f3 en el d\u00eda  que recuerda el martirologio sufrido por el pueblo jud\u00edo en la Alemania nazi,  una tragedia humana que dur\u00f3 a\u00f1os.<br \/>&#13;<br \/>\n  <br \/>&#13;<br \/>\n  Bush lo recibi\u00f3 en la  Base Andrews de la Fuerza A\u00e9rea norteamericana, gesto inusual. Benedicto XVI, a  lo largo de su actividad como Obispo alem\u00e1n, fue conservador y al\u00e9rgico a los  cambios en la pol\u00edtica social y en las normas internas que rigen su iglesia. La  gran prensa de Estados Unidos inicialmente fue implacable, a partir de las  indisciplinas contra las normas establecidas para los creyentes, calificando a  la Iglesia Cat\u00f3lica como religi\u00f3n decadente.<br \/>&#13;<br \/>\n  <br \/>&#13;<br \/>\n  Su visita coincidi\u00f3  tambi\u00e9n con el 81 aniversario de su nacimiento. Bush, sol\u00edcito y complaciente,  le cant\u00f3 <em>Las ma\u00f1anitas<\/em> el propio d\u00eda 16. <br \/>&#13;<br \/>\n  <br \/>&#13;<br \/>\n  El Papa fue sin duda  inteligente. Contraatac\u00f3 desde el inicio de la visita. A pesar de los 81 a\u00f1os  que cumplir\u00eda horas m\u00e1s tarde, baj\u00f3 del avi\u00f3n deslizando apenas sus manos por  las barandas de las empinadas escaleras, y en los \u00faltimos pelda\u00f1os ni eso hizo.  Es de talla baja y, a ojos vista, pesa la mitad que lo que Bush. Camina ligero.  <br \/>&#13;<br \/>\n  <br \/>&#13;<br \/>\n  No abandon\u00f3 un minuto la sonrisa y el brillo de los ojos, y se dedic\u00f3 de  inmediato a cumplir un programa que con 18 a\u00f1os de edad habr\u00eda agotado a  cualquier visitante. Los medios televisivos hicieron zafra.<br \/>&#13;<br \/>\n  <br \/>&#13;<br \/>\n  El Papa visit\u00f3  universidades, un centro cultural cat\u00f3lico edificado expresamente para la  ocasi\u00f3n; se reuni\u00f3 con representantes de cientos de escuelas y universidades  cat\u00f3licas del enorme pa\u00eds. El jefe del imperio no se atrever\u00eda a exigir al  Estado del Vaticano \u00abnueva constituci\u00f3n y elecciones libres\u00bb como \u00e9l  las concibe para Cuba. <br \/>&#13;<br \/>\n  <br \/>&#13;<br \/>\n  Como l\u00edder de una  iglesia en medio de la guerra desatada por Estados Unidos contra los  musulmanes, su mensaje fue ecum\u00e9nico y favorable a la paz. <br \/>&#13;<br \/>\n  <br \/>&#13;<br \/>\n  Se reuni\u00f3 con  representantes de cultos cuyas iglesias influyen en miles de millones de  personas. Los l\u00edderes de la religi\u00f3n jud\u00eda lo recibieron con calor. Desde  luego, estos idealizaron el sistema capitalista de Estados Unidos. Uno de los  rabinos de Miami afirm\u00f3 que el 90 por ciento de los jud\u00edos de Cuba se  trasladaron a aquella ciudad; debi\u00f3 aclarar que no ocurri\u00f3 as\u00ed porque los  persigui\u00e9ramos o les dieran visa en Estados Unidos, sino porque optaron por el  derecho a viajar por v\u00eda segura que abri\u00f3 la Revoluci\u00f3n y \u2014como muchos cubanos  de otros or\u00edgenes \u00e9tnicos\u2014 buscaban ventajas materiales que no hab\u00edan podido  alcanzar en la Cuba colonizada.<br \/>&#13;<br \/>\n  <br \/>&#13;<br \/>\n  Aqu\u00ed permaneci\u00f3  abierta y respetada la sinagoga jud\u00eda, y sus representantes se re\u00fanen, junto a  las dem\u00e1s iglesias, con los l\u00edderes del Partido y el Gobierno Revolucionario,  incluidos sus niveles m\u00e1s altos.<br \/>&#13;<br \/>\n  <br \/>&#13;<br \/>\n  En Estados Unidos se  exalt\u00f3 mucho la visita del Papa a la sinagoga. Es la tercera vez que tiene  lugar una visita papal a esos centros religiosos jud\u00edos. La primera fue la de  Juan Pablo II a una sinagoga de Polonia; despu\u00e9s, la de Benedicto XVI a una en  Alemania; y esta, a la de Nueva York, que es a su vez la primera en ese pa\u00eds. <br \/>&#13;<br \/>\n  <br \/>&#13;<br \/>\n  Particular  importancia tiene demandar, en nombre del derecho a creer, el derecho a vivir.  En su condici\u00f3n de l\u00edder religioso de una iglesia poderosa y fuertemente  arraigada en muchos pueblos del mundo, Benedicto XVI habl\u00f3 ante la Organizaci\u00f3n  de Naciones Unidas:<br \/>&#13;<br \/>\n  <br \/>\u00ab&#8230; el deseo de  la paz, la b\u00fasqueda de la justicia, el respeto de la dignidad de la persona, la  cooperaci\u00f3n y la asistencia humanitaria, expresan las justas aspiraciones del  esp\u00edritu humano.\u00bb<br \/>&#13;<br \/>\n  <br \/>\u00ab&#8230; los  objetivos del desarrollo, la reducci\u00f3n de las desigualdades locales y globales,  la protecci\u00f3n del entorno, de los recursos y del clima, requieren que todos los  responsables internacionales act\u00faen conjuntamente y demuestren una  disponibilidad para actuar de buena fe, respetando la ley y promoviendo la  solidaridad con las regiones m\u00e1s d\u00e9biles del planeta.\u00bb<br \/>&#13;<br \/>\n  <br \/>\u00abNuestro  pensamiento se dirige al modo en que a veces se han aplicado los resultados de  los descubrimientos de la investigaci\u00f3n cient\u00edfica y tecnol\u00f3gica.\u00bb<br \/>&#13;<br \/>\n  <br \/>\u00ab&#8230; estos  derechos se basan en la ley natural inscrita en el coraz\u00f3n del hombre y  presente en las diferentes culturas y civilizaciones.\u00bb<br \/>&#13;<br \/>\n  <br \/>\u00ab&#8230;la m\u00e1xima <em>no  hagas a otros lo que no quieres que te hagan a ti <\/em>en modo alguno puede  variar, por mucha que sea la diversidad de las naciones.\u00bb<br \/>&#13;<br \/>\n  <br \/>\u00abMi presencia en  esta Asamblea es una muestra de estima por las Naciones Unidas y es considerada  como expresi\u00f3n de la esperanza en que la Organizaci\u00f3n sirva cada vez m\u00e1s como  signo de unidad entre los Estados y como instrumento al servicio de toda la  familia humana.\u00bb<br \/>&#13;<br \/>\n  <br \/>&#13;<br \/>\nAl concluir, exclam\u00f3  en ingl\u00e9s, franc\u00e9s, espa\u00f1ol, \u00e1rabe, chino y ruso: \u00ab\u00a1Paz y prosperidad con  la ayuda de Dios!\u00bb<br \/>&#13;<br \/>\n<br \/>&#13;<br \/>\nAunque no es f\u00e1cil  desentra\u00f1ar el pensamiento del Vaticano sobre los espinosos temas que se  abordan en un mundo donde el Presidente de Estados Unidos y sus aliados ricos y  desarrollados han impuesto una guerra sangrienta contra la cultura y la  religi\u00f3n de m\u00e1s de mil millones de personas en nombre de la lucha contra el  terrorismo, e impera la tortura, el saqueo y la conquista por la fuerza de los  hidrocarburos y las materias primas, lo que expres\u00f3 el Papa es la ant\u00edtesis de  la pol\u00edtica de brutalidad y fuerza que aplica el cantor de <em>Las Ma\u00f1anitas<\/em>.<br \/>&#13;<br \/>\n<br \/>&#13;<br \/>\nEn los pr\u00f3ximos d\u00edas,  los pueblos de Am\u00e9rica Latina est\u00e1n a punto de afrontar dos tragedias: la de  Paraguay y la de Bolivia. Una de ellas, por las elecciones que tienen lugar hoy  domingo 20 de abril, donde un antiguo Obispo cat\u00f3lico cuenta con la mayor\u00eda  abrumadora del pueblo, seg\u00fan encuestas serias, y es seguro el rechazo a un  fraude electoral; otra, por la amenaza de desintegraci\u00f3n real de su territorio,  que conducir\u00eda a luchas fratricidas en el sufrido pa\u00eds.<br \/>&#13;<br \/>\n<br \/>&#13;<br \/>\nBenedicto XVI regresa  hoy a Roma. Los bellos e impresionantes cantos han cesado en los templos. Ahora  se continuar\u00e1 escuchando el odioso e incesante estampido de las armas.<br \/>&#13;<br \/>\n<br \/>&#13;<br \/>\n  Fidel  Castro Ruz<br \/>&#13;<br \/>\n  <br \/>&#13;<br \/>\n    20 de abril de 2008<br \/>&#13;<br \/>\n    <br \/>&#13;<br \/>\n7 y 42 p.m.<\/span><\/p>\n<p>&#13;<\/p>\n<h6> 2008-04-21 18:24:30 <\/h6>\n<p><!--\n<link rel=\"stylesheet\" href=\"css\/bootstrap.min.css\">\n\n\n<ul class=\"pagination\">\n\t    \n\t\n\n<li >\n\t<a href='?page_no=12096'>Previous<\/a>\n\t<\/li>\n\n\n       \n    \n\n<li><a href='?page_no=1'>1<\/a><\/li>\n\n\n\n<li><a href='?page_no=2'>2<\/a><\/li>\n\n\n\n<li><a>...<\/a><\/li>\n\n\n\n<li><a href='?page_no=12095'>12095<\/a><\/li>\n\n\n\n<li><a href='?page_no=12096'>12096<\/a><\/li>\n\n\n\n<li class='active'><a>12097<\/a><\/li>\n\n\n\n<li><a href='?page_no=12098'>12098<\/a><\/li>\n\n\n\n<li><a href='?page_no=12099'>12099<\/a><\/li>\n\n\n\n<li><a>...<\/a><\/li>\n\n\n\n<li><a href='?page_no=13611'>13611<\/a><\/li>\n\n\n\n<li><a href='?page_no=13612'>13612<\/a><\/li>\n\n    \n\t\n\n<li >\n\t<a href='?page_no=12098'>Next<\/a>\n\t<\/li>\n\n\n    \n\n<li><a href='?page_no=13612'>Last &rsaquo;&rsaquo;<\/a><\/li>\n\n<\/ul>\n\n\n--><br \/>\n<\/body><\/p>\n","protected":false},"excerpt":{"rendered":"<p>Reflexiones del compa\u00f1ero Fidel&#13; &#13; PAZ Y PROSPERIDAD&#13; &#13; El Papa Benedicto XVI destron\u00f3 a Brown, Primer Ministro ingl\u00e9s, quien sustituy\u00f3 a Blair, al que conoc\u00ed y con el que habl\u00e9 unos minutos durante un receso de la Segunda Conferencia de la OMC en Ginebra hace 10 a\u00f1os, despu\u00e9s de su discurso, expres\u00e1ndole mi discrepancia [&hellip;]<\/p>\n","protected":false},"author":3,"featured_media":0,"comment_status":"open","ping_status":"open","sticky":false,"template":"","format":"standard","meta":{"footnotes":""},"categories":[16],"tags":[],"class_list":["post-36211","post","type-post","status-publish","format-standard","hentry","category-opiniones"],"_links":{"self":[{"href":"https:\/\/diariodominicano.com\/index.php?rest_route=\/wp\/v2\/posts\/36211","targetHints":{"allow":["GET"]}}],"collection":[{"href":"https:\/\/diariodominicano.com\/index.php?rest_route=\/wp\/v2\/posts"}],"about":[{"href":"https:\/\/diariodominicano.com\/index.php?rest_route=\/wp\/v2\/types\/post"}],"author":[{"embeddable":true,"href":"https:\/\/diariodominicano.com\/index.php?rest_route=\/wp\/v2\/users\/3"}],"replies":[{"embeddable":true,"href":"https:\/\/diariodominicano.com\/index.php?rest_route=%2Fwp%2Fv2%2Fcomments&post=36211"}],"version-history":[{"count":0,"href":"https:\/\/diariodominicano.com\/index.php?rest_route=\/wp\/v2\/posts\/36211\/revisions"}],"wp:attachment":[{"href":"https:\/\/diariodominicano.com\/index.php?rest_route=%2Fwp%2Fv2%2Fmedia&parent=36211"}],"wp:term":[{"taxonomy":"category","embeddable":true,"href":"https:\/\/diariodominicano.com\/index.php?rest_route=%2Fwp%2Fv2%2Fcategories&post=36211"},{"taxonomy":"post_tag","embeddable":true,"href":"https:\/\/diariodominicano.com\/index.php?rest_route=%2Fwp%2Fv2%2Ftags&post=36211"}],"curies":[{"name":"wp","href":"https:\/\/api.w.org\/{rel}","templated":true}]}}