{"id":362093,"date":"2022-06-16T21:58:33","date_gmt":"2022-06-17T01:58:33","guid":{"rendered":"http:\/\/diariodominicano.com\/?p=362093"},"modified":"2022-06-16T22:02:29","modified_gmt":"2022-06-17T02:02:29","slug":"adopae-lamenta-fallecimiento-de-la-soprano-ivonne-haza","status":"publish","type":"post","link":"https:\/\/diariodominicano.com\/?p=362093","title":{"rendered":"Adopae lamenta fallecimiento de la soprano Ivonne Haza"},"content":{"rendered":"\n<p><strong><em>La cantante l\u00edrica muri\u00f3 este jueves  a los 83 a\u00f1os de edad en la capital dominicana<\/em><\/strong><\/p>\n\n\n\n<figure class=\"wp-block-image size-large\"><img loading=\"lazy\" decoding=\"async\" width=\"1024\" height=\"768\" src=\"https:\/\/diariodominicano.com\/wp-content\/uploads\/2022\/06\/ivonne-haza-4-1024x768.jpg\" alt=\"\" class=\"wp-image-362097\" srcset=\"https:\/\/diariodominicano.com\/wp-content\/uploads\/2022\/06\/ivonne-haza-4-1024x768.jpg 1024w, https:\/\/diariodominicano.com\/wp-content\/uploads\/2022\/06\/ivonne-haza-4-300x225.jpg 300w, https:\/\/diariodominicano.com\/wp-content\/uploads\/2022\/06\/ivonne-haza-4-768x576.jpg 768w, https:\/\/diariodominicano.com\/wp-content\/uploads\/2022\/06\/ivonne-haza-4-816x612.jpg 816w, https:\/\/diariodominicano.com\/wp-content\/uploads\/2022\/06\/ivonne-haza-4.jpg 1200w\" sizes=\"auto, (max-width: 1024px) 100vw, 1024px\" \/><figcaption> Do\u00f1a Ivonne Haza <\/figcaption><\/figure>\n\n\n\n<p><strong>Santo Domingo, RD.<\/strong> La Academia Dominicana de Periodistas de Arte y Espect\u00e1culos (Adopae) lamenta profundamente el fallecimiento la tarde de este jueves de la excelsa cantante l\u00edrica do\u00f1a Ivonne Haza.<\/p>\n\n\n\n<p>La informaci\u00f3n fue ofrecida la primera noche de este jueves por el ministro de Industria y Comercio, V\u00edctor -It\u00f3- Bison\u00f3, &nbsp;hijo de la gloria nacional fallecida a los 83 a\u00f1os de edad.<\/p>\n\n\n\n<p>\u201cEsta tarde ha partido en paz al encuentro del se\u00f1or mi querida madre, estuvo acompa\u00f1ada por sus hijos y nietos hasta el \u00faltimo momento. Mami, ser\u00e1s recordada por tu gran legado a la cultura dominicana; la dama de la m\u00fasica cl\u00e1sica por siempre\u201d, inform\u00f3 Bison\u00f3 mediante su cuenta de Twitter.<\/p>\n\n\n\n<p>\u201cEl arte dominicano pierde a una de sus voces m\u00e1s excelsas y a un referente del canto l\u00edrico que en lo profesional y lo personal mantuvo un comportamiento a la altura de sus condiciones art\u00edsticas\u201d, expres\u00f3 el presidente de Adopae, el periodista Severo Rivera.<\/p>\n\n\n\n<figure class=\"wp-block-image size-full\"><img loading=\"lazy\" decoding=\"async\" width=\"370\" height=\"460\" src=\"https:\/\/diariodominicano.com\/wp-content\/uploads\/2022\/06\/ivonne-haza-2.jpeg\" alt=\"\" class=\"wp-image-362098\" srcset=\"https:\/\/diariodominicano.com\/wp-content\/uploads\/2022\/06\/ivonne-haza-2.jpeg 370w, https:\/\/diariodominicano.com\/wp-content\/uploads\/2022\/06\/ivonne-haza-2-241x300.jpeg 241w\" sizes=\"auto, (max-width: 370px) 100vw, 370px\" \/><\/figure>\n\n\n\n<p><strong>Ivonne Haza inici\u00f3 en los escenarios en 1958, estableciendo una carrera de m\u00e1s de 50 a\u00f1os, en los \u00e1mbitos nacional e internacional.<\/strong><\/p>\n\n\n\n<p>La exquisita soprano subi\u00f3 por primera vez a un escenario el 13 de marzo de 1958, en el auditorio del Instituto de Se\u00f1oritas Salom\u00e9 Ure\u00f1a,&nbsp; interpretando El Mes\u00edas, de Georg Friedrich H\u00e4ndel, a cargo de Manuel Marino Mini\u00f1o.<\/p>\n\n\n\n<p>\u201cLa Diva Dominicana\u201d, como se le conoc\u00eda, es un referente del canto l\u00edrico dominicano cuyas presentaciones una vez a la semana en el programa El Show del Mediod\u00eda eran esperadas por todos los segmentos de la poblaci\u00f3n dominicana.<\/p>\n\n\n\n<figure class=\"wp-block-image size-full\"><img loading=\"lazy\" decoding=\"async\" width=\"640\" height=\"480\" src=\"https:\/\/diariodominicano.com\/wp-content\/uploads\/2022\/06\/ivonne-haza-3.jpg\" alt=\"\" class=\"wp-image-362099\" srcset=\"https:\/\/diariodominicano.com\/wp-content\/uploads\/2022\/06\/ivonne-haza-3.jpg 640w, https:\/\/diariodominicano.com\/wp-content\/uploads\/2022\/06\/ivonne-haza-3-300x225.jpg 300w\" sizes=\"auto, (max-width: 640px) 100vw, 640px\" \/><\/figure>\n\n\n\n<p><strong>Los restos de Ivonne Haza, quien fuera directora del Teatro Nacional Eduardo Brito, ser\u00e1n velados a partir de las 4:00 de la tarde de este viernes en la funeraria Blandino de la avenida Abraham Lincoln y sepultados la ma\u00f1ana del s\u00e1bado.<\/strong><\/p>\n\n\n\n<p>Jos\u00e9 Antonio Aybar F.<a target=\"_blank\" href=\"mailto:aybarjo@gmail.com\" rel=\"noreferrer noopener\">aybarjo@gmail.com<\/a><\/p>\n","protected":false},"excerpt":{"rendered":"<p>La cantante l\u00edrica muri\u00f3 este jueves a los 83 a\u00f1os de edad en la capital dominicana Santo Domingo, RD. La Academia Dominicana de Periodistas de Arte y Espect\u00e1culos (Adopae) lamenta profundamente el fallecimiento la tarde de este jueves de la excelsa cantante l\u00edrica do\u00f1a Ivonne Haza. La informaci\u00f3n fue ofrecida la primera noche de este [&hellip;]<\/p>\n","protected":false},"author":28,"featured_media":362094,"comment_status":"closed","ping_status":"","sticky":true,"template":"","format":"standard","meta":{"footnotes":""},"categories":[20,26,25],"tags":[],"class_list":["post-362093","post","type-post","status-publish","format-standard","has-post-thumbnail","hentry","category-dominicana-hoy","category-efemerides","category-gente"],"_links":{"self":[{"href":"https:\/\/diariodominicano.com\/index.php?rest_route=\/wp\/v2\/posts\/362093","targetHints":{"allow":["GET"]}}],"collection":[{"href":"https:\/\/diariodominicano.com\/index.php?rest_route=\/wp\/v2\/posts"}],"about":[{"href":"https:\/\/diariodominicano.com\/index.php?rest_route=\/wp\/v2\/types\/post"}],"author":[{"embeddable":true,"href":"https:\/\/diariodominicano.com\/index.php?rest_route=\/wp\/v2\/users\/28"}],"replies":[{"embeddable":true,"href":"https:\/\/diariodominicano.com\/index.php?rest_route=%2Fwp%2Fv2%2Fcomments&post=362093"}],"version-history":[{"count":3,"href":"https:\/\/diariodominicano.com\/index.php?rest_route=\/wp\/v2\/posts\/362093\/revisions"}],"predecessor-version":[{"id":362100,"href":"https:\/\/diariodominicano.com\/index.php?rest_route=\/wp\/v2\/posts\/362093\/revisions\/362100"}],"wp:featuredmedia":[{"embeddable":true,"href":"https:\/\/diariodominicano.com\/index.php?rest_route=\/wp\/v2\/media\/362094"}],"wp:attachment":[{"href":"https:\/\/diariodominicano.com\/index.php?rest_route=%2Fwp%2Fv2%2Fmedia&parent=362093"}],"wp:term":[{"taxonomy":"category","embeddable":true,"href":"https:\/\/diariodominicano.com\/index.php?rest_route=%2Fwp%2Fv2%2Fcategories&post=362093"},{"taxonomy":"post_tag","embeddable":true,"href":"https:\/\/diariodominicano.com\/index.php?rest_route=%2Fwp%2Fv2%2Ftags&post=362093"}],"curies":[{"name":"wp","href":"https:\/\/api.w.org\/{rel}","templated":true}]}}