{"id":36209,"date":"2008-04-22T05:11:45","date_gmt":"2008-04-22T05:11:45","guid":{"rendered":"http:\/\/diariodominicano.ddns.net\/?p=36209"},"modified":"2008-04-22T05:11:45","modified_gmt":"2008-04-22T05:11:45","slug":"y-ahora-quien-podra-reelegirlo","status":"publish","type":"post","link":"https:\/\/diariodominicano.com\/?p=36209","title":{"rendered":"Y ahora \u00bfqui\u00e9n podr\u00e1 reelegirlo?"},"content":{"rendered":"<p><body><\/p>\n<h4>Colombia<\/h4>\n<p>&#13;<\/p>\n<h2 class=\"titulogrande1\">Y ahora \u00bfqui\u00e9n podr\u00e1 reelegirlo?<\/h2>\n<p>&#13;<\/p>\n<p class=\"textogrande\"><em>Gabriel  Bustamante Pe\u00f1a<\/em><\/p>\n<p>&#13;<\/p>\n<p align=\"justify\" class=\"text1noticias\">Con la decisi\u00f3n de la Corte Suprema de Justicia de vincular al proceso por la  para-pol\u00edtica al Presidente del partido de la U, Carlos Garc\u00eda, ya son 61 los  congresistas involucrados en este esc\u00e1ndalo judicial (hasta el momento de  escribir esta columna).<br \/>&#13;<br \/>\n  <br \/>&#13;<br \/>\n  Como notoriamente la gran mayor\u00eda de estos son miembros de la coalici\u00f3n del  gobierno, ya el presidente env\u00edo un amenazante mensaje a la Corte, el Ministro  del Interior inscribi\u00f3 un proyecto para envolatar los juicios de los  congresistas, y las mayor\u00edas uribistas del Congreso, que son los mismos  involucrados en la hecatombe narco-paramilitar, le hacen el quite a una reforma  pol\u00edtica de fondo que podr\u00eda superar la crisis que amenaza con acabar nuestras  instituciones. <br \/>&#13;<br \/>\n  <br \/>&#13;<br \/>\n  Este Congreso, de mayor\u00edas uribistas, no le va a jalar a una reforma que  implicar\u00eda las perdidas de curules y las personer\u00edas jur\u00eddicas de los pol\u00edticos  y partidos involucrados. Sus mayor\u00edas gobiernistas, construidas con alto  porcentaje delictivo, desde los cr\u00edmenes atroces hasta el clientelismo puro,  conformaron una poderosa aplanadora legislativa cuyo \u00fanico freno ha sido la  investigaci\u00f3n de la Corte Suprema de Justicia y el control que ha hecho la  Corte Constitucional a proyectos como la ley de justicia y paz o la ley  forestal. <br \/>&#13;<br \/>\n  <br \/>&#13;<br \/>\n  Y la preocupaci\u00f3n por el desmantelamiento judicial del uribismo debe ser enorme  ya que, los votos de los parapol\u00edticos o de sus reemplazos son fundamentales  para aprobar desde la reelecci\u00f3n presidencial indefinida hasta el delito  pol\u00edtico para los paramilitares. Sin contar que de sus votos depende la  elecci\u00f3n de los nuevos magistrados de las Cortes, la Junta Directiva del Banco  de la Rep\u00fablica, el Contralor General de la Naci\u00f3n, el Procurador, el Defensor  del Pueblo y el Fiscal. Una reforma pol\u00edtica de sanciones inmediatas no s\u00f3lo  acabar\u00eda la parapol\u00edtica sino que salvar\u00eda a Colombia de avanzar m\u00e1s hacia una  peligrosa dictadura institucional, que se sumar\u00eda al poder que sobre los medios  de comunicaci\u00f3n, el empresariado y la opini\u00f3n p\u00fablica ejerce el no gratis  popular presidente \u00c1lvaro Uribe V\u00e9lez.<br \/>&#13;<br \/>\n  <br \/>&#13;<br \/>\n  Pero con la vinculaci\u00f3n de Carlos Garc\u00eda al proceso de la para-pol\u00edtica, el  Presidente \u00c1lvaro Uribe no s\u00f3lo tiene en peligro al m\u00e1s importante miembro del  partido que lleva la sigla de su apellido, sino que puede perder al m\u00e1s  encarnizado partidario de su reelecci\u00f3n inmediata. El Senador Garc\u00eda se ha  enfrentado a todo y a todos para llevar adelante el proceso de reelecci\u00f3n  presidencial, a recorrido el pa\u00eds ha dialogar p\u00fablicamente con concejales y  diputados, y secretamente con alcaldes y gobernadores y posiblemente otros  personajes de estirpes menos santas de la vida nacional. Y todo, con el fin de  lograr la aprobaci\u00f3n de un referendo que permita de nuevo el cambio de un  articulito de la Constituci\u00f3n Nacional.<br \/>&#13;<br \/>\n  <br \/>&#13;<br \/>\n  Por esto la preocupaci\u00f3n y desesperaci\u00f3n del Presidente que ve como sus  bancadas han entrado a engrosar las estad\u00edsticas criminales del INPEC y se  hacinan en la Picota. Preocupaci\u00f3n a la que se suman los cuestionamientos del  Congreso norteamericano, los medios y la opini\u00f3n p\u00fablica gringa, mientras el  s\u00f3lo atina a decir que Colombia va por buen camino y le recomienda al senador  Garc\u00eda que, antes de irse para la c\u00e1rcel le recoja m\u00e1s firmitas pa\u2019 la  reelecci\u00f3n.<br \/>&#13;<br \/>\n  <br \/>&#13;<br \/>\n  &#8211; Gabriel Bustamante Pe\u00f1a, Equipo Jur\u00eddico Pol\u00edtico de Viva la Ciudadan\u00eda<br \/>&#13;<br \/>\n  <br \/>&#13;<br \/>\n  Fuente: Semanario Virtual Caja de Herramientas<br \/>&#13;<br \/>\n  <br \/>&#13;<br \/>\n  Corporaci\u00f3n Viva la Ciudadan\u00eda. www.vivalaciudadania.org<br \/>&#13;<br \/>\n  <br \/>&#13;<br \/>\n  http:\/\/alainet.org\/active\/23611<\/p>\n<p>&#13;<\/p>\n<h6> 2008-04-22 05:11:45 <\/h6>\n<p><!--\n<link rel=\"stylesheet\" href=\"css\/bootstrap.min.css\">\n\n\n<ul class=\"pagination\">\n\t    \n\t\n\n<li >\n\t<a href='?page_no=12094'>Previous<\/a>\n\t<\/li>\n\n\n       \n    \n\n<li><a href='?page_no=1'>1<\/a><\/li>\n\n\n\n<li><a href='?page_no=2'>2<\/a><\/li>\n\n\n\n<li><a>...<\/a><\/li>\n\n\n\n<li><a href='?page_no=12093'>12093<\/a><\/li>\n\n\n\n<li><a href='?page_no=12094'>12094<\/a><\/li>\n\n\n\n<li class='active'><a>12095<\/a><\/li>\n\n\n\n<li><a href='?page_no=12096'>12096<\/a><\/li>\n\n\n\n<li><a href='?page_no=12097'>12097<\/a><\/li>\n\n\n\n<li><a>...<\/a><\/li>\n\n\n\n<li><a href='?page_no=13611'>13611<\/a><\/li>\n\n\n\n<li><a href='?page_no=13612'>13612<\/a><\/li>\n\n    \n\t\n\n<li >\n\t<a href='?page_no=12096'>Next<\/a>\n\t<\/li>\n\n\n    \n\n<li><a href='?page_no=13612'>Last &rsaquo;&rsaquo;<\/a><\/li>\n\n<\/ul>\n\n\n--><br \/>\n<\/body><\/p>\n","protected":false},"excerpt":{"rendered":"<p>Colombia &#13; Y ahora \u00bfqui\u00e9n podr\u00e1 reelegirlo? &#13; Gabriel Bustamante Pe\u00f1a &#13; Con la decisi\u00f3n de la Corte Suprema de Justicia de vincular al proceso por la para-pol\u00edtica al Presidente del partido de la U, Carlos Garc\u00eda, ya son 61 los congresistas involucrados en este esc\u00e1ndalo judicial (hasta el momento de escribir esta columna).&#13; &#13; [&hellip;]<\/p>\n","protected":false},"author":3,"featured_media":0,"comment_status":"open","ping_status":"open","sticky":false,"template":"","format":"standard","meta":{"footnotes":""},"categories":[16],"tags":[],"class_list":["post-36209","post","type-post","status-publish","format-standard","hentry","category-opiniones"],"_links":{"self":[{"href":"https:\/\/diariodominicano.com\/index.php?rest_route=\/wp\/v2\/posts\/36209","targetHints":{"allow":["GET"]}}],"collection":[{"href":"https:\/\/diariodominicano.com\/index.php?rest_route=\/wp\/v2\/posts"}],"about":[{"href":"https:\/\/diariodominicano.com\/index.php?rest_route=\/wp\/v2\/types\/post"}],"author":[{"embeddable":true,"href":"https:\/\/diariodominicano.com\/index.php?rest_route=\/wp\/v2\/users\/3"}],"replies":[{"embeddable":true,"href":"https:\/\/diariodominicano.com\/index.php?rest_route=%2Fwp%2Fv2%2Fcomments&post=36209"}],"version-history":[{"count":0,"href":"https:\/\/diariodominicano.com\/index.php?rest_route=\/wp\/v2\/posts\/36209\/revisions"}],"wp:attachment":[{"href":"https:\/\/diariodominicano.com\/index.php?rest_route=%2Fwp%2Fv2%2Fmedia&parent=36209"}],"wp:term":[{"taxonomy":"category","embeddable":true,"href":"https:\/\/diariodominicano.com\/index.php?rest_route=%2Fwp%2Fv2%2Fcategories&post=36209"},{"taxonomy":"post_tag","embeddable":true,"href":"https:\/\/diariodominicano.com\/index.php?rest_route=%2Fwp%2Fv2%2Ftags&post=36209"}],"curies":[{"name":"wp","href":"https:\/\/api.w.org\/{rel}","templated":true}]}}