{"id":36207,"date":"2008-04-22T05:17:02","date_gmt":"2008-04-22T05:17:02","guid":{"rendered":"http:\/\/diariodominicano.ddns.net\/?p=36207"},"modified":"2008-04-22T05:17:02","modified_gmt":"2008-04-22T05:17:02","slug":"los-efectos-del-cambio-climatico","status":"publish","type":"post","link":"https:\/\/diariodominicano.com\/?p=36207","title":{"rendered":"Los efectos del cambio clim\u00e1tico"},"content":{"rendered":"<p><body><\/p>\n<h2 class=\"titulogrande1\">Los efectos del cambio clim\u00e1tico<\/h2>\n<p>&#13;<\/p>\n<p class=\"textogrande\"><em>An\u00edbal  Mart\u00ednez<\/em><\/p>\n<p>&#13;<\/p>\n<p align=\"justify\" class=\"text1noticias\">El cambio es una constante universal; sucede permanentemente en el cosmos, en  los planetas, en la evoluci\u00f3n de la vida como manifestaci\u00f3n de la interacci\u00f3n  de la materia y la energ\u00eda, en la propia evoluci\u00f3n de la especie humana, de su  conciencia individual y colectiva; y, por lo tanto no debe sorprendernos el  cambio del clima a nivel mundial y local. El calentamiento global se inici\u00f3  hace unos 11,000 a\u00f1os, desde que se invent\u00f3 la agricultura en la Mesopotamia y  China.<br \/>&#13;<br \/>\n  <br \/>&#13;<br \/>\n  Lo que si debe preocupar es la magnitud y velocidad de los cambios en relaci\u00f3n  a un proceso normal de transiciones atmosf\u00e9ricas y geof\u00edsicas que permiten una  adaptaci\u00f3n gradual de las diferentes formas de vida existentes en el planeta.  Especialmente porque dichos cambios vertiginosos son provocados por la  actividad humana, fundamentada en principios de competitividad y una mala  interpretaci\u00f3n del principio darwiniano, de la selecci\u00f3n del m\u00e1s apto o el m\u00e1s  fuerte, idealizada por la ideolog\u00eda neoliberal o de libre comercio.<br \/>&#13;<br \/>\n  <br \/>&#13;<br \/>\n  Esta ideolog\u00eda es la responsable del mal uso que la humanidad ha hecho de los  descubrimientos cient\u00edficos y la aplicaci\u00f3n de los productos de la tecnolog\u00eda,  afectando negativamente el uso, manejo y conservaci\u00f3n de los recursos naturales  del planeta, incidiendo en la distribuci\u00f3n no equitativa de las riquezas que  generan dichos recursos y el trabajo colectivo, privilegiando el capital e  ignorando que todos y cada uno de los integrantes de la especie humana somos  producto de las probabilidades de expresi\u00f3n del genoma humano y por lo tanto  cada uno indispensables para la sobrevivencia y evoluci\u00f3n de la especie.<br \/>&#13;<br \/>\n  <br \/>&#13;<br \/>\n  Por fin la preocupaci\u00f3n del cambio clim\u00e1tico ha llegado a todos los sectores,  por los efectos dram\u00e1ticos que se est\u00e1n observando y afectan diversas  actividades humanas; que se suman al escenario humano de: Pobreza extrema de  amplios sectores en varias regiones del mundo, que pueden constituir focos de  inestabilidad mundial. <br \/>&#13;<br \/>\n  <br \/>&#13;<br \/>\n  Relativa soberan\u00eda de los Estados ante un proceso de  Globalizaci\u00f3n, que ha generado un Sistema-mundo, sin autoridad y reglas  globales para el desarrollo integral. Dominio, expansi\u00f3n e incertidumbre del  conocimiento (biotecnolog\u00eda, bioinform\u00e1tica, tecnolog\u00eda cu\u00e1ntica, tecnolog\u00eda de  informaci\u00f3n y comunicaci\u00f3n) . Visualizaci\u00f3n de cambios a nivel mundial, provocados por la crisis del petr\u00f3leo y Establecimiento de  redes, de diversos or\u00edgenes y con diversos objetivos y fines, incluyendo las  redes de maras, narcotr\u00e1fico y bandas criminales.<br \/>&#13;<br \/>\n  <br \/>&#13;<br \/>\n  Los cambios clim\u00e1ticos, independientes de las causales humanas (expansi\u00f3n  demogr\u00e1fica, procesos productivos, h\u00e1bitos de consumo, mal uso y manejo de los  recursos naturales, manejo de residuos, etc. ) y los efectos atmosf\u00e9ricos y  geof\u00edsicos (descongelamiento de los polos, elevaci\u00f3n del nivel del mar,  alteraci\u00f3n de temperaturas y ciclos h\u00eddricos locales y globales), tendr\u00e1  efectos trascendentales en la vida humana: sequ\u00edas que pueden ser causales de  grandes hambrunas, tormentas e inundaciones de magnitudes enormes que podr\u00e1n  causar grandes desastres, nuevas cepas mutantes de microorganismos causales de  enfermedades, consideradas erradicadas, alteraci\u00f3n de la biodiversidad y  patrones de producci\u00f3n, alteraci\u00f3n de los patrones de consumo, reformas  estructurales en los sistemas pol\u00edticos y econ\u00f3micos de los pa\u00edses que  permitir\u00e1n nuevas relaciones y acondicionamientos geopol\u00edticos en el mundo; o  en el peor de los casos, podr\u00edan ocasionar nuevos conflictos mundiales, si la  primac\u00eda del capital no cede su valor ante el trabajo colectivo.<br \/>&#13;<br \/>\n  <br \/>&#13;<br \/>\n  \u00bfC\u00f3mo podemos enfrentar este desaf\u00edo cada uno de nosotros y la especie, en  forma colectiva y global?<br \/>&#13;<br \/>\n  <br \/>&#13;<br \/>\n  A nivel individual: es necesario y urgente cambiar nuestros h\u00e1bitos de consumo  y uso de los recursos, indispensable adoptar la cultura del reciclaje en todos  los \u00f3rdenes de la rutina cotidiana. La clave es ahorrar lo m\u00e1s que podamos en  el uso de la energ\u00eda, as\u00ed como un uso racional del agua y los bosques.<br \/>&#13;<br \/>\n  <br \/>&#13;<br \/>\n  A nivel de empresas: Aplicar planes de ahorro de energ\u00eda, innovar procesos de  producci\u00f3n m\u00e1s eficientes y superar la tradicional y universal jornada laboral  de ocho horas, alternando turnos y adoptar la idea de semana corrida, sin paros  generales s\u00e1bados y domingos.<br \/>&#13;<br \/>\n  <br \/>&#13;<br \/>\n  A nivel de gobiernos locales: Apostarle a proyectos locales de generaci\u00f3n de  energ\u00eda, a partir de fuentes renovables y limpias, tales como la solar, la  e\u00f3lica. Organizar la recolecci\u00f3n de desechos org\u00e1nicos y su uso para la  generaci\u00f3n de biocombustible, as\u00ed como tambi\u00e9n coordinar el reciclaje de  desechos s\u00f3lidos, tales como pl\u00e1stico, metal, vidrio y papel-cart\u00f3n.  Reglamentar objetivamente el funcionamiento de automotores y maquinaria  industrial, para minimizar la emisi\u00f3n de gases que contaminan el ambiente.<br \/>&#13;<br \/>\n  <br \/>&#13;<br \/>\n  A nivel mundial: Implementar el Plan para estabilizar las emisiones de carbono.  Ante la posibilidad de aumentar la fuente de carb\u00f3n, por la crisis del  petr\u00f3leo, es necesario reglamentar la obligaci\u00f3n para las empresas extractoras  de carb\u00f3n, de implementar la tecnolog\u00eda de Captura y Almacenaje del Di\u00f3xido de  Carbono, que se libera al convertir el carb\u00f3n en energ\u00eda \u00fatil.<br \/>&#13;<br \/>\n  <br \/>&#13;<br \/>\n  Para prever los efectos del calentamiento global sobre la salud humana y la  seguridad alimentaria, las Naciones Unidas y los pa\u00edses m\u00e1s ricos,  especialmente los que basan una buena parte de su econom\u00eda en la industria de  la guerra, deben valorar el patrimonio gen\u00e9tico de la especie humana, enfrentar  las pr\u00e1cticas del terrorismo buscando las profundas e hist\u00f3ricas causas de la  misma, para destinar muchos recursos econ\u00f3micos a los programas integrales de  seguridad alimentaria y la prevenci\u00f3n y mitigaci\u00f3n de desastres que  posiblemente podr\u00e1n suceder.<br \/>&#13;<br \/>\n  <br \/>&#13;<br \/>\n  &#8211; An\u00edbal Mart\u00ednez es Ing. Agr\u00f3nomo. S.G. CSUCA.<br \/>&#13;<br \/>\n  <br \/>&#13;<br \/>\n  <br \/>&#13;<br \/>\n  http:\/\/alainet.org\/active\/23617<\/p>\n<p>&#13;<\/p>\n<h6> 2008-04-22 05:17:02 <\/h6>\n<p><!--\n<link rel=\"stylesheet\" href=\"css\/bootstrap.min.css\">\n\n\n<ul class=\"pagination\">\n\t    \n\t\n\n<li >\n\t<a href='?page_no=12092'>Previous<\/a>\n\t<\/li>\n\n\n       \n    \n\n<li><a href='?page_no=1'>1<\/a><\/li>\n\n\n\n<li><a href='?page_no=2'>2<\/a><\/li>\n\n\n\n<li><a>...<\/a><\/li>\n\n\n\n<li><a href='?page_no=12091'>12091<\/a><\/li>\n\n\n\n<li><a href='?page_no=12092'>12092<\/a><\/li>\n\n\n\n<li class='active'><a>12093<\/a><\/li>\n\n\n\n<li><a href='?page_no=12094'>12094<\/a><\/li>\n\n\n\n<li><a href='?page_no=12095'>12095<\/a><\/li>\n\n\n\n<li><a>...<\/a><\/li>\n\n\n\n<li><a href='?page_no=13611'>13611<\/a><\/li>\n\n\n\n<li><a href='?page_no=13612'>13612<\/a><\/li>\n\n    \n\t\n\n<li >\n\t<a href='?page_no=12094'>Next<\/a>\n\t<\/li>\n\n\n    \n\n<li><a href='?page_no=13612'>Last &rsaquo;&rsaquo;<\/a><\/li>\n\n<\/ul>\n\n\n--><br \/>\n<\/body><\/p>\n","protected":false},"excerpt":{"rendered":"<p>Los efectos del cambio clim\u00e1tico &#13; An\u00edbal Mart\u00ednez &#13; El cambio es una constante universal; sucede permanentemente en el cosmos, en los planetas, en la evoluci\u00f3n de la vida como manifestaci\u00f3n de la interacci\u00f3n de la materia y la energ\u00eda, en la propia evoluci\u00f3n de la especie humana, de su conciencia individual y colectiva; y, [&hellip;]<\/p>\n","protected":false},"author":3,"featured_media":0,"comment_status":"open","ping_status":"open","sticky":false,"template":"","format":"standard","meta":{"footnotes":""},"categories":[16],"tags":[],"class_list":["post-36207","post","type-post","status-publish","format-standard","hentry","category-opiniones"],"_links":{"self":[{"href":"https:\/\/diariodominicano.com\/index.php?rest_route=\/wp\/v2\/posts\/36207","targetHints":{"allow":["GET"]}}],"collection":[{"href":"https:\/\/diariodominicano.com\/index.php?rest_route=\/wp\/v2\/posts"}],"about":[{"href":"https:\/\/diariodominicano.com\/index.php?rest_route=\/wp\/v2\/types\/post"}],"author":[{"embeddable":true,"href":"https:\/\/diariodominicano.com\/index.php?rest_route=\/wp\/v2\/users\/3"}],"replies":[{"embeddable":true,"href":"https:\/\/diariodominicano.com\/index.php?rest_route=%2Fwp%2Fv2%2Fcomments&post=36207"}],"version-history":[{"count":0,"href":"https:\/\/diariodominicano.com\/index.php?rest_route=\/wp\/v2\/posts\/36207\/revisions"}],"wp:attachment":[{"href":"https:\/\/diariodominicano.com\/index.php?rest_route=%2Fwp%2Fv2%2Fmedia&parent=36207"}],"wp:term":[{"taxonomy":"category","embeddable":true,"href":"https:\/\/diariodominicano.com\/index.php?rest_route=%2Fwp%2Fv2%2Fcategories&post=36207"},{"taxonomy":"post_tag","embeddable":true,"href":"https:\/\/diariodominicano.com\/index.php?rest_route=%2Fwp%2Fv2%2Ftags&post=36207"}],"curies":[{"name":"wp","href":"https:\/\/api.w.org\/{rel}","templated":true}]}}