{"id":36206,"date":"2008-04-22T05:20:14","date_gmt":"2008-04-22T05:20:14","guid":{"rendered":"http:\/\/diariodominicano.ddns.net\/?p=36206"},"modified":"2008-04-22T05:20:14","modified_gmt":"2008-04-22T05:20:14","slug":"juan-y-joaquin-y-otros-inmortales","status":"publish","type":"post","link":"https:\/\/diariodominicano.com\/?p=36206","title":{"rendered":"Juan y Joaqu\u00edn (y otros inmortales)"},"content":{"rendered":"<p><body><\/p>\n<h4>Brasil<\/h4>\n<p>&#13;<\/p>\n<h2 class=\"titulogrande1\">Juan y Joaqu\u00edn (y otros inmortales)<\/h2>\n<p>&#13;<\/p>\n<p class=\"textogrande\"><em>Frei Betto<\/em> <\/p>\n<p>&#13;<\/p>\n<div align=\"justify\" class=\"text1noticias\">&#13;<\/p>\n<p>Joaqu\u00edn Machado de Ass\u00eds falleci\u00f3 hace cien a\u00f1os. Juan Guimar\u00e3es Rosa naci\u00f3  hace cien a\u00f1os. Los dos imprimieron dimensi\u00f3n est\u00e9tica al enigma de lo  femenino: Capitu, por Joaqu\u00edn; Diadorim, por Juan. Los dos murieron en Rio de  Janeiro, los dos en casa, los dos solos. Joaqu\u00edn en Cosme Viejo, viudo; Juan en  Copacabana, el 19 de noviembre de 1967, cuando la mujer sali\u00f3 para misa.<br \/>&#13;<br \/>\n    <br \/>&#13;<br \/>\n    Carioca, autodidacta, fundador de la Academia Brasile\u00f1a de Letras, Joaqu\u00edn  construy\u00f3 una obra de inagotable polisemia. Su estilo revela la levedad de la  pena, gracias a sus cr\u00f3nicas en peri\u00f3dicos. Sus textos parecen, a primera vista,  al alcance de cualquier lector, pero exigen agudeza para poder captarlos en su  profusi\u00f3n de s\u00edmbolos, subterfugios, entrel\u00edneas y aparentes tautolog\u00edas.<br \/>&#13;<br \/>\n    <br \/>&#13;<br \/>\n    Originario de Cordisburgo -\u2018ciudad del coraz\u00f3n\u2019-, en Minas Gerais, pol\u00edglota,  m\u00e9dico y diplom\u00e1tico, Juan reinvent\u00f3 la lengua portuguesa, la brasile\u00f1iz\u00f3, la  potencializ\u00f3, expandi\u00f3 las reglas de la narrativa convencional, hizo del sert\u00e3o  (regi\u00f3n agreste, semi\u00e1rida) una epopeya.<br \/>&#13;<br \/>\n    <br \/>&#13;<br \/>\n    Juan observa el mundo por la cerca del prado; Joaqu\u00edn por la ventana de la casa.  El primero es rural; el segundo urbano. Juan va a las aguas l\u00edmpidas de los  grandes r\u00edos a pescar, en las profundidades, las interrogantes metaf\u00edsicas de  lo humano. Joaqu\u00edn es intimista, realista, encuentra en los salones, en una  conversaci\u00f3n banal, la materia prima que le permite desvelar rec\u00f3nditos  secretos del alma.<br \/>&#13;<br \/>\n    <br \/>&#13;<br \/>\n    Juan encara el mundo de abajo hacia arriba, situado en el lugar social de los  an\u00f3nimos; pisa en bosta de vaca para describir infinitudes. Joaqu\u00edn es casi  dandy, se presenta con guantes y chistera y poco a poco nos rasga la fantas\u00eda,  nos perfora la piel, nos abre el coraz\u00f3n, nos muestra las v\u00edsceras.<br \/>&#13;<br \/>\n    <br \/>&#13;<br \/>\n    Juan es te\u00f3logo, apocal\u00edptico; Joaqu\u00edn fil\u00f3sofo, irreverente. Juan es asombro;  Joaqu\u00edn iron\u00eda. \u00c9ste impregna su pluma de pena y penetra en los meandros de  nuestra inevitable insensatez; Juan mete la guada\u00f1a y desbasta, abre caminos en  direcciones inesperadas.<br \/>&#13;<br \/>\n    <br \/>&#13;<br \/>\n    Joaqu\u00edn es cartesiano, explora la duda, el suspenso, la ambig\u00fcedad, lo  contradictorio. Juan es barroco, retuerce la gram\u00e1tica, subvierte la sintaxis,  arranca el vocabulario de su listado ordenado y lo pone en el cuerpo de baile  de los intersticios del esp\u00edritu.<br \/>&#13;<br \/>\n    <br \/>&#13;<br \/>\n    Joaqu\u00edn hace de su literatura una red caprichosa; vista a la distancia, su obra  parece impecable mantel sobre la mesa, cuya belleza resulta de sus intrincados  bordados, s\u00f3lo apreciados por el lector agudo.<br \/>&#13;<br \/>\n    <br \/>&#13;<br \/>\n    Juan prefiere juntar los trozos derramados por el suelo de la vida y exponer el  vitral de tantas sagas y aventuras. Su talento es inalcanzable, pues se aisl\u00f3  en un universo terminol\u00f3gico y sem\u00e1ntico \u00fanico, singular; comparando mejor,  apag\u00f3 el idioma de la losa y en los laberintos de la sintaxis lo reconstruy\u00f3  letra por letra, palabra por palabra, en un tejido radicalmente local,  esplendorosamente universal.<br \/>&#13;<br \/>\n    <br \/>&#13;<br \/>\n    En ambos, el dominio impecable de la lengua, el estilo cautivante, el ritmo  preciso. Ambos son inimitables. Joaqu\u00edn nos invita a un juego repleto de  sorpresas; Juan a un viaje a trav\u00e9s del misterioso sert\u00e3o que cada uno de  nosotros lleva dentro de s\u00ed.<br \/>&#13;<br \/>\n    <br \/>&#13;<br \/>\n\u00c9ste es un a\u00f1o de muchas conmemoraciones literarias. Hace 400 a\u00f1os nac\u00eda el P.  Vieira (6-2-1608), que nos ense\u00f1\u00f3 a reverenciar el idioma portugu\u00e9s, y hace 120  a\u00f1os Fernando Pessoa (13-6-1888), para quien \u201cel poeta es un simulador \/ simula  tan completamente \/ que llega a fingir que es dolor \/ el dolor que de veras  siente\u201d. Hace sesenta a\u00f1os nos dejaba Monteiro Lobato, que encant\u00f3 mi infancia  y me acostumbr\u00f3 a los libros.<br \/>&#13;<br \/>\n<br \/>&#13;<br \/>\nAntonio Candido, el mayor cr\u00edtico literario vivo, autor del cl\u00e1sico Compa\u00f1eros  del R\u00edo Bonito, hace noventa a\u00f1os. <\/p>\n<p>&#13;<\/p>\n<p>Y hace noventa a\u00f1os transvivenci\u00f3 Olavo  Bilac, que nos invita a o\u00edr estrellas. Y hace cuarenta a\u00f1os fallec\u00eda Manuel  Bandeira, que nos indujo a surfar en la poes\u00eda: \u201cLa ola anda \/ \u00bfd\u00f3nde anda \/ la  ola? \/ todav\u00eda ola \/ todav\u00eda anda \/ \u00bfd\u00f3nde? \/ la ola \/ la ola\u201d. (Traducci\u00f3n de  J.L.Burguet)<br \/>&#13;<br \/>\n    <br \/>&#13;<br \/>\n    &#8211; Frei Betto es escritor, autor de \u201cAlfabeto. Autobiograf\u00eda escolar\u201d, entre  otros libros.<br \/>&#13;<br \/>\n    <br \/>&#13;<br \/>\n    <br \/>&#13;<br \/>\n    http:\/\/alainet.org\/active\/23550<br \/>&#13;\n    <\/p>\n<p>&#13;\n<\/p><\/div>\n<p>&#13;<\/p>\n<h6> 2008-04-22 05:20:14 <\/h6>\n<p><!--\n<link rel=\"stylesheet\" href=\"css\/bootstrap.min.css\">\n\n\n<ul class=\"pagination\">\n\t    \n\t\n\n<li >\n\t<a href='?page_no=12091'>Previous<\/a>\n\t<\/li>\n\n\n       \n    \n\n<li><a href='?page_no=1'>1<\/a><\/li>\n\n\n\n<li><a href='?page_no=2'>2<\/a><\/li>\n\n\n\n<li><a>...<\/a><\/li>\n\n\n\n<li><a href='?page_no=12090'>12090<\/a><\/li>\n\n\n\n<li><a href='?page_no=12091'>12091<\/a><\/li>\n\n\n\n<li class='active'><a>12092<\/a><\/li>\n\n\n\n<li><a href='?page_no=12093'>12093<\/a><\/li>\n\n\n\n<li><a href='?page_no=12094'>12094<\/a><\/li>\n\n\n\n<li><a>...<\/a><\/li>\n\n\n\n<li><a href='?page_no=13611'>13611<\/a><\/li>\n\n\n\n<li><a href='?page_no=13612'>13612<\/a><\/li>\n\n    \n\t\n\n<li >\n\t<a href='?page_no=12093'>Next<\/a>\n\t<\/li>\n\n\n    \n\n<li><a href='?page_no=13612'>Last &rsaquo;&rsaquo;<\/a><\/li>\n\n<\/ul>\n\n\n--><br \/>\n<\/body><\/p>\n","protected":false},"excerpt":{"rendered":"<p>Brasil &#13; Juan y Joaqu\u00edn (y otros inmortales) &#13; Frei Betto &#13; &#13; Joaqu\u00edn Machado de Ass\u00eds falleci\u00f3 hace cien a\u00f1os. Juan Guimar\u00e3es Rosa naci\u00f3 hace cien a\u00f1os. Los dos imprimieron dimensi\u00f3n est\u00e9tica al enigma de lo femenino: Capitu, por Joaqu\u00edn; Diadorim, por Juan. Los dos murieron en Rio de Janeiro, los dos en casa, [&hellip;]<\/p>\n","protected":false},"author":3,"featured_media":0,"comment_status":"open","ping_status":"open","sticky":false,"template":"","format":"standard","meta":{"footnotes":""},"categories":[16],"tags":[],"class_list":["post-36206","post","type-post","status-publish","format-standard","hentry","category-opiniones"],"_links":{"self":[{"href":"https:\/\/diariodominicano.com\/index.php?rest_route=\/wp\/v2\/posts\/36206","targetHints":{"allow":["GET"]}}],"collection":[{"href":"https:\/\/diariodominicano.com\/index.php?rest_route=\/wp\/v2\/posts"}],"about":[{"href":"https:\/\/diariodominicano.com\/index.php?rest_route=\/wp\/v2\/types\/post"}],"author":[{"embeddable":true,"href":"https:\/\/diariodominicano.com\/index.php?rest_route=\/wp\/v2\/users\/3"}],"replies":[{"embeddable":true,"href":"https:\/\/diariodominicano.com\/index.php?rest_route=%2Fwp%2Fv2%2Fcomments&post=36206"}],"version-history":[{"count":0,"href":"https:\/\/diariodominicano.com\/index.php?rest_route=\/wp\/v2\/posts\/36206\/revisions"}],"wp:attachment":[{"href":"https:\/\/diariodominicano.com\/index.php?rest_route=%2Fwp%2Fv2%2Fmedia&parent=36206"}],"wp:term":[{"taxonomy":"category","embeddable":true,"href":"https:\/\/diariodominicano.com\/index.php?rest_route=%2Fwp%2Fv2%2Fcategories&post=36206"},{"taxonomy":"post_tag","embeddable":true,"href":"https:\/\/diariodominicano.com\/index.php?rest_route=%2Fwp%2Fv2%2Ftags&post=36206"}],"curies":[{"name":"wp","href":"https:\/\/api.w.org\/{rel}","templated":true}]}}