{"id":362024,"date":"2022-06-16T16:29:25","date_gmt":"2022-06-16T20:29:25","guid":{"rendered":"http:\/\/diariodominicano.com\/?p=362024"},"modified":"2025-12-29T01:04:26","modified_gmt":"2025-12-29T05:04:26","slug":"compromiso-de-prensa-latina-con-sus-principios-fundacionales-fotos","status":"publish","type":"post","link":"https:\/\/diariodominicano.com\/?p=362024","title":{"rendered":"Compromiso de Prensa Latina con sus principios fundacionales (Fotos)"},"content":{"rendered":"\n<h1 class=\"wp-block-heading\"><\/h1>\n\n\n\n<p>La Habana, 16 jun (Prensa Latina) El presidente de la Agencia Informativa Latinoamericana Prensa Latina, Luis Enrique Gonz\u00e1lez, subray\u00f3 hoy el compromiso del medio con sus principios fundacionales ante un entorno complejo, en el aniversario 63 de su creaci\u00f3n en Cuba.<\/p>\n\n\n\n<ul class=\"wp-block-list\"><li>junio 16, 2022<\/li><li>CDT12:19 (GMT) -0400<\/li><\/ul>\n\n\n\n<p>En una actividad desarrollada en esta capital por la conmemoraci\u00f3n, se\u00f1al\u00f3 que existe una labor \u201cfuerte, intensa y dif\u00edcil de la agencia en todas sus \u00e1reas\u201d, lo cual permiti\u00f3 sortear los obst\u00e1culos impuestos por la pandemia de la Covid-19 y el bloqueo aplicado a la isla por Estados Unidos.<\/p>\n\n\n\n<p>Seg\u00fan detall\u00f3 Gonz\u00e1lez, la pol\u00edtica de Washington impide a Prensa Latina hacer transferencias internacionales y operar cuentas, que entorpecen la gesti\u00f3n del multimedio.<\/p>\n\n\n\n<figure class=\"wp-block-image\"><img decoding=\"async\" src=\"https:\/\/www.prensa-latina.cu\/wp-content\/uploads\/2022\/06\/DSC6640.jpg\" alt=\"\" class=\"wp-image-264025\"\/><\/figure>\n\n\n\n<p>Sin embargo, coment\u00f3 que incluso en ese contexto, en los \u00faltimos dos a\u00f1os el medio de comunicaci\u00f3n logr\u00f3 crecer e incorporar corresponsales en Ir\u00e1n y Jap\u00f3n, con lo cual son m\u00e1s de 40 las oficinas en varios pa\u00edses.<\/p>\n\n\n\n<p>\u201cNo vamos a retroceder ante las dificultades\u201d, enfatiz\u00f3 el presidente del medio.<\/p>\n\n\n\n<p>Gonz\u00e1lez hizo un reconocimiento a quienes aportaron durante estos a\u00f1os al quehacer de la agencia y envi\u00f3 una felicitaci\u00f3n a todas las \u00e1reas que tributan al tercer sitio web m\u00e1s visitado en Cuba, detr\u00e1s de Google y Youtube.<\/p>\n\n\n\n<p>Durante el encuentro la direcci\u00f3n de la agencia entreg\u00f3 el premio Por la Obra de la Vida a los trabajadores Pablo Carmona, Mar\u00eda Concepci\u00f3n Bofill, Mart\u00edn Hacthoun, Elsy Fors, Mario Esquivel, David D\u00edaz, Margarita Gonz\u00e1lez, Georgina Fundora, Alberto Rabilotta y Rub\u00e9n Hern\u00e1ndez.<\/p>\n\n\n\n<p>De manera p\u00f3stuma fue conferida la distinci\u00f3n a Jorge Timossi, Tom\u00e1s Anael Granados y Rolando de la Ribera.<\/p>\n\n\n\n<p>El director t\u00e9cnico, Rub\u00e9n Puerta, aprovech\u00f3 la oportunidad para presentar la aplicaci\u00f3n Noticias PL, que permite un acceso r\u00e1pido y efectivo a todos los servicios informativos del medio.<\/p>\n\n\n\n<p>Tambi\u00e9n con motivo de la fecha la vicepresidenta de Informaci\u00f3n de Prensa Latina, Luisa Mar\u00eda Gonz\u00e1lez, inaugur\u00f3 una exposici\u00f3n fotogr\u00e1fica dedicada a quienes dirigieron la agencia desde su fundaci\u00f3n,&nbsp; el 16 de junio de 1959.<\/p>\n\n\n\n<figure class=\"wp-block-image\"><img decoding=\"async\" src=\"https:\/\/www.prensa-latina.cu\/wp-content\/uploads\/2022\/06\/DSC6633.jpg\" alt=\"\" class=\"wp-image-264024\"\/><\/figure>\n\n\n\n<p>De acuerdo con la directiva, las im\u00e1genes mostradas desde la sede principal en esta capital permiten \u201cpreservar la memoria hist\u00f3rica, conocer el origen de la agencia y a qui\u00e9nes fueron las figuras que marcaron su funcionamiento, para poder dar continuidad a esta gran obra\u201d.<\/p>\n\n\n\n<p>Adem\u00e1s, el Sindicato Nacional de Trabajadores de la Cultura entreg\u00f3 la medalla Ra\u00fal G\u00f3mez Garc\u00eda a Mayl\u00edn Vidal, Eduardo Rodr\u00edguez y Ana Luisa Brown.<\/p>\n\n\n\n<p>En la actividad participaron trabajadores del centro, exempleados, expresidentes y familiares de quienes dejaron su huella en Prensa Latina.<\/p>\n\n\n\n<p>La agencia naci\u00f3 en el contexto del enfrentamiento de la triunfante Revoluci\u00f3n cubana a las campa\u00f1as de desinformaci\u00f3n de los monopolios medi\u00e1ticos de la \u00e9poca, con una definida l\u00ednea editorial de \u00abobjetiva, pero no imparcial\u00bb.<\/p>\n\n\n\n<p>Actualmente transmite m\u00e1s de 400 noticias diarias en seis idiomas, fomenta el uso de herramientas web innovadoras y tiene convenios con dis\u00edmiles medios de comunicaci\u00f3n e instituciones.<\/p>\n\n\n\n<p>mgt\/cgc<a href=\"https:\/\/www.prensa-latina.cu\/wp-content\/uploads\/2022\/06\/DSC6664.jpg\"><\/a><a href=\"https:\/\/www.prensa-latina.cu\/wp-content\/uploads\/2022\/06\/DSC6662.jpg\"><\/a><a href=\"https:\/\/www.prensa-latina.cu\/wp-content\/uploads\/2022\/06\/DSC6656.jpg\"><\/a><a href=\"https:\/\/www.prensa-latina.cu\/wp-content\/uploads\/2022\/06\/DSC6653.jpg\"><\/a><\/p>\n\n\n\n<ul class=\"wp-block-list\"><li>#<a href=\"https:\/\/www.prensa-latina.cu\/tags\/agencia\">agencia<\/a>&nbsp;#<a href=\"https:\/\/www.prensa-latina.cu\/tags\/aniversario\">aniversario<\/a>&nbsp;#<a href=\"https:\/\/www.prensa-latina.cu\/tags\/cuba\">cuba<\/a>&nbsp;#<a href=\"https:\/\/www.prensa-latina.cu\/tags\/fundacion\">Fundacion<\/a>&nbsp;#<a href=\"https:\/\/www.prensa-latina.cu\/tags\/prensa-latina\">Prensa Latina<\/a><\/li><\/ul>\n","protected":false},"excerpt":{"rendered":"<p>La Habana, 16 jun (Prensa Latina) El presidente de la Agencia Informativa Latinoamericana Prensa Latina, Luis Enrique Gonz\u00e1lez, subray\u00f3 hoy el compromiso del medio con sus principios fundacionales ante un entorno complejo, en el aniversario 63 de su creaci\u00f3n en Cuba. junio 16, 2022 CDT12:19 (GMT) -0400 En una actividad desarrollada en esta capital por [&hellip;]<\/p>\n","protected":false},"author":28,"featured_media":362025,"comment_status":"closed","ping_status":"closed","sticky":true,"template":"","format":"standard","meta":{"footnotes":""},"categories":[23,27],"tags":[3556],"class_list":["post-362024","post","type-post","status-publish","format-standard","has-post-thumbnail","hentry","category-internacional","category-portada","tag-prensa-latina"],"_links":{"self":[{"href":"https:\/\/diariodominicano.com\/index.php?rest_route=\/wp\/v2\/posts\/362024","targetHints":{"allow":["GET"]}}],"collection":[{"href":"https:\/\/diariodominicano.com\/index.php?rest_route=\/wp\/v2\/posts"}],"about":[{"href":"https:\/\/diariodominicano.com\/index.php?rest_route=\/wp\/v2\/types\/post"}],"author":[{"embeddable":true,"href":"https:\/\/diariodominicano.com\/index.php?rest_route=\/wp\/v2\/users\/28"}],"replies":[{"embeddable":true,"href":"https:\/\/diariodominicano.com\/index.php?rest_route=%2Fwp%2Fv2%2Fcomments&post=362024"}],"version-history":[{"count":1,"href":"https:\/\/diariodominicano.com\/index.php?rest_route=\/wp\/v2\/posts\/362024\/revisions"}],"predecessor-version":[{"id":362026,"href":"https:\/\/diariodominicano.com\/index.php?rest_route=\/wp\/v2\/posts\/362024\/revisions\/362026"}],"wp:featuredmedia":[{"embeddable":true,"href":"https:\/\/diariodominicano.com\/index.php?rest_route=\/wp\/v2\/media\/362025"}],"wp:attachment":[{"href":"https:\/\/diariodominicano.com\/index.php?rest_route=%2Fwp%2Fv2%2Fmedia&parent=362024"}],"wp:term":[{"taxonomy":"category","embeddable":true,"href":"https:\/\/diariodominicano.com\/index.php?rest_route=%2Fwp%2Fv2%2Fcategories&post=362024"},{"taxonomy":"post_tag","embeddable":true,"href":"https:\/\/diariodominicano.com\/index.php?rest_route=%2Fwp%2Fv2%2Ftags&post=362024"}],"curies":[{"name":"wp","href":"https:\/\/api.w.org\/{rel}","templated":true}]}}