{"id":362001,"date":"2022-06-16T14:47:23","date_gmt":"2022-06-16T18:47:23","guid":{"rendered":"http:\/\/diariodominicano.com\/?p=362001"},"modified":"2022-06-16T15:06:47","modified_gmt":"2022-06-16T19:06:47","slug":"instituto-duartiano-resalta-meritos-de-maria-trinidad-sanchez-en-288-aniversario-de-su-natalicio","status":"publish","type":"post","link":"https:\/\/diariodominicano.com\/?p=362001","title":{"rendered":"Instituto Duartiano resalta m\u00e9ritos de Mar\u00eda Trinidad S\u00e1nchez en 288 aniversario de su natalicio"},"content":{"rendered":"\n<p> Directivos y miembros del Instituto Duartiano durante la ofrenda floral efectuada este jueves. <\/p>\n\n\n\n<figure class=\"wp-block-image size-large\"><img loading=\"lazy\" decoding=\"async\" width=\"683\" height=\"1024\" src=\"https:\/\/diariodominicano.com\/wp-content\/uploads\/2022\/06\/Maria-Trinidad-Sanchez-BustoLa-sobrina-bisnieta-de-Maria-Trinidad-Sanchez-quien-lleva-su-mismo-nombre-asistio-a-los-actos.-683x1024.jpg\" alt=\"\" class=\"wp-image-362005\" srcset=\"https:\/\/diariodominicano.com\/wp-content\/uploads\/2022\/06\/Maria-Trinidad-Sanchez-BustoLa-sobrina-bisnieta-de-Maria-Trinidad-Sanchez-quien-lleva-su-mismo-nombre-asistio-a-los-actos.-683x1024.jpg 683w, https:\/\/diariodominicano.com\/wp-content\/uploads\/2022\/06\/Maria-Trinidad-Sanchez-BustoLa-sobrina-bisnieta-de-Maria-Trinidad-Sanchez-quien-lleva-su-mismo-nombre-asistio-a-los-actos.-200x300.jpg 200w, https:\/\/diariodominicano.com\/wp-content\/uploads\/2022\/06\/Maria-Trinidad-Sanchez-BustoLa-sobrina-bisnieta-de-Maria-Trinidad-Sanchez-quien-lleva-su-mismo-nombre-asistio-a-los-actos.-768x1152.jpg 768w, https:\/\/diariodominicano.com\/wp-content\/uploads\/2022\/06\/Maria-Trinidad-Sanchez-BustoLa-sobrina-bisnieta-de-Maria-Trinidad-Sanchez-quien-lleva-su-mismo-nombre-asistio-a-los-actos.-1024x1536.jpg 1024w, https:\/\/diariodominicano.com\/wp-content\/uploads\/2022\/06\/Maria-Trinidad-Sanchez-BustoLa-sobrina-bisnieta-de-Maria-Trinidad-Sanchez-quien-lleva-su-mismo-nombre-asistio-a-los-actos.-1365x2048.jpg 1365w, https:\/\/diariodominicano.com\/wp-content\/uploads\/2022\/06\/Maria-Trinidad-Sanchez-BustoLa-sobrina-bisnieta-de-Maria-Trinidad-Sanchez-quien-lleva-su-mismo-nombre-asistio-a-los-actos.-816x1224.jpg 816w, https:\/\/diariodominicano.com\/wp-content\/uploads\/2022\/06\/Maria-Trinidad-Sanchez-BustoLa-sobrina-bisnieta-de-Maria-Trinidad-Sanchez-quien-lleva-su-mismo-nombre-asistio-a-los-actos.-scaled.jpg 1707w\" sizes=\"auto, (max-width: 683px) 100vw, 683px\" \/><figcaption>La sobrina biznieta  de la hero\u00edna que honra su nombre, Mar\u00eda Trinidad S\u00e1nchez,  presente en el acto.<\/figcaption><\/figure>\n\n\n\n<p><em><strong>La hero\u00edna, t\u00eda del patricio Francisco del Rosario S\u00e1nchez, es una digna representante del liderazgo femenino de su \u00e9poca y figura entre las mujeres que confeccionaron los primeros ejemplares de la bandera dominicana.<\/strong><\/em><\/p>\n\n\n\n<figure class=\"wp-block-image size-large\"><img loading=\"lazy\" decoding=\"async\" width=\"1024\" height=\"683\" src=\"https:\/\/diariodominicano.com\/wp-content\/uploads\/2022\/06\/El-presidente-del-Instituto-Duartiano-Wilson-Gomez-Ramirez-se-dirige-a-los-presentes.-1-1024x683.jpg\" alt=\"\" class=\"wp-image-362007\" srcset=\"https:\/\/diariodominicano.com\/wp-content\/uploads\/2022\/06\/El-presidente-del-Instituto-Duartiano-Wilson-Gomez-Ramirez-se-dirige-a-los-presentes.-1-1024x683.jpg 1024w, https:\/\/diariodominicano.com\/wp-content\/uploads\/2022\/06\/El-presidente-del-Instituto-Duartiano-Wilson-Gomez-Ramirez-se-dirige-a-los-presentes.-1-300x200.jpg 300w, https:\/\/diariodominicano.com\/wp-content\/uploads\/2022\/06\/El-presidente-del-Instituto-Duartiano-Wilson-Gomez-Ramirez-se-dirige-a-los-presentes.-1-768x512.jpg 768w, https:\/\/diariodominicano.com\/wp-content\/uploads\/2022\/06\/El-presidente-del-Instituto-Duartiano-Wilson-Gomez-Ramirez-se-dirige-a-los-presentes.-1-1536x1024.jpg 1536w, https:\/\/diariodominicano.com\/wp-content\/uploads\/2022\/06\/El-presidente-del-Instituto-Duartiano-Wilson-Gomez-Ramirez-se-dirige-a-los-presentes.-1-2048x1365.jpg 2048w, https:\/\/diariodominicano.com\/wp-content\/uploads\/2022\/06\/El-presidente-del-Instituto-Duartiano-Wilson-Gomez-Ramirez-se-dirige-a-los-presentes.-1-816x544.jpg 816w\" sizes=\"auto, (max-width: 1024px) 100vw, 1024px\" \/><\/figure>\n\n\n\n<p> El presidente del Instituto Duartiano, Wilson G\u00f3mez Ram\u00edrez, se dirige a los presentes. <\/p>\n\n\n\n<p><strong>Santo Domingo, RD.-<\/strong> El presidente del Instituto Duartiano, Wilson G\u00f3mez Ram\u00edrez, destac\u00f3 que Mar\u00eda Trinidad S\u00e1nchez es una de las hero\u00ednas de la patria con mayor valent\u00eda, que prefiri\u00f3 la muerte antes que aceptar ser perdonada si delataba a sus compa\u00f1eros trinitarios, que luchaban contra el proyecto de entrega del territorio dominicano a intereses extranjeros.<\/p>\n\n\n\n<p>El doctor G\u00f3mez Ram\u00edrez intervino en una ofrenda floral que deposit\u00f3 el organismo en coordinaci\u00f3n con la Comisi\u00f3n Permanente de Efem\u00e9rides Patrias, al conmemorarse este jueves el 228 aniversario del nacimiento de Mar\u00eda Trinidad S\u00e1nchez, efectuado en la plazoleta que lleva el nombre de la hero\u00edna, ubicada entre las calles Mercedes y 19 de marzo, en la Ciudad Colonial, y cont\u00f3 con la asistencia de directivos y colaboradores.<\/p>\n\n\n\n<p><br>El presidente del Instituto Duartiano precis\u00f3 que \u201cMar\u00eda Trinidad S\u00e1nchez constituye un elevado ejemplo de firmeza, de honestidad y entrega a favor del elevado inter\u00e9s de la Naci\u00f3n, y ella tiene que ser recordada como una mujer de un coraje extraordinario que, conducida al pat\u00edbulo, desde la fortaleza Ozama al cementerio, al pasar por la Puerta del Conde, elev\u00f3 su intensidad de voz para exclamar: \u00a1Dios m\u00edo, c\u00famplase en m\u00ed tu voluntad y s\u00e1lvese la Rep\u00fablica!\u201d.<\/p>\n\n\n\n<p>\u201cEsta excepcional mujer que se mantuvo activa desde la fundaci\u00f3n sociedad patri\u00f3tica Trinitaria en 1838, en la proclamaci\u00f3n de la Independencia Nacional, el 27 de febrero de 1844, llevando en sus faldas cartuchos y p\u00f3lvora, parte de los cuales estuvieron en el escenario de la hoy Puerta del Conde, aquella noche de gloria, cuando se elev\u00f3 a los cielos de la Patria el lienzo nacional a cuya confecci\u00f3n contribuy\u00f3, y mantuvo con la mayor coherencia sus acciones y principios hasta el \u00faltimo d\u00eda de su valiosa vida\u201d, Indic\u00f3.<\/p>\n\n\n\n<figure class=\"wp-block-image size-large is-resized\"><img loading=\"lazy\" decoding=\"async\" src=\"https:\/\/diariodominicano.com\/wp-content\/uploads\/2022\/06\/Maria-Trinidad-Sanchez-un-aspecto-del-homenaje16062022-1024x683.jpg\" alt=\"\" class=\"wp-image-362008\" width=\"616\" height=\"410\" srcset=\"https:\/\/diariodominicano.com\/wp-content\/uploads\/2022\/06\/Maria-Trinidad-Sanchez-un-aspecto-del-homenaje16062022-1024x683.jpg 1024w, https:\/\/diariodominicano.com\/wp-content\/uploads\/2022\/06\/Maria-Trinidad-Sanchez-un-aspecto-del-homenaje16062022-300x200.jpg 300w, https:\/\/diariodominicano.com\/wp-content\/uploads\/2022\/06\/Maria-Trinidad-Sanchez-un-aspecto-del-homenaje16062022-768x512.jpg 768w, https:\/\/diariodominicano.com\/wp-content\/uploads\/2022\/06\/Maria-Trinidad-Sanchez-un-aspecto-del-homenaje16062022-1536x1024.jpg 1536w, https:\/\/diariodominicano.com\/wp-content\/uploads\/2022\/06\/Maria-Trinidad-Sanchez-un-aspecto-del-homenaje16062022-2048x1365.jpg 2048w, https:\/\/diariodominicano.com\/wp-content\/uploads\/2022\/06\/Maria-Trinidad-Sanchez-un-aspecto-del-homenaje16062022-816x544.jpg 816w\" sizes=\"auto, (max-width: 616px) 100vw, 616px\" \/><figcaption>Presentes en el homenaje a la hero\u00edna Mar\u00eda Trinidad S\u00e1nchez.<\/figcaption><\/figure>\n\n\n\n<p> <br><strong>Directivos del Instituto Duartiano en el acto de recordaci\u00f3n de la hero\u00edna. <\/strong><\/p>\n\n\n\n<p>G\u00f3mez Ram\u00edrez se\u00f1al\u00f3 que el d\u00e9spota general Santana acus\u00f3 a Mar\u00eda Trinidad de participar en acciones conspirativas contra su gobierno y de ayudar a los seguidores de Duarte a abastecerse de pertrechos, as\u00ed como por hacer llegar a sus compa\u00f1eros correspondencias escritas; ella, sufri\u00f3 el rigor de la prisi\u00f3n en la Torre del Homenaje, Fortaleza Ozama, donde se atac\u00f3 tantas veces la dignidad humana\u201d.<\/p>\n\n\n\n<p>El presidente del Instituto Duartiano agreg\u00f3 que \u201cMar\u00eda Trinidad S\u00e1nchez, es una digna representante del liderazgo femenino de su \u00e9poca, y figura entre las mujeres patriotas que confeccionaron los primeros ejemplares de la bandera dominicana, sus esfuerzos fueron permanentes, independientemente, de ser la t\u00eda del ilustre Patricio Francisco del Rosario S\u00e1nchez, ella alcanz\u00f3 alt\u00edsimos m\u00e9ritos propios, dado su significativo aporte a favor de la Patria\u201d.<\/p>\n\n\n\n<p>Por \u00faltimo, enfatiz\u00f3 que se record\u00f3 que el asesinato de Mar\u00eda Trinidad S\u00e1nchez se produjo el 27 de febrero de 1845, al cumplirse el primer aniversario de la proclamaci\u00f3n de la Independencia Nacional, y, en la ocasi\u00f3n, tambi\u00e9n fueron fusilados, ese mismo d\u00eda, el sobrino e hijo de crianza de la hero\u00edna, Andr\u00e9s S\u00e1nchez, y otros conjurados.<\/p>\n\n\n\n<p><strong>Sobre el Instituto Duartiano<\/strong><\/p>\n\n\n\n<p>El Instituto Duartiano es un organismo de car\u00e1cter oficial y aut\u00f3nomo, fundado el 26 de enero de 1964, y la Ley n\u00famero 127-01, del 27 de julio de 2001, que le otorg\u00f3 autonom\u00eda.<\/p>\n\n\n\n<p>Tiene como objetivo promover la historia, los ideales, los valores y el ejemplo del patricio Juan Pablo Duarte. Es la instituci\u00f3n responsable de la difusi\u00f3n de la vida y los ejemplos del Padre de la Patria, as\u00ed como la gloriosa historia de los dominicanos.<\/p>\n\n\n\n<p>Tiene la misi\u00f3n de llevar al pueblo dominicano la historia de Juan Pablo Duarte y tratar de que, por medio del conocimiento de sus ideales, laboriosidad, honestidad acrisolada, patriotismo, esp\u00edritu de servicio y vida ejemplar, exista un mejor ciudadano y una patria justa y feliz, como la so\u00f1\u00f3 el padre de la Patria.<\/p>\n\n\n\n<p>Enver L\u00f3pez Milander<a target=\"_blank\" href=\"mailto:enverolm2@gmail.com\" rel=\"noreferrer noopener\">enverolm2@gmail.com<\/a><\/p>\n\n\n\n<p><strong>Links para ver o descargar v\u00eddeo:<\/strong><\/p>\n\n\n\n<p><strong>Por YouTube:<\/strong><br>V\u00cdDEO 1:&nbsp;<a href=\"https:\/\/youtu.be\/kIYtVnsBhXk\" target=\"_blank\" rel=\"noreferrer noopener\">https:\/\/youtu.be\/kIYtVnsBhXk<\/a><br>V\u00cdDEO 2:&nbsp;<a href=\"https:\/\/youtu.be\/a74xcaB3dT8\" target=\"_blank\" rel=\"noreferrer noopener\">https:\/\/youtu.be\/a74xcaB3dT8<\/a><\/p>\n","protected":false},"excerpt":{"rendered":"<p>Directivos y miembros del Instituto Duartiano durante la ofrenda floral efectuada este jueves. La hero\u00edna, t\u00eda del patricio Francisco del Rosario S\u00e1nchez, es una digna representante del liderazgo femenino de su \u00e9poca y figura entre las mujeres que confeccionaron los primeros ejemplares de la bandera dominicana. El presidente del Instituto Duartiano, Wilson G\u00f3mez Ram\u00edrez, se [&hellip;]<\/p>\n","protected":false},"author":28,"featured_media":362002,"comment_status":"closed","ping_status":"","sticky":true,"template":"","format":"standard","meta":{"footnotes":""},"categories":[20,26,27],"tags":[],"class_list":["post-362001","post","type-post","status-publish","format-standard","has-post-thumbnail","hentry","category-dominicana-hoy","category-efemerides","category-portada"],"_links":{"self":[{"href":"https:\/\/diariodominicano.com\/index.php?rest_route=\/wp\/v2\/posts\/362001","targetHints":{"allow":["GET"]}}],"collection":[{"href":"https:\/\/diariodominicano.com\/index.php?rest_route=\/wp\/v2\/posts"}],"about":[{"href":"https:\/\/diariodominicano.com\/index.php?rest_route=\/wp\/v2\/types\/post"}],"author":[{"embeddable":true,"href":"https:\/\/diariodominicano.com\/index.php?rest_route=\/wp\/v2\/users\/28"}],"replies":[{"embeddable":true,"href":"https:\/\/diariodominicano.com\/index.php?rest_route=%2Fwp%2Fv2%2Fcomments&post=362001"}],"version-history":[{"count":7,"href":"https:\/\/diariodominicano.com\/index.php?rest_route=\/wp\/v2\/posts\/362001\/revisions"}],"predecessor-version":[{"id":362013,"href":"https:\/\/diariodominicano.com\/index.php?rest_route=\/wp\/v2\/posts\/362001\/revisions\/362013"}],"wp:featuredmedia":[{"embeddable":true,"href":"https:\/\/diariodominicano.com\/index.php?rest_route=\/wp\/v2\/media\/362002"}],"wp:attachment":[{"href":"https:\/\/diariodominicano.com\/index.php?rest_route=%2Fwp%2Fv2%2Fmedia&parent=362001"}],"wp:term":[{"taxonomy":"category","embeddable":true,"href":"https:\/\/diariodominicano.com\/index.php?rest_route=%2Fwp%2Fv2%2Fcategories&post=362001"},{"taxonomy":"post_tag","embeddable":true,"href":"https:\/\/diariodominicano.com\/index.php?rest_route=%2Fwp%2Fv2%2Ftags&post=362001"}],"curies":[{"name":"wp","href":"https:\/\/api.w.org\/{rel}","templated":true}]}}