{"id":36199,"date":"2008-04-23T04:55:38","date_gmt":"2008-04-23T04:55:38","guid":{"rendered":"http:\/\/diariodominicano.ddns.net\/?p=36199"},"modified":"2008-04-23T04:55:38","modified_gmt":"2008-04-23T04:55:38","slug":"el-sube-y-sube-del-petroleo-los-alimentos-y-la-inflacion","status":"publish","type":"post","link":"https:\/\/diariodominicano.com\/?p=36199","title":{"rendered":"El sube y sube del petr\u00f3leo, los alimentos y la inflaci\u00f3n"},"content":{"rendered":"<p><body><\/p>\n<p align=\"left\" class=\"text1noticias\">An\u00e1lisis Pol\u00edtico y  Social Nacional e Internacional<br \/>&#13;<br \/>\n  <br \/>&#13;<br \/>\n  De Venezuela y el Resto  del Mundo.<br \/>&#13;<br \/>\n  <br \/>&#13;<br \/>\n Director:  Diego Olivera. Jefe de Redacci\u00f3n: Miguel Guaglianone<\/p>\n<p>&#13;<\/p>\n<p class=\"text1noticias\">Energ\u00eda y  alimentos. <\/p>\n<p>&#13;<\/p>\n<p class=\"titulogrande1\"><strong>El sube y sube del petr\u00f3leo, los alimentos y la inflaci\u00f3n<\/strong><\/p>\n<p>&#13;<\/p>\n<p><strong>Por<\/strong><span class=\"textogrande\"> Eduardo Andrade Bone<\/span><\/p>\n<p>&#13;<\/p>\n<p align=\"justify\" class=\"text1noticias\">Desde el momento mismo que se hace evidente\u00a0 la recesi\u00f3n econ\u00f3mica vivida por los Estados  Unidos y la denominada crisis econ\u00f3mica y financiera en que se encuentra sumida  la econ\u00f3mica Norteam\u00e9rica, y con los coletazos respectivos al resto del mundo, hemos  comenzado a asistir imp\u00e1vidos a la subida permanente de los precios del  petr\u00f3leo, el encarecimiento de los productos de la denominada canasta b\u00e1sica y  el crecimiento gradual de la inflaci\u00f3n, todo lo que por cierto va teniendo un efecto en las condiciones  de vida de la clase trabajadora y los sectores sociales de menores ingresos a  escala global.<\/p>\n<p>&#13;<\/p>\n<p align=\"justify\" class=\"text1noticias\">Ni la mala gesti\u00f3n econ\u00f3mica del gobierno terrorista y  genocida de la Casa Blanca,  ni todos los dioses y expertos econ\u00f3micos del capital neoliberal, aglutinados  en la FED, en el  FMI, el BM y otras entidades mafiosas al servicio de los intereses del capital  multinacional, fueron capaces de \u201cprever\u201d se dice, la actual cat\u00e1strofe en que  esta sumido el capital neoliberal en los m\u00e1s diversos pa\u00edses del planeta y cuyo  origen esta en los Estados Unidos.<\/p>\n<p>&#13;<\/p>\n<p align=\"justify\" class=\"text1noticias\">Pero no solo eso, los medios de comunicaci\u00f3n de centro  derecha del planeta, que han comenzado a desatar una campa\u00f1a feroz en contra de  China, para hacer fracasar los Juegos Ol\u00edmpicos, ahora pretende decir que todos  los males de la econom\u00eda mundial son producto del crecimiento econ\u00f3mico de  China y la India,  puesto que estos pa\u00edses ahora consumen m\u00e1s alimentos y m\u00e1s energ\u00eda, cuesti\u00f3n  que no deja de ser verdad, pero que por otro lados nos indica que las  condiciones de vida en estos dos pa\u00edses han ido mejorando gradualmente,  mientras que en el mundo occidental las injusticias, las desigualdades sociales  y la brecha entre ricos y pobres crece\u00a0paulatinamente.<\/p>\n<p>&#13;<\/p>\n<p align=\"justify\" class=\"text1noticias\">Lo cierto y lo concreto es que al escribir esta nota, los  precios del petr\u00f3leo del barril de crudo de Texas super\u00f3\u00a0 los 115 d\u00f3lares minutos antes de concluir la  sesi\u00f3n en Nueva York, en una jornada muy vol\u00e1til y en la que se conoci\u00f3 adem\u00e1s  que \u201cbajaron las reservas de crudo y gasolina en Estados Unidos\u201d, en nada menos  que 5,5 millones de barriles, durante cinco semanas consecutivas.<\/p>\n<p>&#13;<\/p>\n<p align=\"justify\" class=\"text1noticias\">Mientras que el petr\u00f3leo procedente de la OPEP, su precio alcanzaba los  106,65 d\u00f3lares por barril. Pero junto con la subida de los precios de la vital  materia prima energ\u00e9tica, hemos venido asistiendo adem\u00e1s, a la debacle del  d\u00f3lar de forma paulatina. El d\u00f3lar estadounidense sufri\u00f3 en estos d\u00edas su peor  ca\u00edda frente al euro en tres semanas debido a la subida de la inflaci\u00f3n en  EE.UU. a su nivel m\u00e1s elevado en el transcurso de16 a\u00f1os, lo que a su vez ha  estado tirando para arriba los precios del crudo.<\/p>\n<p>&#13;<\/p>\n<p align=\"justify\" class=\"text1noticias\">Al parecer los expertos alemanes del Instituto Alem\u00e1n de  Investigaciones Econ\u00f3micas (DIW), se han quedado corto en sus predicciones con  respecto al precio del crudo, puesto que seg\u00fan ellos el precio del petr\u00f3leo  seguir\u00e1 subiendo y alcanzara un precio entre los 100 y 150 d\u00f3lares en el  transcurso de cinco a\u00f1os, seg\u00fan publicaba en su edici\u00f3n de enero pasado el  diario germano \u00abBerliner Zeitung\u00bb. Sin embargo en el lapso de casi  cuatro meses del presente a\u00f1o, el valor del d\u00f3lar ya va en los 115 y 106  d\u00f3lares respectivamente el barril.\u00a0 <\/p>\n<p>&#13;<\/p>\n<p align=\"justify\" class=\"text1noticias\">De acuerdo a los especialistas alemanes del DIW, como  Claudia Kemfert, se\u00f1alan que \u201clas reservas de petr\u00f3leo son cada vez m\u00e1s  escasas, y eso seguir\u00e1 impulsando los precios. Advirti\u00f3 adem\u00e1s que la \u00faltima  subida del precio del crudo est\u00e1 vinculada en gran medida a la especulaci\u00f3n:  \u00abLa parte del precio del crudo que se debe a la especulaci\u00f3n podr\u00eda ser del 20  por ciento\u00bb, afirm\u00f3 la experta energ\u00e9tica. Especulaci\u00f3n que tiene su origen en  el manejo de la propia econom\u00eda decadente estadounidense, expresan otros  expertos econ\u00f3micos internacionales.<\/p>\n<p>&#13;<\/p>\n<p align=\"justify\" class=\"text1noticias\">Ahora la desbocada subida de los precios del crudo en sus  dos expresiones (Texas Brent-Opep), va a seguir teniendo una incidencia en los  precios de los alimentos de primera necesidad en todo el mundo. Pero adem\u00e1s  todos los productos que dependen del petr\u00f3leo para su elaboraci\u00f3n, tendr\u00e1n que  ir al alza de forma gradual y como lo determine la crisis econ\u00f3mica y  financiera en que nos a sumido el criminal de guerra G.W. Bush y las mafias  econ\u00f3micas del capital neoliberal a trav\u00e9s del mundo.\u00a0 <\/p>\n<p>&#13;<\/p>\n<p align=\"justify\" class=\"text1noticias\">Ahora la subida en los precios del petr\u00f3leo y por ende de  los precios de los alimentos b\u00e1sicos, no solo van afectando de manera brutal a  los pa\u00edses m\u00e1s pobres, sino que adem\u00e1s el alza de los alimentos ha comenzado a  afectar desde Estocolmo hasta Santiago de Chile. De all\u00ed que el alza del precio  del petr\u00f3leo como de los alimentos se esta tornando en una gran amenaza para el  poder adquisitivo de los sectores de menores ingresos de cualquier pa\u00eds del  mundo. Al respecto el presidente de turno de la OPEP, el argelino Chakib Jelil, (05.03.08)  replic\u00f3 con dureza que los altos precios no se deben a la falta de oferta de  crudo, sino a la \u00abmala gesti\u00f3n\u00bb de la econom\u00eda estadounidense,  responsable de \u00abla crisis financiera, la devaluaci\u00f3n del d\u00f3lar y las  especulaciones en el mercado\u00bb.<\/p>\n<p>&#13;<\/p>\n<p align=\"justify\" class=\"text1noticias\">Pero vamos viendo, los propios sostenedores del sistema  capitalista mundial sin ning\u00fan tipo de impudicia expresan que\u2026\u201d habr\u00e1 muchas  v\u00edctimas por la crisis financiera global\u201d, as\u00ed lo indic\u00f3 el ex presidente de la Reserva Federal  Alan Greenspan (16.03.08). El presidente del BM, Robert Zoellick, ha  pronosticado que los precios de los alimentos seguir\u00e1n altos este a\u00f1o y el  pr\u00f3ximo. Zoellick ha se\u00f1alado que la situaci\u00f3n es producto de varios factores,  como el mayor \u00e9nfasis en la producci\u00f3n de biocombustibles, que ha reducido el  espacio de tierra que se destina al cultivo de otros alimentos. \u00abAl mismo  tiempo uno se encuentra con que las existencias mundiales de alimentos son  bastante bajas\u00bb, enfatiz\u00f3 el titular del BM, quien ha indicado que no hay  mucho margen para aumentar los niveles de producci\u00f3n, lo que explica que la  tendencia de los precios sea alcista (07.04.08).<\/p>\n<p>&#13;<\/p>\n<p align=\"justify\" class=\"text1noticias\">Lo cierto es que los precios de los alimentos de primera  necesidad se han encarecido un 80% desde 2005 y amenazan con desestabilizar a  distintos pa\u00edses en Latinoam\u00e9rica \u00c1frica, Asia, seg\u00fan el Banco Mundial.  \u00abEstados Unidos, la   Uni\u00f3n Europea, Jap\u00f3n y otros pa\u00edses de la OCDE (Organizaci\u00f3n para la Cooperaci\u00f3n y el  Desarrollo Econ\u00f3mico) deben actuar ahora para cubrir ese vac\u00edo o muchas m\u00e1s  personas sufrir\u00e1n y pasar\u00e1n hambre en el mundo\u00bb, ha expresado Robert  Zoellick. <\/p>\n<p>&#13;<\/p>\n<p align=\"justify\" class=\"text1noticias\">Por su parte el director del Fondo Monetario  Internacional (FMI), Dominique Strauss-Kahn, se\u00f1al\u00f3\u00a0 los peligros que est\u00e1n ocasionando el alza de  los precios de los alimentos en todo el mundo y advirti\u00f3 de que cientos de  miles de personas pasar\u00e1n hambre si contin\u00faan subiendo. Strauss- Kahn destac\u00f3  tambi\u00e9n la crisis social que est\u00e1n causando las \u00faltimas subidas de precios y  a\u00f1adi\u00f3 que pueden llegar a producirse conflictos sociales que afectar\u00e1n a los  m\u00e1s diversos puntos del planeta\u201d (13.04.08).<\/p>\n<p>&#13;<\/p>\n<p align=\"justify\" class=\"text1noticias\">Ahora como resultado de la debacle econ\u00f3mica y financiera  del gobierno de Bush y las mafias del capital neoliberal, representadas por la FED, el FMI, el BM y otras  entidades dedicadas a la especulaci\u00f3n econ\u00f3mica internacional se comienza  a\u00a0 disparar la inflaci\u00f3n, que de acuerdo  al pa\u00eds es como tiene que enfrentar este flagelo de la econom\u00eda capitalista, la  que por cierto tiene una incidencia directa en el precio de los producto  alimenticios, en donde adem\u00e1s nadie tiene cojones para parar el contubernio  entre grandes productores de alimentos, distribuidores y comercializadores de la  canasta b\u00e1sica de la alimentaci\u00f3n.<\/p>\n<p>&#13;<\/p>\n<p align=\"justify\" class=\"text1noticias\">Lo que si esta claro, es que producto de la globalizaci\u00f3n  unilateral del capital neoliberal, es que se comienza extender la hambruna por  el mundo. Por otro lado la producci\u00f3n de biocombustibles esta significando el  uso de enormes cantidades de tierra en la producci\u00f3n de granos que sirva para  la producci\u00f3n de etanol, en perjuicio de la producci\u00f3n de alimentos, por ello  el encarecimiento de la canasta b\u00e1sica va teniendo una consecuencia brutal en  los pa\u00edses en v\u00edas de desarrollo. <\/p>\n<p>&#13;<\/p>\n<p align=\"justify\" class=\"text1noticias\">Para nadie es un misterio que la econom\u00eda reinante en el  mundo, es la de capital neoliberal, disfrazada de libre comercio, de un salvaje  y alienante mercado libre, y que es la  \u00fanica responsable de la actual crisis econ\u00f3mica y financiera que viven los  capitales, pero que afecta en primer lugar a los que tienen ingresos de  sobrevivencia en cualquier parte del mundo.<\/p>\n<p>&#13;<\/p>\n<p align=\"justify\" class=\"text1noticias\">La pregunta final que cabe hacerse al respecto, es saber  hacia donde se encaminan los intentos y los objetivos de los diferentes polos  del capital mundial, al continuar empujando la crisis en una escalada que ya se  conoce como ha comenzado, pero no como va a terminar. Lo claro hasta el  momento, es que los Estados Unidos y sus empresas trasnacionales, van por el  saqueo del planeta, por el control de todos y cada uno de los recursos  naturales m\u00e1s importantes, est\u00e1n por desarrollar los conflictos b\u00e9licos  preventivos y de baja intensidad con el objeto de imponerle su hegemon\u00eda  econ\u00f3mica, pol\u00edtica y militar al resto del mundo, incluso a sus aliados m\u00e1s  inmediatos, si es necesario.<\/p>\n<p>&#13;<\/p>\n<p align=\"justify\" class=\"text1noticias\">E-mail: edomalme@gmail.com<\/p>\n<p>&#13;<\/p>\n<h6> 2008-04-23 04:55:38 <\/h6>\n<p><!--\n<link rel=\"stylesheet\" href=\"css\/bootstrap.min.css\">\n\n\n<ul class=\"pagination\">\n\t    \n\t\n\n<li >\n\t<a href='?page_no=12085'>Previous<\/a>\n\t<\/li>\n\n\n       \n    \n\n<li><a href='?page_no=1'>1<\/a><\/li>\n\n\n\n<li><a href='?page_no=2'>2<\/a><\/li>\n\n\n\n<li><a>...<\/a><\/li>\n\n\n\n<li><a href='?page_no=12084'>12084<\/a><\/li>\n\n\n\n<li><a href='?page_no=12085'>12085<\/a><\/li>\n\n\n\n<li class='active'><a>12086<\/a><\/li>\n\n\n\n<li><a href='?page_no=12087'>12087<\/a><\/li>\n\n\n\n<li><a href='?page_no=12088'>12088<\/a><\/li>\n\n\n\n<li><a>...<\/a><\/li>\n\n\n\n<li><a href='?page_no=13611'>13611<\/a><\/li>\n\n\n\n<li><a href='?page_no=13612'>13612<\/a><\/li>\n\n    \n\t\n\n<li >\n\t<a href='?page_no=12087'>Next<\/a>\n\t<\/li>\n\n\n    \n\n<li><a href='?page_no=13612'>Last &rsaquo;&rsaquo;<\/a><\/li>\n\n<\/ul>\n\n\n--><br \/>\n<\/body><\/p>\n","protected":false},"excerpt":{"rendered":"<p>An\u00e1lisis Pol\u00edtico y Social Nacional e Internacional&#13; &#13; De Venezuela y el Resto del Mundo.&#13; &#13; Director: Diego Olivera. Jefe de Redacci\u00f3n: Miguel Guaglianone &#13; Energ\u00eda y alimentos. &#13; El sube y sube del petr\u00f3leo, los alimentos y la inflaci\u00f3n &#13; Por Eduardo Andrade Bone &#13; Desde el momento mismo que se hace evidente\u00a0 la [&hellip;]<\/p>\n","protected":false},"author":3,"featured_media":0,"comment_status":"open","ping_status":"open","sticky":false,"template":"","format":"standard","meta":{"footnotes":""},"categories":[16],"tags":[],"class_list":["post-36199","post","type-post","status-publish","format-standard","hentry","category-opiniones"],"_links":{"self":[{"href":"https:\/\/diariodominicano.com\/index.php?rest_route=\/wp\/v2\/posts\/36199","targetHints":{"allow":["GET"]}}],"collection":[{"href":"https:\/\/diariodominicano.com\/index.php?rest_route=\/wp\/v2\/posts"}],"about":[{"href":"https:\/\/diariodominicano.com\/index.php?rest_route=\/wp\/v2\/types\/post"}],"author":[{"embeddable":true,"href":"https:\/\/diariodominicano.com\/index.php?rest_route=\/wp\/v2\/users\/3"}],"replies":[{"embeddable":true,"href":"https:\/\/diariodominicano.com\/index.php?rest_route=%2Fwp%2Fv2%2Fcomments&post=36199"}],"version-history":[{"count":0,"href":"https:\/\/diariodominicano.com\/index.php?rest_route=\/wp\/v2\/posts\/36199\/revisions"}],"wp:attachment":[{"href":"https:\/\/diariodominicano.com\/index.php?rest_route=%2Fwp%2Fv2%2Fmedia&parent=36199"}],"wp:term":[{"taxonomy":"category","embeddable":true,"href":"https:\/\/diariodominicano.com\/index.php?rest_route=%2Fwp%2Fv2%2Fcategories&post=36199"},{"taxonomy":"post_tag","embeddable":true,"href":"https:\/\/diariodominicano.com\/index.php?rest_route=%2Fwp%2Fv2%2Ftags&post=36199"}],"curies":[{"name":"wp","href":"https:\/\/api.w.org\/{rel}","templated":true}]}}