{"id":36197,"date":"2008-04-23T05:04:58","date_gmt":"2008-04-23T05:04:58","guid":{"rendered":"http:\/\/diariodominicano.ddns.net\/?p=36197"},"modified":"2008-04-23T05:04:58","modified_gmt":"2008-04-23T05:04:58","slug":"gobierno-sueco-autoriza-venta-de-armas-a-colombia","status":"publish","type":"post","link":"https:\/\/diariodominicano.com\/?p=36197","title":{"rendered":"Gobierno sueco autoriza venta de armas a Colombia"},"content":{"rendered":"<p><body><\/p>\n<p><span class=\"text1noticias\">La neutral Suecia toma partido en el conflicto  colombiano<\/span><br \/>&#13;<br \/>\n    <span class=\"titulogrande1\"><br \/>&#13;<br \/>\n    <strong>Gobierno sueco autoriza venta de armas a Colombia<\/strong><\/span><\/p>\n<p>&#13;<\/p>\n<p class=\"textogrande\">Ricardo Daher. <\/p>\n<p>&#13;<\/p>\n<p align=\"justify\" class=\"text1noticias\">Pese a que la ley sueca impide la venta de armas a pa\u00edses  en conflictos armados, donde se violen los derechos humanos, o se encuentren en  guerra con otras naciones, una comisi\u00f3n especial que regula el cumplimiento de  esa norma, autoriz\u00f3 a la empresa Saab a vender equipos b\u00e9licos a Colombia.<\/p>\n<p>&#13;<\/p>\n<p align=\"justify\" class=\"text1noticias\">La decisi\u00f3n se anunci\u00f3 coincidiendo con la visita del  vicepresidente colombiano, Francisco Santos Calder\u00f3n.<\/p>\n<p>&#13;<\/p>\n<p align=\"justify\" class=\"text1noticias\">En Suecia funciona un grupo  parlamentario que se re\u00fane peri\u00f3dicamente con los responsables de conceder los  permisos de exportaci\u00f3n de armas. Los parlamentarios deben velar para que se  respeten los lineamientos de control en la materia. Por ejemplo, no se debe  autorizar la venta a pa\u00edses en guerra o si se considera que existen graves  violaciones a los derechos humanos. Adem\u00e1s, seg\u00fan los lineamientos de la  pol\u00edtica exterior, tambi\u00e9n se debe tener en cuanto la vigencia y promoci\u00f3n de  la democracia en los pa\u00edses receptores del armamento sueco.<\/p>\n<p>&#13;<\/p>\n<p align=\"justify\" class=\"text1noticias\">Sin embargo esta semana, la comisi\u00f3n especial resolvi\u00f3  autorizar a que la empresa Saab pueda iniciar las tratativas para vender a  Colombia el radar de aviaci\u00f3n militar Erieye y eventualmente tambi\u00e9n aviones. El  sistema Erieye ya fue vendido a M\u00e9xico y Pakist\u00e1n, y se comenz\u00f3 a negociar su  venta a Arabia Saudita el pasado a\u00f1o.<\/p>\n<p>&#13;<\/p>\n<p align=\"justify\" class=\"text1noticias\">Curiosamente, en 2006, el entonces gobierno  socialdem\u00f3crata de G\u00f6ran Persson, desautoriz\u00f3 a la empresa Bofors, del grupo  Saab, a vender repuestos de ca\u00f1ones antia\u00e9reos a Venezuela, tras aceptar el  reclamo norteamericano de considerar a ese pa\u00eds como un \u00abgobierno  peligroso\u00bb.<\/p>\n<p>&#13;<\/p>\n<p align=\"justify\" class=\"text1noticias\">Bofors hab\u00eda vendido y abastecido a Venezuela por casi 20  a\u00f1os sin ning\u00fan cuestionamiento.<\/p>\n<p>&#13;<\/p>\n<p align=\"justify\" class=\"text1noticias\">En la p\u00e1gina del Ministerio de Relaciones Exteriores de  Suecia que presenta sus v\u00ednculos con Colombia, se sostiene que en el pa\u00eds  existe un conflicto armado desde hace casi medio siglo, y que ha provocado un  desatre humanitario, con el desplazamiento forzoso de 3 millones de habitantes.}<\/p>\n<p>&#13;<\/p>\n<p align=\"justify\" class=\"text1noticias\">Canciller\u00eda tambi\u00e9n ha recibido informes que se\u00f1alan que  en Colombia, \u201cel ej\u00e9rcito ha cometido graves cr\u00edmenes contra la poblaci\u00f3n civil  en ataques efectuados supuestamente contra la guerrilla\u201d. <br \/>&#13;<br \/>\n  \u00a0<br \/>&#13;<br \/>\n  El diario Dagens Nyheter adelanta las protestas de las  organizaciones Paz Sueca y Amnit\u00eda Internacional. Anna Ek, presidenta de la  organizaci\u00f3n Paz Sueca (Svenska Fred) destaca que \u201dteniendo en cuenta la actual  situaci\u00f3n en Colombia tendr\u00eda que estar totalmente descartado de que Suecia  exporte material militar a ese pa\u00eds.\u201d Por su parte, Maja \u00c5berg de Amnist\u00eda  Internacional sostiene que esta decisi\u00f3n del gobierno viola claramente las  existentes disposiciones legales en relaci\u00f3n a las exportaciones de armas: \u201cNo  podemos vender a pa\u00edses donde existe un conflicto o donde los derechos humanos  son violados.\u201d<br \/>&#13;<br \/>\n  \u00a0<br \/>&#13;<br \/>\n  El vocero del ministro de Relaciones Exteriores, declin\u00f3  comentar la situaci\u00f3n ante los requerimientos de la prensa.<\/p>\n<p>&#13;<\/p>\n<p align=\"justify\" class=\"text1noticias\">Esta no es la primera vez que la comisi\u00f3n parlamentaria  ignora la ley, y cada vez hay m\u00e1s voces en el gobierno para cambiar la  legislaci\u00f3n y vender armas a quien desee comprarla.<\/p>\n<p>&#13;<\/p>\n<p align=\"justify\" class=\"text1noticias\">En 2005, un informe preparado a pedido por el gobierno  socialdem\u00f3crata al ex parlamentario del Partido del Centro, Anders Sv\u00e4rd,  conclu\u00eda que \u00ablas normas legales que regulan la exportaci\u00f3n de materiales  b\u00e9licos instituidas en Suecia y actualizadas por \u00faltima vez en 1993 deben ser  actualizadas\u00bb. <\/p>\n<p>&#13;<\/p>\n<p align=\"justify\" class=\"text1noticias\">La l\u00edder del Partido del Centro y ministra de Comercio,  Maud Olofsson, ha sostenido anteriormente que hay que adecuar la ley y  acompa\u00f1ar las propuestas de Sv\u00e4rd. Rechaza que Suecia mantenga una pol\u00edtica  hip\u00f3crita de legislar contra la venta de armas a pa\u00edses en guerra y\/o  violadores de los derechos humanos. Lo que pasa, explica la ministra de  Comercio, es que hay que actualizar la ley.<br \/>&#13;<br \/>\n  .<br \/>&#13;<br \/>\n  En la misma posici\u00f3n est\u00e1 el ministro de Defensa. Sten  Tolgfors.\u00bbEn t\u00e9rminos generales cada pa\u00eds tiene derecho a defenderse,  despu\u00e9s la ley sueca indica como puede usarse el material b\u00e9lico vendido en  cada pa\u00eds. No hacemos negocios con todos los pa\u00edses, pero no tenemos una lista  negra sino que evaluamos cada caso en particular\u00bb sostuvo el ministro  cuando se lo consult\u00f3 por otros negocios de armas a gobiernos dictatoriales. <\/p>\n<p>&#13;<\/p>\n<h6> 2008-04-23 05:04:58 <\/h6>\n<p><!--\n<link rel=\"stylesheet\" href=\"css\/bootstrap.min.css\">\n\n\n<ul class=\"pagination\">\n\t    \n\t\n\n<li >\n\t<a href='?page_no=12083'>Previous<\/a>\n\t<\/li>\n\n\n       \n    \n\n<li><a href='?page_no=1'>1<\/a><\/li>\n\n\n\n<li><a href='?page_no=2'>2<\/a><\/li>\n\n\n\n<li><a>...<\/a><\/li>\n\n\n\n<li><a href='?page_no=12082'>12082<\/a><\/li>\n\n\n\n<li><a href='?page_no=12083'>12083<\/a><\/li>\n\n\n\n<li class='active'><a>12084<\/a><\/li>\n\n\n\n<li><a href='?page_no=12085'>12085<\/a><\/li>\n\n\n\n<li><a href='?page_no=12086'>12086<\/a><\/li>\n\n\n\n<li><a>...<\/a><\/li>\n\n\n\n<li><a href='?page_no=13611'>13611<\/a><\/li>\n\n\n\n<li><a href='?page_no=13612'>13612<\/a><\/li>\n\n    \n\t\n\n<li >\n\t<a href='?page_no=12085'>Next<\/a>\n\t<\/li>\n\n\n    \n\n<li><a href='?page_no=13612'>Last &rsaquo;&rsaquo;<\/a><\/li>\n\n<\/ul>\n\n\n--><br \/>\n<\/body><\/p>\n","protected":false},"excerpt":{"rendered":"<p>La neutral Suecia toma partido en el conflicto colombiano&#13; &#13; Gobierno sueco autoriza venta de armas a Colombia &#13; Ricardo Daher. &#13; Pese a que la ley sueca impide la venta de armas a pa\u00edses en conflictos armados, donde se violen los derechos humanos, o se encuentren en guerra con otras naciones, una comisi\u00f3n especial [&hellip;]<\/p>\n","protected":false},"author":3,"featured_media":0,"comment_status":"open","ping_status":"open","sticky":false,"template":"","format":"standard","meta":{"footnotes":""},"categories":[16],"tags":[],"class_list":["post-36197","post","type-post","status-publish","format-standard","hentry","category-opiniones"],"_links":{"self":[{"href":"https:\/\/diariodominicano.com\/index.php?rest_route=\/wp\/v2\/posts\/36197","targetHints":{"allow":["GET"]}}],"collection":[{"href":"https:\/\/diariodominicano.com\/index.php?rest_route=\/wp\/v2\/posts"}],"about":[{"href":"https:\/\/diariodominicano.com\/index.php?rest_route=\/wp\/v2\/types\/post"}],"author":[{"embeddable":true,"href":"https:\/\/diariodominicano.com\/index.php?rest_route=\/wp\/v2\/users\/3"}],"replies":[{"embeddable":true,"href":"https:\/\/diariodominicano.com\/index.php?rest_route=%2Fwp%2Fv2%2Fcomments&post=36197"}],"version-history":[{"count":0,"href":"https:\/\/diariodominicano.com\/index.php?rest_route=\/wp\/v2\/posts\/36197\/revisions"}],"wp:attachment":[{"href":"https:\/\/diariodominicano.com\/index.php?rest_route=%2Fwp%2Fv2%2Fmedia&parent=36197"}],"wp:term":[{"taxonomy":"category","embeddable":true,"href":"https:\/\/diariodominicano.com\/index.php?rest_route=%2Fwp%2Fv2%2Fcategories&post=36197"},{"taxonomy":"post_tag","embeddable":true,"href":"https:\/\/diariodominicano.com\/index.php?rest_route=%2Fwp%2Fv2%2Ftags&post=36197"}],"curies":[{"name":"wp","href":"https:\/\/api.w.org\/{rel}","templated":true}]}}