{"id":36195,"date":"2008-04-23T19:03:56","date_gmt":"2008-04-23T19:03:56","guid":{"rendered":"http:\/\/diariodominicano.ddns.net\/?p=36195"},"modified":"2008-04-23T19:03:56","modified_gmt":"2008-04-23T19:03:56","slug":"reflexiones-del-companero-fidel-10","status":"publish","type":"post","link":"https:\/\/diariodominicano.com\/?p=36195","title":{"rendered":"Reflexiones del compa\u00f1ero Fidel"},"content":{"rendered":"<p><body><\/p>\n<p align=\"justify\"><strong class=\"titulogrande1\"><u>Reflexiones del compa\u00f1ero Fidel<\/u><\/strong><br \/>&#13;<br \/>\n  <br \/>&#13;<br \/>\n    <span class=\"text1noticias\">Los vivos y los muertos<br \/>&#13;<br \/>\n    <br \/>&#13;<br \/>\n    Usted puede pensar  que su peque\u00f1o barco avanza r\u00edo arriba, pero si la corriente es m\u00e1s fuerte  estar\u00e1 retrocediendo.<br \/>&#13;<br \/>\n    <br \/>&#13;<br \/>\n    No hacer vergonzosas  concesiones a la ideolog\u00eda del imperio, dije y lo vuelvo a repetir hoy.<br \/>&#13;<br \/>\n    <br \/>&#13;<br \/>\n    Nadie leer\u00e1 nunca de  mi humilde pluma un elogio oportunista que envilezca su conducta.<br \/>&#13;<br \/>\n    <br \/>&#13;<br \/>\n    Por esta raz\u00f3n, apoyo  resueltamente la decisi\u00f3n del Partido y el Consejo de Estado de sustituir al  Ministro de Educaci\u00f3n. <br \/>&#13;<br \/>\n    <br \/>&#13;<br \/>\n    Como se conoce, toda  la vida, desde que tuve conciencia revolucionaria, la consagr\u00e9, en primer  lugar, al tema de la educaci\u00f3n, desde la Campa\u00f1a de Alfabetizaci\u00f3n hasta la  universalizaci\u00f3n de los estudios superiores. Aun bajo condiciones de bloqueo  econ\u00f3mico y agresi\u00f3n, logramos alcanzar un lugar privilegiado y \u00fanico en el  mundo.<br \/>&#13;<br \/>\n    <br \/>&#13;<br \/>\n    El titular de ese  cargo, Luis Ignacio G\u00f3mez Guti\u00e9rrez, estaba realmente agotado. Hab\u00eda perdido  energ\u00eda y conciencia revolucionaria. No debi\u00f3 pronunciar los \u00faltimos discursos  y hablar de futuros encuentros de educadores del hemisferio y del mundo,  exaltando una obra que fue fruto genuino de numerosos cuadros revolucionarios y  no personal, como pretend\u00eda hacer creer a los invitados. <br \/>&#13;<br \/>\n    <br \/>&#13;<br \/>\n    Lamento realmente si  alguno de nuestros abnegados maestros lo interpretara como una afirmaci\u00f3n  injusta. <br \/>&#13;<br \/>\n    <br \/>&#13;<br \/>\n    Debo se\u00f1alar que en  el transcurso de diez a\u00f1os ha viajado al exterior m\u00e1s de 70 veces. Durante los  tres \u00faltimos lo hizo con la frecuencia de un viaje por mes, utilizando siempre  el pretexto de la cooperaci\u00f3n internacional de Cuba. Por este y otros elementos  de juicio, no se tiene ya confianza en \u00e9l; m\u00e1s claro todav\u00eda: ninguna  confianza.<br \/>&#13;<br \/>\n    <br \/>&#13;<br \/>\n\u00bfQui\u00e9n deb\u00eda  sustituirlo? Era otro aspecto del problema. Deb\u00eda hacerse, y r\u00e1pido. Se busc\u00f3  entre muchos. Con los mejores se confeccion\u00f3 una lista de quince, dos se hab\u00edan  desenvuelto en ese campo con notable \u00e9xito:<br \/>&#13;<br \/>\n<br \/>&#13;<br \/>\nEna Elsa Vel\u00e1zquez  Cobiella, Doctora en Ciencias de la Educaci\u00f3n, rectora actual del Instituto  Superior Pedag\u00f3gico \u00abFrank Pa\u00eds\u00bb, de Santiago de Cuba. Se gradu\u00f3 en  1980, acumula experiencia docente en las m\u00e1s variadas instancias de la  educaci\u00f3n, en las cuales se destac\u00f3; con 52 a\u00f1os de edad, al triunfo de la  Revoluci\u00f3n ten\u00eda solo dos de nacida en la capital de la antigua provincia  oriental.<br \/>&#13;<br \/>\n<br \/>&#13;<br \/>\nCira Pi\u00f1eiro Alonso,  Licenciada en Psicolog\u00eda, graduada con T\u00edtulo de Oro, Directora Provincial de  Educaci\u00f3n en Granma, 16 a\u00f1os de experiencia en diversas tareas docentes. Su  \u00e9xito como responsable de la educaci\u00f3n en Granma es reconocido por todo el  pa\u00eds. Tiene 39 a\u00f1os.<br \/>&#13;<br \/>\n<br \/>&#13;<br \/>\nAmbas compa\u00f1eras, por  sus m\u00e9ritos y \u00e9xitos, fueron propuestas por la comisi\u00f3n de candidatura y  elegidas como diputadas a la Asamblea Nacional.<br \/>&#13;<br \/>\n<br \/>&#13;<br \/>\nLas dos ser\u00e1n  incorporadas al Ministerio de Educaci\u00f3n: Ena Elsa como Ministra y Cira Pi\u00f1eiro  como apoyo a la Ministra y futuro cuadro en el cargo que se le asigne. Ser\u00e1n  sustituidas en la actual tarea por profesionales extra\u00eddos de la cantera  inagotable de nuestro personal docente y revolucionario.<br \/>&#13;<br \/>\n<br \/>&#13;<br \/>\n    En este especial e  importante caso, aparte de mis apreciaciones personales, fui consultado e  informado plenamente.<br \/>&#13;<br \/>\n    <br \/>&#13;<br \/>\n    Cuando tuve el  privilegio de ser igualmente consultado en v\u00edsperas de la elecci\u00f3n del Consejo  de Estado, no vacil\u00e9 en proponer que prestigiosos jefes militares \u2014que llenaron  de gloria y autoridad moral a nuestro heroico pueblo\u2014 como Leopoldo Cintras Fr\u00edas  y \u00c1lvaro L\u00f3pez Miera, maduros, modestos, llenos de experiencia y energ\u00eda, con  menos edad de quien con rango militar es uno de los m\u00e1s fuertes y amenazantes  candidatos a la jefatura del imperio, fuesen propuestos a la Asamblea Nacional  como candidatos a miembros del Consejo de Estado. Conozco a otros cuadros  bastante m\u00e1s j\u00f3venes que ellos de gran capacidad, excelente preparaci\u00f3n y poco  publicitados, con los cuales hay que contar.<br \/>&#13;<br \/>\n    <br \/>&#13;<br \/>\n    No me agrada en  absoluto herir a nadie, pero no puedo dudar en explicar con toda claridad los  hechos para proteger la obra de las generaciones que han aportado sudor,  sacrificio y no pocas veces hasta la salud y la vida por la Revoluci\u00f3n.<br \/>&#13;<br \/>\n    <br \/>&#13;<br \/>\n    Espero que mis  compatriotas comprendan que el trabajo forzoso que me impuso la naturaleza en  esta etapa de mi vida me obliga, ante amigos y adversarios, a expresar lo que  pienso sin subterfugios y con pruebas morales a mi alcance que son  irrebatibles. Asumo, por tanto, la responsabilidad plena por esta decisi\u00f3n,  sean cuales fueren las reacciones y consecuencias.<br \/>&#13;<br \/>\n    <br \/>&#13;<br \/>\n    Los libelos enemigos  me acusar\u00e1n de aplicar terror psicol\u00f3gico a partir de la autoridad moral. No lo  es en absoluto para los que tengan conciencia de que el verdadero terror  psicol\u00f3gico y f\u00edsico \u2014con infinitos sufrimientos humanos y morales para nuestro  pueblo\u2014 ser\u00eda el regreso del dominio imperial sobre Cuba. En ese triste caso,  la causa ser\u00eda no la falta de alfabetizaci\u00f3n o de cultura, sino de conciencia.<br \/>&#13;<br \/>\n    <br \/>&#13;<br \/>\n    No me resignar\u00e9 jam\u00e1s  a la idea de que al poder se aspire por ego\u00edsmo, autosuficiencia, vanidad y  supuesta imprescindibilidad de cualquier ser humano.<br \/>&#13;<br \/>\n    <br \/>&#13;<br \/>\n    Expresar\u00e9 mi modesta  opini\u00f3n mientras pueda y necesite hacerlo.<br \/>&#13;<br \/>\n    <br \/>&#13;<br \/>\n\u00a1Los vivos y los  muertos lucharemos! <br \/>&#13;<br \/>\n<br \/>&#13;<br \/>\n    Fidel Castro Ruz<br \/>&#13;<br \/>\n    <br \/>&#13;<br \/>\n    22 de abril de 2008<br \/>&#13;<br \/>\n    <br \/>&#13;<br \/>\n6 y 18 p.m.<\/span><\/p>\n<p>&#13;<\/p>\n<h6> 2008-04-23 19:03:56 <\/h6>\n<p><!--\n<link rel=\"stylesheet\" href=\"css\/bootstrap.min.css\">\n\n\n<ul class=\"pagination\">\n\t    \n\t\n\n<li >\n\t<a href='?page_no=12081'>Previous<\/a>\n\t<\/li>\n\n\n       \n    \n\n<li><a href='?page_no=1'>1<\/a><\/li>\n\n\n\n<li><a href='?page_no=2'>2<\/a><\/li>\n\n\n\n<li><a>...<\/a><\/li>\n\n\n\n<li><a href='?page_no=12080'>12080<\/a><\/li>\n\n\n\n<li><a href='?page_no=12081'>12081<\/a><\/li>\n\n\n\n<li class='active'><a>12082<\/a><\/li>\n\n\n\n<li><a href='?page_no=12083'>12083<\/a><\/li>\n\n\n\n<li><a href='?page_no=12084'>12084<\/a><\/li>\n\n\n\n<li><a>...<\/a><\/li>\n\n\n\n<li><a href='?page_no=13611'>13611<\/a><\/li>\n\n\n\n<li><a href='?page_no=13612'>13612<\/a><\/li>\n\n    \n\t\n\n<li >\n\t<a href='?page_no=12083'>Next<\/a>\n\t<\/li>\n\n\n    \n\n<li><a href='?page_no=13612'>Last &rsaquo;&rsaquo;<\/a><\/li>\n\n<\/ul>\n\n\n--><br \/>\n<\/body><\/p>\n","protected":false},"excerpt":{"rendered":"<p>Reflexiones del compa\u00f1ero Fidel&#13; &#13; Los vivos y los muertos&#13; &#13; Usted puede pensar que su peque\u00f1o barco avanza r\u00edo arriba, pero si la corriente es m\u00e1s fuerte estar\u00e1 retrocediendo.&#13; &#13; No hacer vergonzosas concesiones a la ideolog\u00eda del imperio, dije y lo vuelvo a repetir hoy.&#13; &#13; Nadie leer\u00e1 nunca de mi humilde pluma [&hellip;]<\/p>\n","protected":false},"author":3,"featured_media":0,"comment_status":"open","ping_status":"open","sticky":false,"template":"","format":"standard","meta":{"footnotes":""},"categories":[16],"tags":[],"class_list":["post-36195","post","type-post","status-publish","format-standard","hentry","category-opiniones"],"_links":{"self":[{"href":"https:\/\/diariodominicano.com\/index.php?rest_route=\/wp\/v2\/posts\/36195","targetHints":{"allow":["GET"]}}],"collection":[{"href":"https:\/\/diariodominicano.com\/index.php?rest_route=\/wp\/v2\/posts"}],"about":[{"href":"https:\/\/diariodominicano.com\/index.php?rest_route=\/wp\/v2\/types\/post"}],"author":[{"embeddable":true,"href":"https:\/\/diariodominicano.com\/index.php?rest_route=\/wp\/v2\/users\/3"}],"replies":[{"embeddable":true,"href":"https:\/\/diariodominicano.com\/index.php?rest_route=%2Fwp%2Fv2%2Fcomments&post=36195"}],"version-history":[{"count":0,"href":"https:\/\/diariodominicano.com\/index.php?rest_route=\/wp\/v2\/posts\/36195\/revisions"}],"wp:attachment":[{"href":"https:\/\/diariodominicano.com\/index.php?rest_route=%2Fwp%2Fv2%2Fmedia&parent=36195"}],"wp:term":[{"taxonomy":"category","embeddable":true,"href":"https:\/\/diariodominicano.com\/index.php?rest_route=%2Fwp%2Fv2%2Fcategories&post=36195"},{"taxonomy":"post_tag","embeddable":true,"href":"https:\/\/diariodominicano.com\/index.php?rest_route=%2Fwp%2Fv2%2Ftags&post=36195"}],"curies":[{"name":"wp","href":"https:\/\/api.w.org\/{rel}","templated":true}]}}