{"id":36193,"date":"2008-04-24T02:25:04","date_gmt":"2008-04-24T02:25:04","guid":{"rendered":"http:\/\/diariodominicano.ddns.net\/?p=36193"},"modified":"2008-04-24T02:25:04","modified_gmt":"2008-04-24T02:25:04","slug":"y-el-diablo-los-junta","status":"publish","type":"post","link":"https:\/\/diariodominicano.com\/?p=36193","title":{"rendered":"\u2026Y el diablo los junta"},"content":{"rendered":"<p><body><\/p>\n<p><strong>A prop\u00f3sito de los terroristas  medi\u00e1ticos:<\/strong><\/p>\n<p>&#13;<\/p>\n<p class=\"titulogrande1\">\u2026Y el diablo los junta<\/p>\n<p>&#13;<\/p>\n<p align=\"left\"><strong>Por <span class=\"textogrande\">Narciso Isa Conde<\/span><\/strong><\/p>\n<p>&#13;<\/p>\n<p align=\"justify\" class=\"text1noticias\">A \u00e9stos se\u00f1orones de los grandes  medios de comunicaci\u00f3n, a la revista \u201cLa Semana\u201d de Colombia, al peri\u00f3dico \u201cEl Tiempo\u201d de  Bogot\u00e1, a la Cadena Caracol  de Colombia, al diario \u201cEl Comercio\u201d del Per\u00fa, al diario \u201cEl Comercio\u201d de  Ecuador, a Teleamazonas de Ecuador, al diario \u201cLa Rep\u00fablica\u201d de Per\u00fa, al  \u201cMercurio\u201d de Chile y a otros medios de comunicaci\u00f3n de esa misma cala\u00f1a, no  los cri\u00f3 Dios pero si los junt\u00f3 el mism\u00edsimo Diablo.<\/p>\n<p>&#13;<\/p>\n<p align=\"justify\" class=\"text1noticias\">En este caso el Diablo es una  especie de alianza malvada entre la   CIA, los servicios de inteligencia del r\u00e9gimen  narco-paramilitar de \u00c1lvaro Uribe, del Comit\u00e9 Nacional Antiterrorista del Per\u00fa  y otros cuerpos de espionaje de los gobierno derechistas de la regi\u00f3n.<\/p>\n<p>&#13;<\/p>\n<p align=\"justify\" class=\"text1noticias\">Como por separado no pudieron ser eficaces en  su af\u00e1n de estigmatizarme y estigmatizar a la Coordinadora Continental  Bolivariana (CCB), trasladando hacia nosotros(as) las calumnias construidas  contra las FARC-EP en su condici\u00f3n de fuerza insurgente, de organizaci\u00f3n pol\u00edtico-militar  involucrada desde hace m\u00e1s de cuatro d\u00e9cadas en un conflicto armado desatado  \u2013m\u00e1s bien una guerra sucia- por el Estado colombiano desde el asesinato del  l\u00edder popular Eleazar Gait\u00e1n, ahora se juntan en asociaci\u00f3n apta\u00a0 para mentir y delinquir.<\/p>\n<p>&#13;<\/p>\n<p align=\"justify\" class=\"text1noticias\">Ahora me caen en trulla, como las  avispas y las pira\u00f1as: los juntan-y se juntan- para tratar de cumplir esa  misi\u00f3n estigmatizadora y satanizadota, a todas luces imposible de materializar.<\/p>\n<p>&#13;<\/p>\n<p align=\"justify\" class=\"text1noticias\">Forman un coro poderoso y  agresivo sobre la base de combinar muchas mentiras, bastante medias verdades y  algunas verdades, para presentar a la   CCB como un instrumento destinado a <strong>\u201cexpandir la estrategia de las FARC-EP en todo el continente\u201d <\/strong>y  presentarme como el <strong>\u201cide\u00f3logo<\/strong>\u201d de  ese plan.<\/p>\n<p>&#13;<\/p>\n<p align=\"justify\" class=\"text1noticias\">Si esto afuera verdad, no tendr\u00eda  el menor inconveniente de admitirlo. Responsabilidades mucho m\u00e1s riesgosa la he  sabido asumir en innumerables ocasiones, desde que en mi adolescencia -quiz\u00e1s  en mi ni\u00f1ez- asum\u00ed la condici\u00f3n de revolucionario, de honorable \u201c<strong>agente de la subversi\u00f3n comunista<\/strong>\u201d contra  la explotaci\u00f3n, las opresiones y las injusticias de todo tipo.<\/p>\n<p>&#13;<\/p>\n<p align=\"justify\" class=\"text1noticias\">Pero ciertamente es una tonter\u00eda  y una ridiculez pensar en estos tiempos en la creaci\u00f3n de una coordinaci\u00f3n  continental bolivariana que propugne por una Patria Grande liberada, por nuevas  democracias y nuevos socialismos a escala latino-caribe\u00f1a, con \u00f3ptica tan  estrecha y vulgar, tan unilateral y tan poco creativa, como la que se me  atribuye.<\/p>\n<p>&#13;<\/p>\n<div align=\"justify\">&#13;<\/p>\n<ul>&#13;<\/p>\n<li class=\"text1noticias\"><strong>El ladr\u00f3n siempre juzga por su condici\u00f3n.<\/strong><\/li>\n<p>&#13;\n  <\/ul>\n<p>&#13;\n<\/p><\/div>\n<p>&#13;<\/p>\n<p align=\"justify\" class=\"text1noticias\">Esa versi\u00f3n volvi\u00f3 a ser relanzada  desde la revista \u201cLa Semana\u201d,  previa conformaci\u00f3n del referido cartel medi\u00e1tico, capaz de reproducirla a una  escala mayor, ya que los esfuerzos particulares y por separado de cada uno de  esos \u00f3rganos de prensa no dieron los resultados esperados.<\/p>\n<p>&#13;<\/p>\n<p align=\"justify\" class=\"text1noticias\">Esta nueva versi\u00f3n, que persigue la  criminalizaci\u00f3n de un v\u00ednculo di\u00e1fano y ampliamente difundido por m\u00ed, se  estructur\u00f3 en la Estaci\u00f3n  de la CIA de  Colombia en estrecha relaci\u00f3n con los \u201cservicios\u201d uribistas, apoy\u00e1ndose en las  supuestas informaciones obtenidas en las \u201csupercomputadoras\u201d de los comandantes  Ra\u00fal Reyes e Iv\u00e1n R\u00edos. <br \/>&#13;<br \/>\n  <br \/>&#13;<br \/>\nDe ah\u00ed la \u201ccolaron\u201d hacia el Per\u00fa, Ecuador, Chile, Rep\u00fablica  Dominicana y no se hacia cuantos otros pa\u00edses del continente y del mundo.<\/p>\n<p>&#13;<\/p>\n<p align=\"justify\" class=\"text1noticias\">El diario <strong>\u201cEl D\u00eda\u201d,<\/strong> de la Rep\u00fablica   Dominica, lo tom\u00f3 de rebote y puli\u00f3 un poquito- solo un  poquito- esa manipulada versi\u00f3n, present\u00e1ndola adem\u00e1s en su edici\u00f3n del 22 de  abril con el \u201csugerente\u201d t\u00edtulo: <strong>\u201cColombia  y Per\u00fa ponen a Narciso Isa Conde en la mirilla\u201d<\/strong><\/p>\n<p>&#13;<\/p>\n<p align=\"justify\" class=\"text1noticias\">No se si esa \u201cmira\u201d es telesc\u00f3pica  o microsc\u00f3pica. Tampoco si el fusil que la porta es de alg\u00fan francotirador de  esos \u201cservicios\u201d o de su sicariato.<\/p>\n<p>&#13;<\/p>\n<p align=\"justify\" class=\"text1noticias\">Si se que no se trata ni de  Colombia ni de Per\u00fa en sentido general: como pa\u00edses, como sociedades, como  pueblo\u2026<\/p>\n<p>&#13;<\/p>\n<p align=\"justify\" class=\"text1noticias\">Nada de eso.<\/p>\n<p>&#13;<\/p>\n<p align=\"justify\" class=\"text1noticias\">Se trata de una especie  construida por expertos de inteligencia y en terrorismo medi\u00e1tico, tutelados  por ide\u00f3logos de la \u201c<strong>guerra preventiva<\/strong>\u201d  de Mr. Bush, infinita, \u201cantiterrorista\u201d, global. Esto es, por la CIA y otras instancias de la  inteligencia militar al servicio de los halcones de Washington.<\/p>\n<p>&#13;<\/p>\n<p align=\"justify\" class=\"text1noticias\">No se si la computadora del  comandante Ra\u00fal Reyes estaba hecha a prueba de cohetes y bombardeos de alto  poder destructivo.<\/p>\n<p>&#13;<\/p>\n<p align=\"justify\" class=\"text1noticias\">Tampoco estoy informado si el  comandante Iv\u00e1n R\u00edos ten\u00eda o no la Lap Top que  se le atribuye, ni si almacenaba o no los mensajes y otros archivos de sus  intercambios con el comandante Marulanda y otros comandantes, sin la m\u00e1s m\u00ednima  regla de seguridad y sin ning\u00fan dispositivo preventivo. Pero s\u00ed se, que si hubo  computadoras, el que la captur\u00f3 siempre pudo hacer lo que le viniera en ganas  con sus archivos: alterarlos, inventarlos y manipularlos.<\/p>\n<p>&#13;<\/p>\n<p align=\"justify\" class=\"text1noticias\">Las versiones de inteligencia  estructuradas y seleccionadas para presentar a la CCB y mi participaci\u00f3n en su  Presidencia Colectiva como instrumento de los <strong>\u201cplanes de internacionalizaci\u00f3n del grupo guerrillero\u201d<\/strong>, me parece  m\u00e1s que absurda, realmente rid\u00edcula.<\/p>\n<p>&#13;<\/p>\n<p align=\"justify\" class=\"text1noticias\">Las FARC-EP es un producto  netamente colombiano, es una contrapartida insurgente, una fuerza  pol\u00edtico-militar nacional, que responde a una realidad espec\u00edfica, a una  construcci\u00f3n espec\u00edfica, a un pa\u00eds azotado por m\u00e1s de cinco d\u00e9cadas de  terrorismo de Estado y de terrorismo para- estatal, por una guerra sucia, por  los poderes narco-paramilitar y narco-estatal estrechamente combinados.<\/p>\n<p>&#13;<\/p>\n<p align=\"justify\" class=\"text1noticias\">Esa experiencia insurgente no es  generalizable, internacionalizable, continentalizable.<\/p>\n<p>&#13;<\/p>\n<p align=\"justify\" class=\"text1noticias\">Ni siquiera otras insurgencias  colombianas son similares, aunque ciertamente esta es la m\u00e1s exitosa de todas.<\/p>\n<p>&#13;<\/p>\n<p align=\"justify\" class=\"text1noticias\">Menos aun es  \u201cinternacionalizable\u201d si nos vamos a otras realidades nacionales \u2013pasadas y  presentes- como la cubana, mexicana, nicarag\u00fcense, guatemalteca, boliviana,  dominicana, peruana\u2026<\/p>\n<p>&#13;<\/p>\n<p align=\"justify\" class=\"text1noticias\">Pero adem\u00e1s, nuestra Am\u00e9rica hoy  es un mosaico de movimientos revolucionarios pol\u00edticos-sociales y pol\u00edticos-culturales  diversos, un arcoiris de fuerzas transformadoras muy variadas por sus formas de  lucha y de organizaci\u00f3n.<\/p>\n<p>&#13;<\/p>\n<p align=\"justify\" class=\"text1noticias\">Ser\u00eda muy torpe \u2013y los(as) que  participamos en la CCB  no tenemos ni un poquito de esa \u201cvirtud\u201d- pensar en un frente, un movimiento,  una coordinadora de car\u00e1cter continental, sujeta a un \u00fanico patr\u00f3n, o  subordinada a la modalidad de uno de sus componentes por fuerte y respetable  que \u00e9ste pueda ser..<\/p>\n<p>&#13;<\/p>\n<p align=\"justify\" class=\"text1noticias\">La revoluci\u00f3n continental ser\u00e1  suma de revoluciones originales, de m\u00e9todos, de formas organizativas y  participativas, de v\u00edas, idiosincrasias y culturas muy variadas. Cadena de  liberaciones y soberan\u00edas reconquistadas, capaces de articularse en una  liberaci\u00f3n y una soberan\u00eda mayor: en una gran y extensa soberan\u00eda multinacional  y multi\u00e9tnica.<\/p>\n<p>&#13;<\/p>\n<p align=\"justify\" class=\"text1noticias\">El camino cubano es uno, el  venezolano otro, el ecuatoriano otro, el boliviano otro, el colombiano otro, el  mexicano\u2026 y as\u00ed sucesivamente\u2026; todos muy propios, pero con muchos componentes  internos asistidos de la vocaci\u00f3n de unirse en una gran v\u00eda com\u00fan y en una  patria mayor.<\/p>\n<p>&#13;<\/p>\n<p align=\"justify\" class=\"text1noticias\">Las fuerzas transformadoras son  muy, pero muy variadas, en cuanto a trayectorias, formas organizativas,  matrices ideol\u00f3gicas, tradiciones culturales y capacidades en el ejercicio de  innumerables modalidades de lucha.<\/p>\n<p>&#13;<\/p>\n<p align=\"justify\" class=\"text1noticias\">Ni las FARC, ni ninguna otra  fuerza de izquierda, ni ning\u00fan Estado con vocaci\u00f3n transformadora, est\u00e1n en  condiciones de tutelar y\/o instrumentalizar la unidad revolucionaria  latino-caribe\u00f1a que demanda la actual crisis capitalista-neoliberal a escala  continental. Mucho menos de reproducir en todos los pa\u00edses movimientos a su  imagen y semejanza.<\/p>\n<p>&#13;<\/p>\n<p align=\"justify\" class=\"text1noticias\">La CCB, camino a la construcci\u00f3n de un gran  movimiento continental bolivariano (definido as\u00ed desde su origen, cuando  todav\u00eda los comandantes Marulanda y Cano no eran de su presidencia colectiva),  se fund\u00f3 para unir y articular diversidades revolucionarias, para desplegar solidaridades  y respaldar luchas sin exclusiones respecto a formas de lucha y radicalidades  necesarias.<\/p>\n<p>&#13;<\/p>\n<p align=\"justify\" class=\"text1noticias\">Para CCB lo continentalizable es  el ideal de Patria Grande liberada, el ideal de sociedades pos-neoliberales y  el tr\u00e1nsito hacia nuevas democracias y nuevos socialismos.<\/p>\n<p>&#13;<\/p>\n<p align=\"justify\" class=\"text1noticias\">Estas metas no son de exclusiva factura  fariana. Son prop\u00f3sitos colectivos, resultado de m\u00faltiples reflexiones,  creaciones te\u00f3rico-pol\u00edticas, actualizaciones\u2026generadas por variados  protagonistas en diversos pa\u00edses.<\/p>\n<p>&#13;<\/p>\n<p align=\"justify\" class=\"text1noticias\">De Patria Grande habl\u00f3 Bol\u00edvar  mucho antes de creada las FARC.<\/p>\n<p>&#13;<\/p>\n<p align=\"justify\" class=\"text1noticias\">De socialismo habl\u00f3 Marx, sus  antecesores y sus continuadores, muchos a\u00f1os antes que las FARC.<\/p>\n<p>&#13;<\/p>\n<p align=\"justify\" class=\"text1noticias\">Ch\u00e1vez, que no es de la CCB, desde que estaba  construyendo en los a\u00f1os \u00b480 el Movimiento Revolucionario Bolivariano 200 (al  interior de las Fuerzas Armadas Venezolanas), recuper\u00f3 con fuerza el  bolivarianismo, abraz\u00f3 el concepto de Patria Grande y la cr\u00edtica al  neoliberalismo y a la seudo-democracia vigentes en su pa\u00eds.<\/p>\n<p>&#13;<\/p>\n<p align=\"justify\" class=\"text1noticias\">Por eso, sacar una resoluci\u00f3n  (cierta o no) de un organismo de las FARC sobre ese tema, como prueba de su  control sobre la CCB,  raya en lo est\u00fapido y ofende la inteligencia de los pueblos.<\/p>\n<p>&#13;<\/p>\n<p align=\"justify\" class=\"text1noticias\">De mi parte nunca no he ocultado  la relaci\u00f3n de solidaridad con las FARC ni su presencia en la CCB dentro de un amplio  espectro de fuerzas revolucionarias del continente. Incluso el programa  realizado en Santo Domingo en abril del 2006, en ocasi\u00f3n de las <strong>Expediciones Antiimperialistas a Quisqueya  (<\/strong>inclu\u00edda la   Expedici\u00f3n Bol\u00edvar<strong>&#8211;<\/strong>Peti\u00f3n,  procedente de Suram\u00e9rica), fue ampliamente publicitado. En esa ocasi\u00f3n no fue  posible conseguir el visado para la delegaci\u00f3n colombiana, que inclu\u00eda grupos  art\u00edsticos y movimientos sociales diversos.<\/p>\n<p>&#13;<\/p>\n<p align=\"justify\" class=\"text1noticias\">Presentarme, sin embargo, como  una especie de <strong>\u201cagente<\/strong>\u201d de su  supuesto <strong>\u201cplan<\/strong> <strong>expansivo\u201d, <\/strong>es desconocer mi trayectoria revolucionaria  absolutamente independiente, con ideas propias, incluso respecto a poderes  mayores.<\/p>\n<p>&#13;<\/p>\n<p align=\"justify\" class=\"text1noticias\">La idea de la dependencia de la  unidad internacional o continental desde un <strong>\u201ccentro hegem\u00f3nico\u201d,<\/strong> no solo ha dado p\u00e9simo resultados, sino que ha  fracasado estrepitosamente.<\/p>\n<p>&#13;<\/p>\n<p align=\"justify\" class=\"text1noticias\">Si ser \u201cide\u00f3logo\u201d es algo as\u00ed  como producir ideas, como analizar con esp\u00edritu creador, generar y recrear  teor\u00eda revolucionaria en funci\u00f3n de nuestras realidades y para un determinado  proyecto revolucionario continental, tomo el calificativo como un \u201cpiropo\u201d o  alago inmerecido.<\/p>\n<p>&#13;<\/p>\n<p align=\"justify\" class=\"text1noticias\">Vale si decir que mi producci\u00f3n  pol\u00edtica-te\u00f3rica, mis libros, mis ensayos, mis an\u00e1lisis\u2026nada tienen que ver con  la misi\u00f3n imposible de internacionalizar o continental izar el proyecto FARC.  Est\u00e1n lejos de toda unilateralidad, dogmatismo o reduccionismo.<\/p>\n<p>&#13;<\/p>\n<p align=\"justify\" class=\"text1noticias\">Mis trabajos que trascienden la  frontera de mi pa\u00eds, jam\u00e1s se han quedado anclados en Colombia, Cuba,  Venezuela, El Salvador, Hait\u00ed\u2026o en cualquier otro pa\u00eds del continente y del  mundo.<\/p>\n<p>&#13;<\/p>\n<p align=\"justify\" class=\"text1noticias\">Escribo y actu\u00f3 sobre mi patria  chica, mi patria grande y los problemas de la humanidad.<\/p>\n<p>&#13;<\/p>\n<p align=\"justify\" class=\"text1noticias\">El capitalismo y su evoluci\u00f3n.<\/p>\n<p>&#13;<\/p>\n<p align=\"justify\" class=\"text1noticias\">El imperialismo de ayer y de hoy.<\/p>\n<p>&#13;<\/p>\n<p align=\"justify\" class=\"text1noticias\">El neoliberalismo globalizado.<\/p>\n<p>&#13;<\/p>\n<p align=\"justify\" class=\"text1noticias\">El \u201csocialismo\u201d que fracas\u00f3 y el  socialismo por el que debemos luchar.<\/p>\n<p>&#13;<\/p>\n<p align=\"justify\" class=\"text1noticias\">La democracia representativa como  farsa.<\/p>\n<p>&#13;<\/p>\n<p align=\"justify\" class=\"text1noticias\">El terrorismo de Estado y de todo  tipo.<\/p>\n<p>&#13;<\/p>\n<p align=\"justify\" class=\"text1noticias\">Los despotismos.<\/p>\n<p>&#13;<\/p>\n<p align=\"justify\" class=\"text1noticias\">La cuesti\u00f3n de g\u00e9nero.<\/p>\n<p>&#13;<\/p>\n<p align=\"justify\" class=\"text1noticias\">La depredaci\u00f3n ambiental.<\/p>\n<p>&#13;<\/p>\n<p align=\"justify\" class=\"text1noticias\">La violencia y el terror de  Estado<\/p>\n<p>&#13;<\/p>\n<p align=\"justify\" class=\"text1noticias\">La ola revolucionaria continental.<\/p>\n<p>&#13;<\/p>\n<p align=\"justify\" class=\"text1noticias\">El rol de los pueblos  originarios.<\/p>\n<p>&#13;<\/p>\n<p align=\"justify\" class=\"text1noticias\">El antiimperialismo hoy.<\/p>\n<p>&#13;<\/p>\n<p align=\"justify\" class=\"text1noticias\">La gansterizaci\u00f3n de los Estados  y poderes dominantes.<\/p>\n<p>&#13;<\/p>\n<p align=\"justify\" class=\"text1noticias\">Las luchas a desarrollar en tales  condiciones<\/p>\n<p>&#13;<\/p>\n<p align=\"justify\" class=\"text1noticias\">Trato sobre el necesario rescate de Enriquillo,  Hatuey, Tupac Amaru, Bol\u00edvar, Mart\u00ed, Duarte, Luper\u00f3n, Zapata, Caama\u00f1o y el Che,  Mariategui, Gramsci, Trosky, Lenin, Marx, las cosmovisiones ind\u00edgenas, la  teolog\u00eda de la liberaci\u00f3n\u2026<\/p>\n<p>&#13;<\/p>\n<p align=\"justify\" class=\"text1noticias\">Con equ\u00edvocos y aciertos, pero sin  \u00ednfulas de \u201cide\u00f3logo\u201d ni de libertador; porque como dice el Che \u201csolo los  pueblos se liberan a s\u00ed mismos\u201d.<\/p>\n<p>&#13;<\/p>\n<p align=\"justify\" class=\"text1noticias\">Y en eso estamos desde la CCB y desde nuestro movimiento  caama\u00f1ista dominicano.<\/p>\n<p>&#13;<\/p>\n<p align=\"justify\" class=\"text1noticias\">De cara al sol, sin dobleces, sin  simulaciones, sin doble moral.<\/p>\n<p>&#13;<\/p>\n<p align=\"justify\" class=\"text1noticias\">Diferenciando lo que es la CCB como conjunto y lo que son  las relaciones bilaterales de cada quien, ya sea con las FARC, con cualquier  otro componente de la CCB  o con cualquier otra fuerza revolucionaria no integrada a ella.<\/p>\n<p>&#13;<\/p>\n<p align=\"justify\" class=\"text1noticias\">El MRTA de Per\u00fa, que actualmente  es una organizaci\u00f3n que existe solo en las c\u00e1rceles de ese pa\u00eds, no est\u00e1 en condiciones  de aportar como otros, ni de integrarse activamente, ni org\u00e1nicamente, al  trascendente esfuerzo que representa la   CCB.<\/p>\n<p>&#13;<\/p>\n<p align=\"justify\" class=\"text1noticias\">Ojala que pudieran superar pronto  esa situaci\u00f3n para poder participar en ella con plenos derechos deberes.<\/p>\n<p>&#13;<\/p>\n<p align=\"justify\" class=\"text1noticias\">Nos repugnan la criminalizaciones  y satanizaciones de las fuerzas revolucionarias, hayan o no cometido errores,  leves o graves, en el duro y arriesgado batallar contra una dominaci\u00f3n perversa  como lo es la dominaci\u00f3n capitalista-imperialista-olig\u00e1rquica-mafiosa que azota  a nuestros pueblos por m\u00e1s de 500 a\u00f1os.<\/p>\n<p>&#13;<\/p>\n<p align=\"justify\" class=\"text1noticias\">Si alguna organizaci\u00f3n percibe  que los gringos nos van a invadir de nuevo y que hay que entrenarse  militarmente y acumular fuerzas en esa direcci\u00f3n, nos parece esencialmente  justa su decisi\u00f3n. Si decide alzarse en armas es su derecho. As\u00ed lo hicieron  todos nuestros pr\u00f3ceres y hero\u00ednas.<\/p>\n<p>&#13;<\/p>\n<p align=\"justify\" class=\"text1noticias\">Porque en nuestro humilde  entender lo militar no debe ser monopolio de las derechas y de los Estados,  menos aun de Estados terroristas y\/o esencialmente violentos y depredadores.<\/p>\n<p>&#13;<\/p>\n<p align=\"justify\" class=\"text1noticias\">Los militares tienen derecho a  ser revolucionarios y las revoluciones a ser militares, ya sean en ej\u00e9rcitos  regulares o irregulares; preparando insurrecciones, levantamientos democr\u00e1ticos  o guerras de guerrillas.<\/p>\n<p>&#13;<\/p>\n<p align=\"justify\" class=\"text1noticias\">Procuro s\u00ed ser siempre leal a la  verdad.<\/p>\n<p>&#13;<\/p>\n<p align=\"justify\" class=\"text1noticias\">Y en honor a ese principio debo  decir que ni el gobierno del Presidente Rafael Correa, ni el Movimiento Pa\u00eds  del Ecuador, participaron en el II Congreso de la CCB, en el Seminario  Internacional y la marcha de protesta contra la Base Militar de EEUU. en Manta,  eventos realizados el pasado mes de febrero en Ecuador. Tampoco le dieron apoyo  log\u00edstico alguno.<\/p>\n<p>&#13;<\/p>\n<p align=\"justify\" class=\"text1noticias\">Con el entonces Ministro de Gobernaci\u00f3n  Gustavo Larrea nos reunimos en el 2007 el diputado venezolano Amilcar Figueroa  y yo, ambos de la CCB,  sencillamente para comunicarle nuestra intenci\u00f3n de realizarlos all\u00ed a  principio del 2008 y conocer si\u00a0 no  ten\u00edan nada en contra de el uso de Quito como escenario de esa programaci\u00f3n.<\/p>\n<p>&#13;<\/p>\n<p align=\"justify\" class=\"text1noticias\">Fue un acto de elemental  cortes\u00eda, pues de ninguna manera, por razones obvias, se hubiera hecho all\u00ed sin  particip\u00e1rselo a las autoridades de ese pa\u00eds; a pesar de que corr\u00eda a cuenta de  las organizaciones que integran el Cap\u00edtulo Ecuador de la CCB, en el que no participa el  partido o movimiento de gobierno. La   Casa de la Cultura   Ecuatoriana, donde se realizaron dos de los eventos, es una  entidad con autonom\u00eda de larga tradici\u00f3n democr\u00e1tica.<\/p>\n<p>&#13;<\/p>\n<p align=\"justify\" class=\"text1noticias\">En su af\u00e1n criminalizador del  terrorismo medi\u00e1tico anti- FARC pretende involucrar al gobierno ecuatoriano,  como siempre lo ha querido hacer por momentos con el venezolano. Todo esto  tiene su matriz en WASHINGTON.<\/p>\n<p>&#13;<\/p>\n<p align=\"justify\" class=\"text1noticias\">Pero la realidad es que el  Partido Socialista Unificado de Venezuela PSUV (ni el anterior Movimiento  Quinta Rep\u00fablica) que lidera Ch\u00e1vez, tampoco forma parte de la CCB.<\/p>\n<p>&#13;<\/p>\n<p align=\"justify\" class=\"text1noticias\">Ojala, sin embargo que la CCB, logre ampliarse m\u00e1s sin  perder su esencia revolucionaria. A eso aspiramos, en eso estamos. Pero la  verdad es la verdad y es siempre revolucionaria.<\/p>\n<p>&#13;<\/p>\n<p align=\"justify\" class=\"text1noticias\">El intento traslado a la CCB del estigma anti-FARC,  persigue precisamente aterrorizar, inhibir, impedir o hacer mas dif\u00edcil su  crecimiento y expansi\u00f3n como proyecto unitario y diverso.<\/p>\n<p>&#13;<\/p>\n<p align=\"justify\" class=\"text1noticias\">En verdad lamento mucho que el  peri\u00f3dico \u201cEl D\u00eda\u201d \u2013aunque ciertamente me hizo una entrevista en la que  expliqu\u00e9 mis relaciones con las FARC- le sirva aqu\u00ed de caja de resonancia a esa  federaci\u00f3n de medios comprometidos con la mentira y la desinformaci\u00f3n. Y que como  consecuencia de sus conexiones con ciertos peri\u00f3dicos perversos de Colombia,  haya adoptado la decisi\u00f3n de hacerle el juego a sus malsanos prop\u00f3sitos.<\/p>\n<p>&#13;<\/p>\n<p align=\"justify\" class=\"text1noticias\">Lo lamento m\u00e1s aporque \u201cEl D\u00eda\u201d  es una especie de hermano menor de los peri\u00f3dicos \u201cHoy\u201d y \u201cEl Nacional\u201d del Grupo  Corripio. De El Nacional soy columnista dominical fijo y del hoy colaborador ocasional.<\/p>\n<p>&#13;<\/p>\n<p align=\"justify\" class=\"text1noticias\">Me explico ese paso por los  v\u00ednculos de su actual director Rafael Molina Morillo con la inefable Sociedad  Interamericana de Prensa (SIP), de la cual es su anterior presidente. Y bien  sabemos cual es el rol contrarrevolucionario, pro-olig\u00e1rquico y  pro-imperialista de la SIP  en el continente.<\/p>\n<p>&#13;<\/p>\n<p align=\"justify\" class=\"text1noticias\">Paradoja de la historia: a ra\u00edz  de la invasi\u00f3n yanqui de 1965, una peque\u00f1a editora, propiedad de Molina  Morillo, fue v\u00edctima de un atentado terrorista que destruy\u00f3 las instalaciones  donde se editaba la entonces combativa y democr\u00e1tica \u201cRevista \u00a1Ahora!\u201d,  dirigida en ese instante por quien muchos a\u00f1os despu\u00e9s devino en un presidente  de la SIP,  demasiado concentrado por cierto en los ataques al Comandante Ch\u00e1vez y a la  revoluci\u00f3n bolivariana.<\/p>\n<p>&#13;<\/p>\n<p align=\"justify\" class=\"text1noticias\">Sectores muy similares a los que  aspiran a criminalizar mis di\u00e1fanos v\u00ednculos con las FARC, fueron los  responsables de aquella acci\u00f3n t\u00edpicamente terrorista. <\/p>\n<p>&#13;<\/p>\n<p align=\"justify\" class=\"text1noticias\">Cierto: el ladr\u00f3n juzga por su  condici\u00f3n y arrastra y\/ o intimida a quienes no resisten sus presiones ni  rechazan sus tentaciones\u2026 <\/p>\n<p>&#13;<\/p>\n<p align=\"justify\" class=\"text1noticias\">Mis relaciones personales pasadas  con Rafael Molina Morillo ha sido muy respetuosas e incluso por momentos  afectuosas. Pero me siento en el deber de decir las cosas como la siento, am\u00e9n  de que todo aquel que escoja ese camino perverso y criminal, debe saber que me  habr\u00e1 de tener de frente. En juego por dem\u00e1s est\u00e1 mi vida f\u00edsica, porque es  bien sabido que quienes fomentan la criminalizaci\u00f3n de los v\u00ednculos  revolucionarios-solidarios y nutren con sus informaciones e interpretaciones  mendaces el terrorismo medi\u00e1tico, saben matar y matan.<\/p>\n<p>&#13;<\/p>\n<h6> 2008-04-24 02:25:04 <\/h6>\n<p><!--\n<link rel=\"stylesheet\" href=\"css\/bootstrap.min.css\">\n\n\n<ul class=\"pagination\">\n\t    \n\t\n\n<li >\n\t<a href='?page_no=12079'>Previous<\/a>\n\t<\/li>\n\n\n       \n    \n\n<li><a href='?page_no=1'>1<\/a><\/li>\n\n\n\n<li><a href='?page_no=2'>2<\/a><\/li>\n\n\n\n<li><a>...<\/a><\/li>\n\n\n\n<li><a href='?page_no=12078'>12078<\/a><\/li>\n\n\n\n<li><a href='?page_no=12079'>12079<\/a><\/li>\n\n\n\n<li class='active'><a>12080<\/a><\/li>\n\n\n\n<li><a href='?page_no=12081'>12081<\/a><\/li>\n\n\n\n<li><a href='?page_no=12082'>12082<\/a><\/li>\n\n\n\n<li><a>...<\/a><\/li>\n\n\n\n<li><a href='?page_no=13611'>13611<\/a><\/li>\n\n\n\n<li><a href='?page_no=13612'>13612<\/a><\/li>\n\n    \n\t\n\n<li >\n\t<a href='?page_no=12081'>Next<\/a>\n\t<\/li>\n\n\n    \n\n<li><a href='?page_no=13612'>Last &rsaquo;&rsaquo;<\/a><\/li>\n\n<\/ul>\n\n\n--><br \/>\n<\/body><\/p>\n","protected":false},"excerpt":{"rendered":"<p>A prop\u00f3sito de los terroristas medi\u00e1ticos: &#13; \u2026Y el diablo los junta &#13; Por Narciso Isa Conde &#13; A \u00e9stos se\u00f1orones de los grandes medios de comunicaci\u00f3n, a la revista \u201cLa Semana\u201d de Colombia, al peri\u00f3dico \u201cEl Tiempo\u201d de Bogot\u00e1, a la Cadena Caracol de Colombia, al diario \u201cEl Comercio\u201d del Per\u00fa, al diario \u201cEl [&hellip;]<\/p>\n","protected":false},"author":3,"featured_media":0,"comment_status":"open","ping_status":"open","sticky":false,"template":"","format":"standard","meta":{"footnotes":""},"categories":[16],"tags":[],"class_list":["post-36193","post","type-post","status-publish","format-standard","hentry","category-opiniones"],"_links":{"self":[{"href":"https:\/\/diariodominicano.com\/index.php?rest_route=\/wp\/v2\/posts\/36193","targetHints":{"allow":["GET"]}}],"collection":[{"href":"https:\/\/diariodominicano.com\/index.php?rest_route=\/wp\/v2\/posts"}],"about":[{"href":"https:\/\/diariodominicano.com\/index.php?rest_route=\/wp\/v2\/types\/post"}],"author":[{"embeddable":true,"href":"https:\/\/diariodominicano.com\/index.php?rest_route=\/wp\/v2\/users\/3"}],"replies":[{"embeddable":true,"href":"https:\/\/diariodominicano.com\/index.php?rest_route=%2Fwp%2Fv2%2Fcomments&post=36193"}],"version-history":[{"count":0,"href":"https:\/\/diariodominicano.com\/index.php?rest_route=\/wp\/v2\/posts\/36193\/revisions"}],"wp:attachment":[{"href":"https:\/\/diariodominicano.com\/index.php?rest_route=%2Fwp%2Fv2%2Fmedia&parent=36193"}],"wp:term":[{"taxonomy":"category","embeddable":true,"href":"https:\/\/diariodominicano.com\/index.php?rest_route=%2Fwp%2Fv2%2Fcategories&post=36193"},{"taxonomy":"post_tag","embeddable":true,"href":"https:\/\/diariodominicano.com\/index.php?rest_route=%2Fwp%2Fv2%2Ftags&post=36193"}],"curies":[{"name":"wp","href":"https:\/\/api.w.org\/{rel}","templated":true}]}}