{"id":361924,"date":"2022-06-15T23:59:29","date_gmt":"2022-06-16T03:59:29","guid":{"rendered":"http:\/\/diariodominicano.com\/?p=361924"},"modified":"2022-06-16T00:11:04","modified_gmt":"2022-06-16T04:11:04","slug":"la-santa-sede-y-republica-dominicana-firman-el-concordato","status":"publish","type":"post","link":"https:\/\/diariodominicano.com\/?p=361924","title":{"rendered":"La Santa Sede y Rep\u00fablica Dominicana firman el Concordato"},"content":{"rendered":"\n<p>Monse\u00f1or Ricardo Pitini, monse\u00f1or Juan F\u00e9liz Pep\u00e9n y Rafael Le\u00f3nidas Trujillo Molina<\/p>\n\n\n\n<p>&nbsp;Por H\u00e9ctor Tineo Nolasco<\/p>\n\n\n\n<p>Diariodominicano.com<\/p>\n\n\n\n<p>SANTO DOMINGO, el&nbsp; 16 de junio de 1954, la Iglesia Cat\u00f3lica firm\u00f3 un Concordato con el Gobierno del dictador Rafael Le\u00f3nidas Trujillo Molina.<\/p>\n\n\n\n<p>&nbsp;&nbsp;&nbsp; En el documento las partes expresan: \u201cLa Santa Sede Apost\u00f3lica y la Rep\u00fablica Dominicana, animadas por el deseo de asegurar una colaboraci\u00f3n provechosa para el mejor beneficio religioso y c\u00edvico de la Naci\u00f3n dominicana, han decidido firmar un Concordato\u201d.<\/p>\n\n\n\n<p>&nbsp;&nbsp;&nbsp; El dictador Trujillo le confiri\u00f3 mucha importancia al acontecimiento y expres\u00f3: \u201cSomos humildes hijos de la Iglesia Cat\u00f3lica, Apost\u00f3lica y Romana y reconocemos que la firme sinceridad de nuestra fe y nuestra constante&nbsp; pr\u00e1ctica de la cultura cristiana, han sido la causa primordial de nuestro triunfo frente a los infortunios que han manchado nuestra historia\u201d.<\/p>\n\n\n\n<p>&nbsp; El Concordato fue suscrito durante el Obispado de Monse\u00f1or&nbsp; Ricardo Pittini, quien inici\u00f3 su misi\u00f3n en octubre&nbsp; 1935 y termin\u00f3 en diciembre de 1961.<\/p>\n\n\n\n<p>&nbsp;&nbsp; El Concordato le confiere a la Iglesia Cat\u00f3lica la misi\u00f3n de dirigir la orientaci\u00f3n espiritual del pueblo dominicano y mantener a la cat\u00f3lica como la religi\u00f3n oficial de los dominicanos.<\/p>\n\n\n\n<figure class=\"wp-block-image size-full\"><img loading=\"lazy\" decoding=\"async\" width=\"370\" height=\"226\" src=\"https:\/\/diariodominicano.com\/wp-content\/uploads\/2022\/06\/pittini0000000000.jpg\" alt=\"\" class=\"wp-image-361929\" srcset=\"https:\/\/diariodominicano.com\/wp-content\/uploads\/2022\/06\/pittini0000000000.jpg 370w, https:\/\/diariodominicano.com\/wp-content\/uploads\/2022\/06\/pittini0000000000-300x183.jpg 300w\" sizes=\"auto, (max-width: 370px) 100vw, 370px\" \/><\/figure>\n\n\n\n<p><strong>&nbsp;&nbsp;&nbsp; El historiador y sacerdote jesuita, Antonio Lluberes, en su obra \u201cBreve Historia de la Iglesia Dominicana 1493-1997\u201d, refiere que durante la Era de Trujillo la Iglesia y el Estado vivieron un r\u00e9gimen de rec\u00edproca cooperaci\u00f3n.<\/strong><\/p>\n\n\n\n<p>&nbsp;&nbsp;&nbsp; La Iglesia \u201cacept\u00f3 al r\u00e9gimen&nbsp; como algo beneficioso&nbsp; para el pa\u00eds y para ella misma. Acept\u00f3 facilidades legales y cooperaci\u00f3n econ\u00f3mica, necesarias para su ministerio, ya que adem\u00e1s de las actividades religiosas, la Iglesia pas\u00f3 a las labores educativas y hospitalarias, entre otras modalidades del apostolado.<\/p>\n\n\n\n<p>&nbsp;&nbsp;&nbsp;&nbsp; Antonio Lluberes cita como una expresi\u00f3n&nbsp; y fruto evidente de la cooperaci\u00f3n del r\u00e9gimen de Trujillo, la firma del Concordato, el d\u00eda 16 de junio de 1954.<\/p>\n\n\n\n<p>&nbsp;&nbsp;&nbsp;&nbsp; <strong>Refiere que desde la creaci\u00f3n de la Rep\u00fablica en 1844, los gobiernos sucesivos de Pedro Santana y Buenaventura B\u00e1ez hab\u00edan deseado un acuerdo que rigiera las relaciones Iglesia-Estado, pero no se les hizo posible lograrlo entonces.<\/strong><\/p>\n\n\n\n<p>&nbsp;&nbsp; \u201cTrujillo consigui\u00f3 su objetivo accediendo a toda las propuestas romanas. Como ejemplo, Trujillo declin\u00f3 los tradicionales reclamos de los estados en cuanto a la elecci\u00f3n y nombramiento de obispos. M\u00e1s a\u00fan, acept\u00f3 una propuesta, que luego se hizo inoperante: la validez civil del car\u00e1cter indisoluble del&nbsp; matrimonio can\u00f3nico.<\/p>\n\n\n\n<p>&nbsp; \u201cPor su parte, el r\u00e9gimen se beneficiaba hasta del simbolismo de actos religiosos y encuentros con miembros del clero, precedidos o seguidos de amplia publicidad, que le proporcionaban la deseada \u201clegitimaci\u00f3n\u201d, en el lenguaje del soci\u00f3logo Peter Berger.&nbsp; Bajo el r\u00e9gimen de los Trujillo, se dio una modalidad nueva de politizaci\u00f3n del clero\u201d.&nbsp;<\/p>\n\n\n\n<p>&nbsp;&nbsp; Antonio Lluberes,&nbsp; refiere que en el pasado hubo sacerdotes que ten\u00edan simpat\u00edas e incluso \u201cmilitancia\u201d pol\u00edtica, pero durante el trujillato, se logr\u00f3 tal institucionalizaci\u00f3n y disciplina que hizo posible que la totalidad de la Iglesia, principalmente su episcopado, adoptase una posici\u00f3n temporal favorable al r\u00e9gimen\u201d.<\/p>\n\n\n\n<p>&nbsp;&nbsp;&nbsp;&nbsp; \u201cA mediados de la d\u00e9cada de los cincuenta, sin embargo, comenzaron a aflorar y crecer las diferencias en el seno de la Iglesia\u2026\u201d.<\/p>\n\n\n\n<p>&nbsp;&nbsp;&nbsp; El Concordato entre la Santa Sede&nbsp; y el Estado Dominicano,&nbsp; firmado el 16 de junio de 1954, se mantiene en vigencia.<\/p>\n\n\n\n<p>\u00a0\u00a0\u00a0 Aunque en el pa\u00eds hay libertad de culto, la cat\u00f3lica es la religi\u00f3n oficial en Rep\u00fablica Dominicana.<\/p>\n\n\n\n<p><strong>Noticias relacionadas <\/strong><\/p>\n\n\n\n<figure class=\"wp-block-embed is-type-wp-embed is-provider-diario-dominicano wp-block-embed-diario-dominicano\"><div class=\"wp-block-embed__wrapper\">\n<blockquote class=\"wp-embedded-content\" data-secret=\"rWffciw2fZ\"><a href=\"https:\/\/diariodominicano.com\/?p=361920\">Nace Nace Eugenio Deschamps<\/a><\/blockquote><iframe loading=\"lazy\" class=\"wp-embedded-content\" sandbox=\"allow-scripts\" security=\"restricted\" style=\"position: absolute; visibility: hidden;\" title=\"\u00abNace Nace Eugenio Deschamps\u00bb \u2014 Diario Dominicano\" src=\"https:\/\/diariodominicano.com\/?p=361920&#038;embed=true#?secret=ypaTuWlLgK#?secret=rWffciw2fZ\" data-secret=\"rWffciw2fZ\" width=\"600\" height=\"338\" frameborder=\"0\" marginwidth=\"0\" marginheight=\"0\" scrolling=\"no\"><\/iframe>\n<\/div><\/figure>\n\n\n\n<figure class=\"wp-block-embed is-type-wp-embed is-provider-diario-dominicano wp-block-embed-diario-dominicano\"><div class=\"wp-block-embed__wrapper\">\n<blockquote class=\"wp-embedded-content\" data-secret=\"bpyi1s7RiV\"><a href=\"https:\/\/diariodominicano.com\/?p=361916\">Nace en Santo Domingo Mar\u00eda Trinidad S\u00e1nchez<\/a><\/blockquote><iframe loading=\"lazy\" class=\"wp-embedded-content\" sandbox=\"allow-scripts\" security=\"restricted\" style=\"position: absolute; visibility: hidden;\" title=\"\u00abNace en Santo Domingo Mar\u00eda Trinidad S\u00e1nchez\u00bb \u2014 Diario Dominicano\" src=\"https:\/\/diariodominicano.com\/?p=361916&#038;embed=true#?secret=hTXZvHeqNH#?secret=bpyi1s7RiV\" data-secret=\"bpyi1s7RiV\" width=\"600\" height=\"338\" frameborder=\"0\" marginwidth=\"0\" marginheight=\"0\" scrolling=\"no\"><\/iframe>\n<\/div><\/figure>\n\n\n\n<figure class=\"wp-block-embed is-type-wp-embed is-provider-diario-dominicano wp-block-embed-diario-dominicano\"><div class=\"wp-block-embed__wrapper\">\n<blockquote class=\"wp-embedded-content\" data-secret=\"bpyi1s7RiV\"><a href=\"https:\/\/diariodominicano.com\/?p=361916\">Nace en Santo Domingo Mar\u00eda Trinidad S\u00e1nchez<\/a><\/blockquote><iframe loading=\"lazy\" class=\"wp-embedded-content\" sandbox=\"allow-scripts\" security=\"restricted\" style=\"position: absolute; visibility: hidden;\" title=\"\u00abNace en Santo Domingo Mar\u00eda Trinidad S\u00e1nchez\u00bb \u2014 Diario Dominicano\" src=\"https:\/\/diariodominicano.com\/?p=361916&#038;embed=true#?secret=hTXZvHeqNH#?secret=bpyi1s7RiV\" data-secret=\"bpyi1s7RiV\" width=\"600\" height=\"338\" frameborder=\"0\" marginwidth=\"0\" marginheight=\"0\" scrolling=\"no\"><\/iframe>\n<\/div><\/figure>\n","protected":false},"excerpt":{"rendered":"<p>Monse\u00f1or Ricardo Pitini, monse\u00f1or Juan F\u00e9liz Pep\u00e9n y Rafael Le\u00f3nidas Trujillo Molina &nbsp;Por H\u00e9ctor Tineo Nolasco Diariodominicano.com SANTO DOMINGO, el&nbsp; 16 de junio de 1954, la Iglesia Cat\u00f3lica firm\u00f3 un Concordato con el Gobierno del dictador Rafael Le\u00f3nidas Trujillo Molina. &nbsp;&nbsp;&nbsp; En el documento las partes expresan: \u201cLa Santa Sede Apost\u00f3lica y la Rep\u00fablica Dominicana, [&hellip;]<\/p>\n","protected":false},"author":28,"featured_media":361925,"comment_status":"closed","ping_status":"","sticky":true,"template":"","format":"standard","meta":{"footnotes":""},"categories":[26,27],"tags":[],"class_list":["post-361924","post","type-post","status-publish","format-standard","has-post-thumbnail","hentry","category-efemerides","category-portada"],"_links":{"self":[{"href":"https:\/\/diariodominicano.com\/index.php?rest_route=\/wp\/v2\/posts\/361924","targetHints":{"allow":["GET"]}}],"collection":[{"href":"https:\/\/diariodominicano.com\/index.php?rest_route=\/wp\/v2\/posts"}],"about":[{"href":"https:\/\/diariodominicano.com\/index.php?rest_route=\/wp\/v2\/types\/post"}],"author":[{"embeddable":true,"href":"https:\/\/diariodominicano.com\/index.php?rest_route=\/wp\/v2\/users\/28"}],"replies":[{"embeddable":true,"href":"https:\/\/diariodominicano.com\/index.php?rest_route=%2Fwp%2Fv2%2Fcomments&post=361924"}],"version-history":[{"count":5,"href":"https:\/\/diariodominicano.com\/index.php?rest_route=\/wp\/v2\/posts\/361924\/revisions"}],"predecessor-version":[{"id":361933,"href":"https:\/\/diariodominicano.com\/index.php?rest_route=\/wp\/v2\/posts\/361924\/revisions\/361933"}],"wp:featuredmedia":[{"embeddable":true,"href":"https:\/\/diariodominicano.com\/index.php?rest_route=\/wp\/v2\/media\/361925"}],"wp:attachment":[{"href":"https:\/\/diariodominicano.com\/index.php?rest_route=%2Fwp%2Fv2%2Fmedia&parent=361924"}],"wp:term":[{"taxonomy":"category","embeddable":true,"href":"https:\/\/diariodominicano.com\/index.php?rest_route=%2Fwp%2Fv2%2Fcategories&post=361924"},{"taxonomy":"post_tag","embeddable":true,"href":"https:\/\/diariodominicano.com\/index.php?rest_route=%2Fwp%2Fv2%2Ftags&post=361924"}],"curies":[{"name":"wp","href":"https:\/\/api.w.org\/{rel}","templated":true}]}}