{"id":361920,"date":"2022-06-15T23:51:08","date_gmt":"2022-06-16T03:51:08","guid":{"rendered":"http:\/\/diariodominicano.com\/?p=361920"},"modified":"2022-06-16T00:04:43","modified_gmt":"2022-06-16T04:04:43","slug":"nace-eugenio-deschamps-4","status":"publish","type":"post","link":"https:\/\/diariodominicano.com\/?p=361920","title":{"rendered":"Nace Nace Eugenio Deschamps"},"content":{"rendered":"\n<p>Eugenio Deschamps<\/p>\n\n\n\n<p>Por H\u00e9ctor Tineo Nolasco<\/p>\n\n\n\n<p>Diariodominicano.com<\/p>\n\n\n\n<p><strong>SANTIAGO DE LOS CABALLEROS, el 16 de junio de 1861,<\/strong> naci\u00f3 en Santiago de los Caballeros, Eugenio Deschamps Pe\u00f1a. Se destac\u00f3 como orador y periodista.<\/p>\n\n\n\n<p><\/p>\n\n\n\n<p>En Personajes Dominicanos, tomo II, el historiador Roberto Cass\u00e1 se\u00f1ala que en las d\u00e9cadas de 1870 y 1880, a\u00fan no hab\u00eda instituciones educativas superiores en Santiago, por lo que Deschamps, impedido por razones econ\u00f3micas de marchar a Santo Domingo no pudo continuar sus estudios. \u201cEn su formaci\u00f3n autodidacta recibi\u00f3 ayuda de su t\u00edo Manuel de Jes\u00fas de Pe\u00f1a y Reynoso, uno de los escasos hombres dotados de un elevado nivel cultural en Santiago\u201d.<\/p>\n\n\n\n<p>Cass\u00e1 anota que con la formaci\u00f3n alcanzada, a\u00fan joven pudo ejercer el magisterio, aunque por pocos a\u00f1os, v\u00edctima de persecuciones pol\u00edticas desde 1885 que lo obligaron a llevar una vida accidentada.<\/p>\n\n\n\n<p>&nbsp;&nbsp;&nbsp; En el a\u00f1o 1883, a la edad de 22 a\u00f1os, fund\u00f3 en su ciudad natal&nbsp; el&nbsp; 29 de abril de ese a\u00f1o el peri\u00f3dico La Alborada. Luego de 10 n\u00fameros fue cerrado. Luego cre\u00f3&nbsp; La Rep\u00fablica, considerado como un ejemplo de c\u00e1tedra de civismo en el siglo pasado, sobrevivi\u00f3 hasta la edici\u00f3n n\u00famero 69, fechado el 24 de junio de 1885, aunque, refiere Cass\u00e1, sigui\u00f3 public\u00e1ndolo de forma intermitente en el exilio de la d\u00e9cada de 1890.<\/p>\n\n\n\n<p>&nbsp;&nbsp;&nbsp; Al hablar del trabajo de ese medio de comunicaci\u00f3n, el historiador Rufino Mart\u00ednez afirma que el peri\u00f3dico La Rep\u00fablica, fue la m\u00e1s alta tribuna de la libertad por los a\u00f1os de 1883 al 1885 y tuvo una gran ascendencia en la opini\u00f3n p\u00fablica.<\/p>\n\n\n\n<p>&nbsp;&nbsp; El peri\u00f3dico no era del agrado del Presidente Ulises \u2013Lilis- Heureaux, y por ello Eugenio Deschamps tuvo que salir del pa\u00eds. Fue&nbsp; un cr\u00edtico de la dictadura de Ulises \u2013Lil\u00eds- Heureaux.<\/p>\n\n\n\n<p>&nbsp;&nbsp; En 1916 fund\u00f3 el peri\u00f3dico La Hora dedicado al combate de los invasores estadounidenses. Lo mantuvo en circulaci\u00f3n hasta que fue impedido por la pol\u00edtica de censura que estableci\u00f3 el Gobierno de ocupaci\u00f3n de Estados Unidos a partir del 29 de noviembre de 1916. Por ello, retorn\u00f3 a Puerto Plata.<\/p>\n\n\n\n<p>Cass\u00e1 refiere que \u201cAll\u00ed el ni\u00f1o Rufino Mart\u00ednez, lo ve\u00eda alentando a los j\u00f3venes a luchar por la libertad de la patria y dedicado a trabajar la tierra, dignamente, como el hombre humilde que siempre fue, en b\u00fasqueda del sustento. Cuando disminuy\u00f3 el alcance de la censura, plane\u00f3 sumarse al renacimiento de la lucha nacional mediante un ciclo de conferencias, una de las cuales versar\u00eda acerca del derecho de las peque\u00f1as nacionalidades.\u201d. Resalta que no dej\u00f3 esos afanes patri\u00f3ticos casi hasta su muerte.<\/p>\n\n\n\n<p>\u00a0\u00a0\u00a0 Eugenio Deschamps muri\u00f3 en la ciudad \u00a0Santiago de los Caballeros, el 17 de agosto de 1919.<\/p>\n\n\n\n<p>Relacionadas <\/p>\n\n\n\n<figure class=\"wp-block-embed is-type-wp-embed is-provider-diario-dominicano wp-block-embed-diario-dominicano\"><div class=\"wp-block-embed__wrapper\">\n<blockquote class=\"wp-embedded-content\" data-secret=\"i6R6V7SAAh\"><a href=\"https:\/\/diariodominicano.com\/?p=361924\">La Santa Sede y Rep\u00fablica Dominicana firman el Concordato<\/a><\/blockquote><iframe loading=\"lazy\" class=\"wp-embedded-content\" sandbox=\"allow-scripts\" security=\"restricted\" style=\"position: absolute; visibility: hidden;\" title=\"\u00abLa Santa Sede y Rep\u00fablica Dominicana firman el Concordato\u00bb \u2014 Diario Dominicano\" src=\"https:\/\/diariodominicano.com\/?p=361924&#038;embed=true#?secret=acFbfrZuDV#?secret=i6R6V7SAAh\" data-secret=\"i6R6V7SAAh\" width=\"600\" height=\"338\" frameborder=\"0\" marginwidth=\"0\" marginheight=\"0\" scrolling=\"no\"><\/iframe>\n<\/div><\/figure>\n","protected":false},"excerpt":{"rendered":"<p>Eugenio Deschamps Por H\u00e9ctor Tineo Nolasco Diariodominicano.com SANTIAGO DE LOS CABALLEROS, el 16 de junio de 1861, naci\u00f3 en Santiago de los Caballeros, Eugenio Deschamps Pe\u00f1a. Se destac\u00f3 como orador y periodista. En Personajes Dominicanos, tomo II, el historiador Roberto Cass\u00e1 se\u00f1ala que en las d\u00e9cadas de 1870 y 1880, a\u00fan no hab\u00eda instituciones educativas [&hellip;]<\/p>\n","protected":false},"author":28,"featured_media":361923,"comment_status":"closed","ping_status":"","sticky":true,"template":"","format":"standard","meta":{"footnotes":""},"categories":[26,27],"tags":[],"class_list":["post-361920","post","type-post","status-publish","format-standard","has-post-thumbnail","hentry","category-efemerides","category-portada"],"_links":{"self":[{"href":"https:\/\/diariodominicano.com\/index.php?rest_route=\/wp\/v2\/posts\/361920","targetHints":{"allow":["GET"]}}],"collection":[{"href":"https:\/\/diariodominicano.com\/index.php?rest_route=\/wp\/v2\/posts"}],"about":[{"href":"https:\/\/diariodominicano.com\/index.php?rest_route=\/wp\/v2\/types\/post"}],"author":[{"embeddable":true,"href":"https:\/\/diariodominicano.com\/index.php?rest_route=\/wp\/v2\/users\/28"}],"replies":[{"embeddable":true,"href":"https:\/\/diariodominicano.com\/index.php?rest_route=%2Fwp%2Fv2%2Fcomments&post=361920"}],"version-history":[{"count":3,"href":"https:\/\/diariodominicano.com\/index.php?rest_route=\/wp\/v2\/posts\/361920\/revisions"}],"predecessor-version":[{"id":361931,"href":"https:\/\/diariodominicano.com\/index.php?rest_route=\/wp\/v2\/posts\/361920\/revisions\/361931"}],"wp:featuredmedia":[{"embeddable":true,"href":"https:\/\/diariodominicano.com\/index.php?rest_route=\/wp\/v2\/media\/361923"}],"wp:attachment":[{"href":"https:\/\/diariodominicano.com\/index.php?rest_route=%2Fwp%2Fv2%2Fmedia&parent=361920"}],"wp:term":[{"taxonomy":"category","embeddable":true,"href":"https:\/\/diariodominicano.com\/index.php?rest_route=%2Fwp%2Fv2%2Fcategories&post=361920"},{"taxonomy":"post_tag","embeddable":true,"href":"https:\/\/diariodominicano.com\/index.php?rest_route=%2Fwp%2Fv2%2Ftags&post=361920"}],"curies":[{"name":"wp","href":"https:\/\/api.w.org\/{rel}","templated":true}]}}