{"id":361916,"date":"2022-06-15T23:43:46","date_gmt":"2022-06-16T03:43:46","guid":{"rendered":"http:\/\/diariodominicano.com\/?p=361916"},"modified":"2022-06-15T23:44:25","modified_gmt":"2022-06-16T03:44:25","slug":"nace-en-santo-domingo-maria-trinidad-sanchez","status":"publish","type":"post","link":"https:\/\/diariodominicano.com\/?p=361916","title":{"rendered":"Nace en Santo Domingo Mar\u00eda Trinidad S\u00e1nchez"},"content":{"rendered":"\n<p><strong>Mar\u00eda Trinidad S\u00e1nchez<\/strong><\/p>\n\n\n\n<p>SANTO DOMINGO, el 16 de junio de 1794, naci\u00f3 en la ciudad Santo Domingo, Mar\u00eda Trinidad S\u00e1nchez, quien es una hero\u00edna en la lucha por la Independencia de Rep\u00fablica Dominicana.<\/p>\n\n\n\n<p>&nbsp;&nbsp; El d\u00eda de la proclamaci\u00f3n de&nbsp; Rep\u00fablica Dominicana, el 27 de Febrero de 1844, Mar\u00eda S\u00e1nchez se mantuvo al lado de los pr\u00f3ceres febreristas, a quienes dio asistencia y llev\u00f3&nbsp; cartuchos.<\/p>\n\n\n\n<p>&nbsp;&nbsp; <strong>Mar\u00eda Trinidad S\u00e1nchez era t\u00eda del pr\u00f3cer Francisco del Rosario S\u00e1nchez, y le toc\u00f3 el honor de confeccionar la primera bandera dominicana.<\/strong><\/p>\n\n\n\n<p>&nbsp;&nbsp; Tambi\u00e9n se&nbsp; destac\u00f3 como una opositora a los conservadores que lideraba&nbsp; el Presidente Pedro Santana, y particip\u00f3 en una conspiraci\u00f3n para derrocarlo.<\/p>\n\n\n\n<p>&nbsp;&nbsp;&nbsp; En ese plan fue descubierta y arrestada por los militares santanistas.&nbsp; El Gobierno la acus\u00f3 de llevar a cabo una conspiraci\u00f3n y le prometi\u00f3 que le perdonar\u00eda la vida si revelaba los nombres de sus compa\u00f1eros, pero ella se neg\u00f3.<\/p>\n\n\n\n<p>&nbsp;&nbsp; Por ello, el Presidente Pedro Santana orden\u00f3 que fuera fusilada y la disposici\u00f3n se ejecut\u00f3 el 27 de febrero de 1845, d\u00eda del primer aniversario de la fundaci\u00f3n de Rep\u00fablica Dominicana.<\/p>\n","protected":false},"excerpt":{"rendered":"<p>Mar\u00eda Trinidad S\u00e1nchez SANTO DOMINGO, el 16 de junio de 1794, naci\u00f3 en la ciudad Santo Domingo, Mar\u00eda Trinidad S\u00e1nchez, quien es una hero\u00edna en la lucha por la Independencia de Rep\u00fablica Dominicana. &nbsp;&nbsp; El d\u00eda de la proclamaci\u00f3n de&nbsp; Rep\u00fablica Dominicana, el 27 de Febrero de 1844, Mar\u00eda S\u00e1nchez se mantuvo al lado de [&hellip;]<\/p>\n","protected":false},"author":28,"featured_media":266845,"comment_status":"closed","ping_status":"","sticky":true,"template":"","format":"standard","meta":{"footnotes":""},"categories":[26,27],"tags":[],"class_list":["post-361916","post","type-post","status-publish","format-standard","has-post-thumbnail","hentry","category-efemerides","category-portada"],"_links":{"self":[{"href":"https:\/\/diariodominicano.com\/index.php?rest_route=\/wp\/v2\/posts\/361916","targetHints":{"allow":["GET"]}}],"collection":[{"href":"https:\/\/diariodominicano.com\/index.php?rest_route=\/wp\/v2\/posts"}],"about":[{"href":"https:\/\/diariodominicano.com\/index.php?rest_route=\/wp\/v2\/types\/post"}],"author":[{"embeddable":true,"href":"https:\/\/diariodominicano.com\/index.php?rest_route=\/wp\/v2\/users\/28"}],"replies":[{"embeddable":true,"href":"https:\/\/diariodominicano.com\/index.php?rest_route=%2Fwp%2Fv2%2Fcomments&post=361916"}],"version-history":[{"count":2,"href":"https:\/\/diariodominicano.com\/index.php?rest_route=\/wp\/v2\/posts\/361916\/revisions"}],"predecessor-version":[{"id":361919,"href":"https:\/\/diariodominicano.com\/index.php?rest_route=\/wp\/v2\/posts\/361916\/revisions\/361919"}],"wp:featuredmedia":[{"embeddable":true,"href":"https:\/\/diariodominicano.com\/index.php?rest_route=\/wp\/v2\/media\/266845"}],"wp:attachment":[{"href":"https:\/\/diariodominicano.com\/index.php?rest_route=%2Fwp%2Fv2%2Fmedia&parent=361916"}],"wp:term":[{"taxonomy":"category","embeddable":true,"href":"https:\/\/diariodominicano.com\/index.php?rest_route=%2Fwp%2Fv2%2Fcategories&post=361916"},{"taxonomy":"post_tag","embeddable":true,"href":"https:\/\/diariodominicano.com\/index.php?rest_route=%2Fwp%2Fv2%2Ftags&post=361916"}],"curies":[{"name":"wp","href":"https:\/\/api.w.org\/{rel}","templated":true}]}}