{"id":36186,"date":"2008-04-25T14:18:51","date_gmt":"2008-04-25T14:18:51","guid":{"rendered":"http:\/\/diariodominicano.ddns.net\/?p=36186"},"modified":"2008-04-25T14:18:51","modified_gmt":"2008-04-25T14:18:51","slug":"la-vision-del-lider","status":"publish","type":"post","link":"https:\/\/diariodominicano.com\/?p=36186","title":{"rendered":"La Visi\u00f3n del L\u00edder"},"content":{"rendered":"<p><body><\/p>\n<p><span class=\"titulogrande1\"><strong>La Visi\u00f3n del L\u00edder<\/strong><\/span><\/p>\n<p>&#13;<\/p>\n<p align=\"justify\" class=\"text1noticias\">La gente\u00a0necesita el estimulo visual para creer. Por eso todo l\u00edder debe  acompa\u00f1ar sus metas o proyectos pol\u00edtico con una visi\u00f3n clara de cu\u00e1les son sus  objetivos para con la naci\u00f3n y sus diferentes sectores sociales, ya que si este  pierde la visi\u00f3n del proyecto de naci\u00f3n que desea y de paso pierde la visi\u00f3n de  los acontecimientos, tanto nacionales como internacionales, en ese caso es  l\u00edder s\u00f3lo de nombre, pero no en t\u00e9rminos reales.<\/p>\n<p>&#13;<\/p>\n<p align=\"justify\" class=\"text1noticias\">La visi\u00f3n es para el l\u00edder la energ\u00eda que  impulsa cada tarea o esfuerzo. La visi\u00f3n es la que empuja al l\u00edder a hacer  frente a todos los obst\u00e1culos y problemas que deber\u00e1 ir venciendo para acentuar  su liderazgo. La visi\u00f3n del l\u00edder es lo que le permite cumplir su misi\u00f3n dentro  de la\u00a0 organizaci\u00f3n y de esa manera puede  ir contagiando a la multitud para que  camine junto a \u00e9l. <\/p>\n<p>&#13;<\/p>\n<p align=\"justify\" class=\"text1noticias\">Los l\u00edderes visionarios se liberan de la  tiran\u00eda de los hechos que plantea la imposibilidad de cambios\u00a0 y tambi\u00e9n ayudan a otros a liberarse de ella.  \u201cSe fijan bien en todas las situaciones en la que operan fuera de los \u201cHechos\u201d.  <br \/>&#13;<br \/>\n  <br \/>&#13;<br \/>\n  Retroceden, separan su interpretaci\u00f3n de la realidad\u00a0 y saben encontrar lo que puede hacerse\u201d.<br \/>&#13;<br \/>\n\u00a0\u00a0\u00a0\u00a0\u00a0\u00a0\u00a0\u00a0\u00a0\u00a0\u00a0\u00a0\u00a0\u00a0\u00a0\u00a0\u00a0\u00a0\u00a0\u00a0\u00a0\u00a0\u00a0\u00a0\u00a0\u00a0\u00a0\u00a0\u00a0\u00a0\u00a0\u00a0\u00a0\u00a0\u00a0\u00a0\u00a0\u00a0\u00a0\u00a0\u00a0\u00a0\u00a0\u00a0\u00a0\u00a0\u00a0\u00a0\u00a0\u00a0\u00a0\u00a0\u00a0\u00a0\u00a0\u00a0\u00a0\u00a0\u00a0\u00a0\u00a0\u00a0\u00a0\u00a0\u00a0\u00a0\u00a0\u00a0\u00a0\u00a0\u00a0\u00a0\u00a0\u00a0\u00a0\u00a0\u00a0\u00a0\u00a0\u00a0\u00a0\u00a0\u00a0\u00a0\u00a0 <br \/>&#13;<br \/>\nCuando una persona ocupa una posici\u00f3n de  liderazgo dentro de una organizaci\u00f3n si \u00e9sta no tiene visi\u00f3n\u00a0 ese liderazgo ser\u00e1\u00a0 ef\u00edmero. Todo l\u00edder con visi\u00f3n sabe hacia  d\u00f3nde va y puede persuadir a otras personas para que le sigan. La gente no  sigue el sue\u00f1o que el l\u00edder le describe, sino que m\u00e1s bien sigue a ese l\u00edder  porque este ha tenido la capacidad para motivarla y para que esas personas  crean en si mismas. Por eso detr\u00e1s de cada visi\u00f3n siempre habr\u00e1 un l\u00edder, pero  para que esa visi\u00f3n crezca y demande un seguimiento y un inter\u00e9s el l\u00edder debe  tomar la responsabilidad de afianzar esa visi\u00f3n entre sus seguidores.\u00a0\u00a0\u00a0\u00a0\u00a0\u00a0\u00a0\u00a0\u00a0\u00a0\u00a0\u00a0\u00a0\u00a0\u00a0\u00a0\u00a0\u00a0\u00a0\u00a0\u00a0\u00a0\u00a0\u00a0\u00a0\u00a0\u00a0\u00a0\u00a0\u00a0\u00a0\u00a0\u00a0\u00a0\u00a0\u00a0\u00a0\u00a0\u00a0\u00a0\u00a0\u00a0\u00a0\u00a0\u00a0\u00a0\u00a0\u00a0\u00a0\u00a0\u00a0\u00a0\u00a0\u00a0\u00a0\u00a0\u00a0\u00a0\u00a0\u00a0\u00a0\u00a0\u00a0\u00a0\u00a0\u00a0\u00a0\u00a0\u00a0\u00a0\u00a0\u00a0\u00a0\u00a0\u00a0\u00a0\u00a0\u00a0 <br \/>&#13;<br \/>\n  <strong>\u00a0\u00a0\u00a0\u00a0\u00a0\u00a0\u00a0\u00a0\u00a0\u00a0\u00a0\u00a0\u00a0\u00a0\u00a0\u00a0\u00a0\u00a0\u00a0\u00a0\u00a0\u00a0\u00a0\u00a0\u00a0\u00a0 \u00a0\u00a0\u00a0\u00a0\u00a0\u00a0\u00a0\u00a0\u00a0\u00a0\u00a0\u00a0\u00a0\u00a0\u00a0\u00a0\u00a0\u00a0\u00a0\u00a0\u00a0\u00a0\u00a0\u00a0\u00a0\u00a0\u00a0\u00a0\u00a0\u00a0\u00a0\u00a0\u00a0\u00a0\u00a0\u00a0\u00a0\u00a0\u00a0\u00a0\u00a0\u00a0\u00a0\u00a0\u00a0\u00a0\u00a0\u00a0\u00a0\u00a0\u00a0\u00a0\u00a0\u00a0\u00a0\u00a0\u00a0\u00a0\u00a0\u00a0\u00a0\u00a0\u00a0\u00a0\u00a0\u00a0\u00a0\u00a0\u00a0\u00a0\u00a0\u00a0\u00a0\u00a0\u00a0\u00a0\u00a0\u00a0\u00a0\u00a0\u00a0\u00a0\u00a0\u00a0\u00a0\u00a0\u00a0\u00a0\u00a0\u00a0\u00a0\u00a0\u00a0\u00a0\u00a0\u00a0\u00a0\u00a0\u00a0\u00a0\u00a0<\/strong><br \/>&#13;<br \/>\n  La visi\u00f3n tiene que ver con el potencial de  crecimiento que tiene una organizaci\u00f3n pol\u00edtica ya que es la raz\u00f3n para los  seguidores de porqu\u00e9 organizarse en una agrupaci\u00f3n con intereses comunes. La  visi\u00f3n del l\u00edder es la clave para que cada seguidor se mantenga enfocado en lo  que ve desde su interior como persona.<\/p>\n<p>&#13;<\/p>\n<p align=\"justify\" class=\"text1noticias\"><strong>Konrad  Adenauer<\/strong>,  l\u00edder pol\u00edtico alem\u00e1n, resume\u00a0 muy bien  el concepto de visi\u00f3n de un l\u00edder al se\u00f1alar lo siguiente: \u201cTodos vivimos bajo  el mismo cielo, pero no todos tenemos el mismo horizonte\u201d*\u00a0\u00a0\u00a0\u00a0\u00a0\u00a0\u00a0\u00a0\u00a0\u00a0\u00a0\u00a0\u00a0\u00a0\u00a0\u00a0\u00a0\u00a0\u00a0\u00a0\u00a0\u00a0\u00a0\u00a0\u00a0\u00a0\u00a0\u00a0\u00a0\u00a0\u00a0\u00a0\u00a0\u00a0\u00a0\u00a0\u00a0\u00a0\u00a0\u00a0\u00a0\u00a0\u00a0\u00a0\u00a0\u00a0\u00a0\u00a0\u00a0\u00a0\u00a0\u00a0\u00a0\u00a0\u00a0\u00a0\u00a0\u00a0\u00a0\u00a0\u00a0\u00a0\u00a0\u00a0\u00a0\u00a0\u00a0\u00a0\u00a0\u00a0\u00a0\u00a0\u00a0\u00a0\u00a0\u00a0\u00a0\u00a0 <\/p>\n<p>&#13;<\/p>\n<p align=\"justify\" class=\"text1noticias\">En cuanto al tema del liderazgo debemos  destacar que todas aquellas personas que se han destacado en el plano de la  pol\u00edtica, en sus respectivas naciones, han estado motivadas por una gran visi\u00f3n  hist\u00f3rica. <\/p>\n<p>&#13;<\/p>\n<p align=\"justify\" class=\"text1noticias\">\u00a0Los  grandes lideres, como conductores de gente, y en muchos casos como\u00a0 representantes del Estado tienen que  representar, de manera genuina, las im\u00e1genes y s\u00edmbolos del poder, adem\u00e1s  el\u00a0 l\u00edder es la \u201cfigura\u201d galvanizadora,  que en la medida que act\u00faa en consonancia con los s\u00edmbolos de la naci\u00f3n, se va  convirtiendo, poco a poco, en una fuerza que act\u00faa en consonancia con la historia.  Por eso su visi\u00f3n debe ser clara y definida ante sus seguidores.\u00a0\u00a0\u00a0\u00a0\u00a0\u00a0\u00a0\u00a0\u00a0\u00a0\u00a0\u00a0\u00a0\u00a0\u00a0\u00a0\u00a0\u00a0\u00a0\u00a0\u00a0\u00a0\u00a0\u00a0\u00a0\u00a0\u00a0\u00a0\u00a0\u00a0\u00a0\u00a0\u00a0\u00a0\u00a0\u00a0\u00a0\u00a0\u00a0\u00a0\u00a0\u00a0\u00a0\u00a0\u00a0\u00a0\u00a0\u00a0\u00a0\u00a0\u00a0\u00a0\u00a0\u00a0 <br \/>&#13;<br \/>\n\u00a0\u00a0\u00a0\u00a0\u00a0\u00a0\u00a0\u00a0\u00a0\u00a0\u00a0\u00a0\u00a0\u00a0\u00a0\u00a0\u00a0\u00a0\u00a0\u00a0\u00a0\u00a0\u00a0\u00a0\u00a0\u00a0\u00a0\u00a0\u00a0\u00a0\u00a0\u00a0\u00a0\u00a0\u00a0\u00a0\u00a0\u00a0\u00a0\u00a0\u00a0\u00a0\u00a0\u00a0\u00a0\u00a0\u00a0\u00a0\u00a0\u00a0\u00a0\u00a0\u00a0\u00a0\u00a0\u00a0\u00a0\u00a0\u00a0\u00a0\u00a0\u00a0\u00a0\u00a0\u00a0\u00a0\u00a0\u00a0\u00a0\u00a0\u00a0\u00a0\u00a0\u00a0\u00a0\u00a0\u00a0\u00a0\u00a0\u00a0\u00a0\u00a0\u00a0\u00a0\u00a0\u00a0\u00a0\u00a0\u00a0\u00a0\u00a0\u00a0\u00a0\u00a0\u00a0\u00a0\u00a0\u00a0\u00a0\u00a0\u00a0\u00a0\u00a0\u00a0\u00a0\u00a0\u00a0\u00a0\u00a0\u00a0\u00a0\u00a0\u00a0\u00a0\u00a0\u00a0\u00a0\u00a0\u00a0\u00a0\u00a0\u00a0\u00a0\u00a0\u00a0\u00a0\u00a0  \u00a0\u00a0<br \/>&#13;<br \/>\nNo basta que aquellos que aspiran a ser  lideres conozcan la forma c\u00f3mo adoptar sus acciones pol\u00edticas, es necesario,  adem\u00e1s ser capaz de actuar de forma inteligente y correcta. El aspirante a  l\u00edder que carece de juicio o inteligencia para adoptar las decisiones  adecuadas, en el momento adecuado fracasa por falta de visi\u00f3n. En pol\u00edtica el  que sabe lo que hay que hacer y no lo hace fracasa por ineficacia. El l\u00edder  verdadero debe de tener visi\u00f3n y la capacidad de conseguir sus objetivos. <\/p>\n<p>&#13;<\/p>\n<p align=\"justify\" class=\"text1noticias\">Entre los objetivos de un l\u00edder podemos  encontrar la idea de crear algo nuevo dentro de la naci\u00f3n o de conservar ideas  y tradiciones establecidas. Para ocupar el lugar de conductor el l\u00edder debe de  tener confianza en si mismo, gran inteligencia, laboriosidad constante, pero  sobre todo un l\u00edder autentico debe ser disciplinado, integro, honesto y  responsable, tanto en sus actuaciones p\u00fablicas como privadas.\u00a0\u00a0\u00a0\u00a0\u00a0\u00a0\u00a0\u00a0\u00a0\u00a0\u00a0\u00a0\u00a0\u00a0\u00a0\u00a0 <\/p>\n<p>&#13;<\/p>\n<p align=\"justify\" class=\"text1noticias\">Los grandes l\u00edderes siempre han estado  motivados por un gran sue\u00f1o que les ha permitido arrastrar a los dem\u00e1s. Los  l\u00edderes siempre miran m\u00e1s all\u00e1 del horizonte visible. Por esos los grandes  acontecimientos dan nacimiento a grandes lideres, ya que los pocos que han  tenido visi\u00f3n de la historia, si se adelantan y ven los grandes hechos  hist\u00f3ricos, antes de que ocurran, tienen oportunidad de colocarse en el lugar  que otros no pueden ver, porque sencillamente las persona com\u00fan, rara vez,  tiene una visi\u00f3n que le permita ver mas all\u00e1 del horizonte.\u00a0\u00a0\u00a0\u00a0\u00a0\u00a0\u00a0\u00a0\u00a0\u00a0\u00a0\u00a0\u00a0\u00a0\u00a0\u00a0\u00a0\u00a0\u00a0\u00a0\u00a0\u00a0\u00a0\u00a0\u00a0\u00a0\u00a0\u00a0\u00a0\u00a0\u00a0\u00a0\u00a0\u00a0\u00a0\u00a0\u00a0\u00a0\u00a0\u00a0\u00a0\u00a0\u00a0\u00a0\u00a0\u00a0\u00a0\u00a0\u00a0\u00a0\u00a0\u00a0\u00a0 <br \/>&#13;<br \/>\n\u00a0\u00a0\u00a0\u00a0\u00a0\u00a0\u00a0\u00a0\u00a0\u00a0  \u00a0\u00a0\u00a0\u00a0\u00a0\u00a0\u00a0\u00a0\u00a0\u00a0\u00a0\u00a0\u00a0\u00a0\u00a0\u00a0\u00a0\u00a0\u00a0\u00a0\u00a0\u00a0\u00a0\u00a0\u00a0\u00a0\u00a0\u00a0\u00a0\u00a0\u00a0\u00a0\u00a0\u00a0\u00a0\u00a0\u00a0\u00a0\u00a0\u00a0\u00a0\u00a0\u00a0\u00a0\u00a0\u00a0\u00a0\u00a0\u00a0\u00a0\u00a0\u00a0\u00a0\u00a0\u00a0\u00a0\u00a0\u00a0\u00a0\u00a0\u00a0\u00a0\u00a0\u00a0\u00a0\u00a0\u00a0\u00a0\u00a0\u00a0\u00a0\u00a0\u00a0\u00a0\u00a0\u00a0\u00a0\u00a0\u00a0\u00a0\u00a0\u00a0\u00a0\u00a0\u00a0\u00a0\u00a0\u00a0\u00a0\u00a0\u00a0\u00a0\u00a0\u00a0\u00a0\u00a0\u00a0<br \/>&#13;<br \/>\nLos  l\u00edderes deben tener una gran visi\u00f3n de su misi\u00f3n dentro de su organizaci\u00f3n o  cuando presiden el Estado. Por eso hemos dicho que toda persona que se ha destacado  en el plano pol\u00edtico en su naci\u00f3n ha estado motivada por una visi\u00f3n hist\u00f3rica  de cu\u00e1l debe ser su rol en el proceso social y pol\u00edtico en que esta inmerso.<\/p>\n<p>&#13;<\/p>\n<p align=\"justify\" class=\"text1noticias\">Los lideres como conductores de gentes y en  algunos casos como representantes del Estado tienen que representar de forma  genuina las im\u00e1genes y s\u00edmbolos del poder, adem\u00e1s el l\u00edder es la \u201cfigura\u201d  galvanizadota, que en la medida en que act\u00faa en consonancia con los s\u00edmbolos de  la naci\u00f3n, va convirti\u00e9ndose, poco apoco, en una fuerza que debe actuar en  consonancia con la historia.<\/p>\n<p>&#13;<\/p>\n<p align=\"justify\" class=\"text1noticias\">El l\u00edder debe siempre debe de actuar con  comedimiento cuando maneja cualquier tipo de situaci\u00f3n o conflicto. El  liderazgo que carece\u00a0 de juicio o de  inteligencia para adoptar las decisiones adecuadas en el momento adecuado fracasa  por falta de voluntad. En pol\u00edtica\u00a0 el  que sabe lo que hay que hacer por que conviene ala organizaci\u00f3n y a la  colectividad y no lo hace, fracasa por ineficaz. El verdadero l\u00edder tiene  visi\u00f3n y capacidad para conseguir sus objetivos.<\/p>\n<p>&#13;<\/p>\n<p align=\"justify\" class=\"text1noticias\">Los grandes l\u00edderes siempre han estado  motivados por un gran sue\u00f1o que les ha permitido arrastrar a los dem\u00e1s. Los  l\u00edderes aut\u00e9nticos siempre miran m\u00e1s all\u00e1 del horizonte. Por eso, casi siempre,  los grandes acontecimientos, de car\u00e1cter hist\u00f3ricos, en una sociedad determinada,  dan nacimiento a grandes lideres, ya que a veces esas pocas personas\u00a0 que tienen una visi\u00f3n clara de la historia,  si se adelantan y ven los grandes hechos hist\u00f3ricos, antes de ocurrir, tienen  la oportunidad de colocarse en el lugar que otros no pueden, porque  sencillamente la gente com\u00fan, en la mayor\u00eda de los casos, no tiene una visi\u00f3n  amplia para ver mas all\u00e1 del horizonte.\u00a0 <br \/>&#13;<br \/>\n\u00a0\u00a0\u00a0\u00a0\u00a0\u00a0\u00a0\u00a0\u00a0\u00a0\u00a0\u00a0\u00a0\u00a0\u00a0\u00a0\u00a0\u00a0\u00a0\u00a0\u00a0\u00a0\u00a0\u00a0\u00a0\u00a0\u00a0\u00a0\u00a0\u00a0\u00a0\u00a0\u00a0\u00a0\u00a0\u00a0\u00a0\u00a0\u00a0\u00a0\u00a0\u00a0\u00a0\u00a0\u00a0\u00a0\u00a0\u00a0\u00a0\u00a0\u00a0\u00a0\u00a0\u00a0\u00a0\u00a0\u00a0\u00a0\u00a0\u00a0\u00a0\u00a0\u00a0\u00a0\u00a0\u00a0\u00a0\u00a0\u00a0\u00a0\u00a0\u00a0\u00a0\u00a0\u00a0\u00a0\u00a0\u00a0\u00a0\u00a0\u00a0\u00a0\u00a0\u00a0\u00a0\u00a0\u00a0\u00a0\u00a0\u00a0\u00a0\u00a0\u00a0\u00a0\u00a0\u00a0\u00a0\u00a0\u00a0\u00a0\u00a0\u00a0\u00a0\u00a0\u00a0\u00a0\u00a0\u00a0\u00a0\u00a0\u00a0\u00a0\u00a0\u00a0\u00a0\u00a0\u00a0\u00a0\u00a0\u00a0\u00a0\u00a0\u00a0\u00a0\u00a0  \u00a0\u00a0<br \/>&#13;<br \/>\nUn aspecto a tomar en cuenta en la  personalidad de cualquier l\u00edder es su personalidad, ya que dependiendo de \u00e9sta  tendr\u00e1 una voluntad fuerte o d\u00e9bil. El l\u00edder debe tener gran fuerza de voluntad  para impulsar su influencia y liderazgo dentro de la sociedad en la cual esta  desarroll\u00e1ndose. La fuerza de voluntad le ayudar\u00e1 a ir configurando su espacio  pol\u00edtico y a ir proyectando su visi\u00f3n de la sociedad en la cual interact\u00faa con  otros grupos y sectores sociales.\u00a0\u00a0\u00a0\u00a0\u00a0\u00a0\u00a0\u00a0\u00a0\u00a0\u00a0\u00a0\u00a0\u00a0\u00a0\u00a0\u00a0\u00a0\u00a0\u00a0\u00a0\u00a0\u00a0\u00a0\u00a0\u00a0\u00a0\u00a0\u00a0\u00a0\u00a0\u00a0\u00a0\u00a0\u00a0\u00a0\u00a0\u00a0\u00a0\u00a0\u00a0\u00a0\u00a0\u00a0\u00a0  \u00a0\u00a0\u00a0\u00a0\u00a0\u00a0\u00a0\u00a0\u00a0\u00a0\u00a0\u00a0\u00a0\u00a0\u00a0\u00a0\u00a0\u00a0\u00a0\u00a0\u00a0\u00a0\u00a0\u00a0\u00a0\u00a0\u00a0\u00a0<\/p>\n<p>&#13;<\/p>\n<p align=\"justify\" class=\"text1noticias\">La fuerza de voluntad en el l\u00edder le ayuda a  librar las m\u00e1s grandes batallas, sin la necesidad de desistir de sus acciones y  planes. La fuerza de voluntad elimina del vocabulario del l\u00edder las palabras  desistir y derrota. El autentico l\u00edder no conserva su posici\u00f3n ahogando la  creatividad de los dem\u00e1s, sino que su posici\u00f3n es producto del car\u00e1cter y el  magnetismo que encarna ese l\u00edder en cuesti\u00f3n.<\/p>\n<p>&#13;<\/p>\n<p align=\"justify\" class=\"text1noticias\">A lo largo de la historia de la humanidad los  l\u00edderes que han triunfado y prevalecido son aquellos que han demostrado su  val\u00eda en la acci\u00f3n, que se enfrentan a las dificultades y las dominan y que lo  han arriesgado todo de un solo golpe, han podido\u00a0 atraer a la multitud y el cari\u00f1o y el amor de  la gente.\u00a0\u00a0\u00a0\u00a0\u00a0\u00a0\u00a0\u00a0\u00a0\u00a0\u00a0\u00a0\u00a0\u00a0\u00a0\u00a0\u00a0\u00a0\u00a0\u00a0\u00a0\u00a0\u00a0\u00a0\u00a0\u00a0\u00a0\u00a0\u00a0\u00a0\u00a0 \u00a0\u00a0\u00a0\u00a0\u00a0\u00a0\u00a0\u00a0\u00a0\u00a0\u00a0\u00a0\u00a0\u00a0\u00a0\u00a0\u00a0\u00a0<br \/>&#13;<br \/>\n  Cuando los l\u00edderes tienen fortaleza de\u00a0 voluntad y de car\u00e1cter irradian una especie  de fuerza magn\u00e9tica, que para quienes los siguen simbolizan el fin que hay que  alcanzar y la encarnaci\u00f3n de la esperanza.<br \/>&#13;<br \/>\n\u00a0\u00a0\u00a0\u00a0\u00a0\u00a0\u00a0\u00a0\u00a0\u00a0\u00a0\u00a0\u00a0\u00a0\u00a0\u00a0\u00a0\u00a0\u00a0\u00a0\u00a0\u00a0\u00a0\u00a0\u00a0\u00a0\u00a0\u00a0\u00a0 \u00a0\u00a0\u00a0\u00a0\u00a0\u00a0\u00a0\u00a0\u00a0\u00a0\u00a0\u00a0\u00a0\u00a0\u00a0\u00a0\u00a0\u00a0\u00a0\u00a0\u00a0\u00a0\u00a0\u00a0\u00a0\u00a0\u00a0\u00a0\u00a0\u00a0\u00a0\u00a0\u00a0\u00a0\u00a0\u00a0\u00a0\u00a0\u00a0\u00a0\u00a0\u00a0\u00a0\u00a0\u00a0\u00a0\u00a0\u00a0\u00a0\u00a0\u00a0\u00a0\u00a0\u00a0\u00a0\u00a0\u00a0\u00a0\u00a0\u00a0\u00a0\u00a0\u00a0\u00a0\u00a0\u00a0\u00a0\u00a0\u00a0\u00a0\u00a0\u00a0\u00a0\u00a0\u00a0\u00a0\u00a0\u00a0\u00a0\u00a0\u00a0\u00a0\u00a0\u00a0\u00a0\u00a0<br \/>&#13;<br \/>\nEl l\u00edder pol\u00edtico \u201cha de apuntar alto,  mostrar que\u00a0 posee visi\u00f3n, actuar a gran  escala y as\u00ed mostrar su autoridad sobre el com\u00fan de los hombres que chapotean  en aguas poco profundas\u201d*.\u00a0\u00a0 \u201cEl l\u00edder ha  de someterse a una estricta disciplina, correr constantemente riesgos y vivir  en una perpetua lucha interior\u201d*. <\/p>\n<p>&#13;<\/p>\n<p align=\"justify\" class=\"text1noticias\"><strong>Evelio  Arroyo es Soci\u00f3logo, Abogado y Escritor. Estos temas son publicados del libro  \u201cLideres y Liderazgos\u201d de su autor\u00eda. <\/strong><\/p>\n<p>&#13;<\/p>\n<h6> 2008-04-25 14:18:51 <\/h6>\n<p><!--\n<link rel=\"stylesheet\" href=\"css\/bootstrap.min.css\">\n\n\n<ul class=\"pagination\">\n\t    \n\t\n\n<li >\n\t<a href='?page_no=12073'>Previous<\/a>\n\t<\/li>\n\n\n       \n    \n\n<li><a href='?page_no=1'>1<\/a><\/li>\n\n\n\n<li><a href='?page_no=2'>2<\/a><\/li>\n\n\n\n<li><a>...<\/a><\/li>\n\n\n\n<li><a href='?page_no=12072'>12072<\/a><\/li>\n\n\n\n<li><a href='?page_no=12073'>12073<\/a><\/li>\n\n\n\n<li class='active'><a>12074<\/a><\/li>\n\n\n\n<li><a href='?page_no=12075'>12075<\/a><\/li>\n\n\n\n<li><a href='?page_no=12076'>12076<\/a><\/li>\n\n\n\n<li><a>...<\/a><\/li>\n\n\n\n<li><a href='?page_no=13611'>13611<\/a><\/li>\n\n\n\n<li><a href='?page_no=13612'>13612<\/a><\/li>\n\n    \n\t\n\n<li >\n\t<a href='?page_no=12075'>Next<\/a>\n\t<\/li>\n\n\n    \n\n<li><a href='?page_no=13612'>Last &rsaquo;&rsaquo;<\/a><\/li>\n\n<\/ul>\n\n\n--><br \/>\n<\/body><\/p>\n","protected":false},"excerpt":{"rendered":"<p>La Visi\u00f3n del L\u00edder &#13; La gente\u00a0necesita el estimulo visual para creer. Por eso todo l\u00edder debe acompa\u00f1ar sus metas o proyectos pol\u00edtico con una visi\u00f3n clara de cu\u00e1les son sus objetivos para con la naci\u00f3n y sus diferentes sectores sociales, ya que si este pierde la visi\u00f3n del proyecto de naci\u00f3n que desea y [&hellip;]<\/p>\n","protected":false},"author":3,"featured_media":0,"comment_status":"open","ping_status":"open","sticky":false,"template":"","format":"standard","meta":{"footnotes":""},"categories":[16],"tags":[],"class_list":["post-36186","post","type-post","status-publish","format-standard","hentry","category-opiniones"],"_links":{"self":[{"href":"https:\/\/diariodominicano.com\/index.php?rest_route=\/wp\/v2\/posts\/36186","targetHints":{"allow":["GET"]}}],"collection":[{"href":"https:\/\/diariodominicano.com\/index.php?rest_route=\/wp\/v2\/posts"}],"about":[{"href":"https:\/\/diariodominicano.com\/index.php?rest_route=\/wp\/v2\/types\/post"}],"author":[{"embeddable":true,"href":"https:\/\/diariodominicano.com\/index.php?rest_route=\/wp\/v2\/users\/3"}],"replies":[{"embeddable":true,"href":"https:\/\/diariodominicano.com\/index.php?rest_route=%2Fwp%2Fv2%2Fcomments&post=36186"}],"version-history":[{"count":0,"href":"https:\/\/diariodominicano.com\/index.php?rest_route=\/wp\/v2\/posts\/36186\/revisions"}],"wp:attachment":[{"href":"https:\/\/diariodominicano.com\/index.php?rest_route=%2Fwp%2Fv2%2Fmedia&parent=36186"}],"wp:term":[{"taxonomy":"category","embeddable":true,"href":"https:\/\/diariodominicano.com\/index.php?rest_route=%2Fwp%2Fv2%2Fcategories&post=36186"},{"taxonomy":"post_tag","embeddable":true,"href":"https:\/\/diariodominicano.com\/index.php?rest_route=%2Fwp%2Fv2%2Ftags&post=36186"}],"curies":[{"name":"wp","href":"https:\/\/api.w.org\/{rel}","templated":true}]}}