{"id":36185,"date":"2008-04-25T23:35:43","date_gmt":"2008-04-25T23:35:43","guid":{"rendered":"http:\/\/diariodominicano.ddns.net\/?p=36185"},"modified":"2008-04-25T23:35:43","modified_gmt":"2008-04-25T23:35:43","slug":"reflexiones-de-fidel-3","status":"publish","type":"post","link":"https:\/\/diariodominicano.com\/?p=36185","title":{"rendered":"REFLEXIONES DE FIDEL"},"content":{"rendered":"<p><body><\/p>\n<p align=\"justify\"><strong class=\"titulogrande1\">Reflexiones de  Fidel<\/strong><strong><br \/>&#13;<br \/>\n  <br \/>&#13;<br \/>\n  <\/strong><strong>Nuestro  esp\u00edritu de sacrificio y el chantaje del imperio<\/strong><br \/>&#13;<br \/>\n    <br \/>&#13;<br \/>\n    <span class=\"text1noticias\">La primera informaci\u00f3n que vi  lleg\u00f3 a trav\u00e9s de la agencia de noticias italiana ANSA el 22 de abril.<br \/>&#13;<br \/>\n    <strong><br \/>&#13;<br \/>\n\u00abLa Paz, 22 de abril.\u2014 <\/strong>Una  Comisi\u00f3n de Diputados investigar\u00e1 el caso de una becaria boliviana muerta en  Cuba, cuyo cad\u00e1ver fue repatriado sin varios de los \u00f3rganos vitales, entre  ellos el cerebro.\u00bb<br \/>&#13;<br \/>\n<br \/>&#13;<br \/>\n\u00abEl Presidente de la  Comisi\u00f3n de Pol\u00edtica Social de la C\u00e1mara, Guillermo Mendoza, anunci\u00f3 que pedir\u00e1  a la Canciller\u00eda todos los antecedentes del caso, seg\u00fan la agencia cat\u00f3lica de  noticias <em>Fides<\/em>.<br \/>&#13;<br \/>\n<br \/>&#13;<br \/>\n\u00abLos parientes de Beatriz  Porco Calle, quien estudiaba en Cuba como becaria, denunciaron que el cad\u00e1ver  fue entregado por funcionarios de la Embajada cubana sin ojos, lengua, dientes  ni sus otros \u00f3rganos vitales, entre ellos el cerebro, sin explicaci\u00f3n alguna.<br \/>&#13;<br \/>\n<br \/>&#13;<br \/>\n\u00abEl diputado Mendoza dijo  se har\u00e1 \u2018una exhaustiva revisi\u00f3n\u2019 de la legislaci\u00f3n cubana sobre transplantes  de \u00f3rganos y los compromisos que firman los becarios bolivianos cuando viajan a  Cuba.\u00bb<br \/>&#13;<br \/>\n<br \/>&#13;<br \/>\nLa agencia espa\u00f1ola EFE comunica  una noticia parecida, pero a\u00f1ade: \u00ab\u00bc la familia de la joven reclam\u00f3 una  indemnizaci\u00f3n a la Embajada de Cuba en Bolivia, y al deneg\u00e1rsele, \u2018amenazaron  con ir a la prensa\u2019, apunt\u00f3.<br \/>&#13;<br \/>\n<br \/>&#13;<br \/>\n\u00abCreo que los familiares se  han excedido pidiendo \u2018indemnizaci\u00f3n\u2019, opin\u00f3 el Canciller (de Bolivia), quien  afirm\u00f3 que el gobierno ha realizado una \u2018labor humanitaria\u2019 en este caso,\u00bb  concluy\u00f3 la informaci\u00f3n.<br \/>&#13;<br \/>\n<br \/>&#13;<br \/>\nPara cualquier observador de las  realidades, no hac\u00eda falta mucho m\u00e1s. Todo se pod\u00eda deducir sobre lo ocurrido.<br \/>&#13;<br \/>\n<br \/>&#13;<br \/>\nA pesar de eso, indago sobre los  tr\u00e1mites formales, solicito detalles y precisi\u00f3n para responder este supuesto e  inhumano despojo de un cad\u00e1ver. Solicito adicionalmente informes precisos, en  cifras exactas, sobre nuestra cooperaci\u00f3n m\u00e9dica con Bolivia, un pa\u00eds de  nuestra Am\u00e9rica que el imperio quiere desintegrar.<br \/>&#13;<br \/>\n<br \/>&#13;<br \/>\nDesde la elecci\u00f3n de Evo  Morales, de pura cepa india, en la sufrida Bolivia, le ofrecimos apoyo en salud  p\u00fablica y educaci\u00f3n. Recuerdo muy bien aquella tarde. Est\u00e1bamos seguros de que  pod\u00edamos salvar cada a\u00f1o muchos miles de vidas y reintegrar la salud visual y  otras formas plenas de salud a un n\u00famero incalculable de personas sin costo  alguno para esa naci\u00f3n. Se aplicar\u00eda de inmediato un intenso y probado programa  de alfabetizaci\u00f3n integral en varias lenguas, una de ellas, la m\u00e1s hablada: el  espa\u00f1ol.<br \/>&#13;<br \/>\n<br \/>&#13;<br \/>\nEn Bolivia laboran 119  educadores cubanos con el objetivo de transmitir su experiencia y conocimientos  para declararla en solo dos a\u00f1os y medio Territorio Libre de Analfabetismo.  Nuestro pa\u00eds aport\u00f3 desde el primer instante los equipos y el material  did\u00e1ctico necesario para ese desaf\u00edo: 30 mil televisores de 21 pulgadas  importados de China; un n\u00famero igual de videograbadoras con 16 459  transformadores y 2 000 sistemas fotovoltaicos, los cuales constituyen toda una  red para los cursos subsiguientes de educaci\u00f3n a lo largo del d\u00eda; un mill\u00f3n  359 mil cartillas para alfabetizar en espa\u00f1ol, quechua y aymara; folletos de  lectura y otros materiales que omito para no hacer interminable la lista. Una  parte de los paneles solares de nuestra reserva para tiempos de guerra fueron  enviados a Bolivia. El transporte igualmente gratuito de esos materiales fue  garantizado oficialmente por Cuba a Evo durante una visita a nuestro pa\u00eds pocas  semanas despu\u00e9s del triunfo.<br \/>&#13;<br \/>\n<br \/>&#13;<br \/>\nPor su parte Venezuela, que  acababa de ser declarado Territorio Libre de Analfabetismo con el m\u00e9todo  \u00abYo s\u00ed puedo\u00bb, se incorpor\u00f3 al programa. <br \/>&#13;<br \/>\n<br \/>&#13;<br \/>\nFueron creados en Bolivia 23 727  puntos de alfabetizaci\u00f3n. Se han incorporado el 76,6 por ciento de los  iletrados y se han alfabetizado ya el 62 por ciento de los que no aprendieron  en las escuelas primarias a leer y escribir, sin cobrarles un solo centavo.<br \/>&#13;<br \/>\n<br \/>&#13;<br \/>\nFue sin embargo en el campo de  la salud en el que se realiz\u00f3 el mayor esfuerzo de cooperaci\u00f3n con ese pueblo,  all\u00ed donde murieron el Che y otros compa\u00f1eros cubanos y latinoamericanos y una  joven internacionalista alemana. En ese terreno ning\u00fan pa\u00eds puede competir hoy,  y tal vez durante bastante tiempo, con Cuba. Es una forma de colaboraci\u00f3n  gratuita con los m\u00e1s pobres, y a la vez fuente de exportaci\u00f3n de servicios a  otros pa\u00edses del mundo que disponen de muchos m\u00e1s recursos. En Am\u00e9rica Latina  especialmente, y el Caribe, hemos brindado cooperaci\u00f3n gratuita en esta esfera  a los m\u00e1s necesitados.<br \/>&#13;<br \/>\n<br \/>&#13;<br \/>\nTrabajan ardorosamente en  Bolivia 1 852 compatriotas; de ellos, 1 226 m\u00e9dicos, 250 enfermeras  especializadas, 119 t\u00e9cnicos de la salud, 9 estomat\u00f3logos, 86 profesionales y  t\u00e9cnicos de otras ramas; 102 personas seleccionadas, consagradas a servicios  vitales de diversa \u00edndole que necesitan en el exterior las brigadas cubanas y  los pacientes ingresados.<br \/>&#13;<br \/>\n<br \/>&#13;<br \/>\nLa Brigada M\u00e9dica Cubana labora  en 215 municipios de los 9 departamentos de Bolivia, atendiendo a personas  modestas y a quienes soliciten sus servicios. Disponen de equipamiento \u00f3ptimo  donado por nuestro pa\u00eds. En 18 posiciones oftalmol\u00f3gicas quir\u00fargicas se han  operado de la vista 186 508 pacientes. Su capacidad supera ampliamente los 130  mil por a\u00f1o. <br \/>&#13;<br \/>\n<br \/>&#13;<br \/>\nNuestros m\u00e9dicos han ofrecido ya  casi 12 millones de consultas desde que los primeros llegaron a Bolivia. S\u00f3lo a  base de c\u00e1lculo se puede estimar el n\u00famero de vidas salvadas, ya que como norma  sus pacientes no recib\u00edan atenci\u00f3n alguna.<br \/>&#13;<br \/>\n<br \/>&#13;<br \/>\nQuiz\u00e1s el m\u00e1s impactante aspecto  de nuestra cooperaci\u00f3n m\u00e9dica radica en la formaci\u00f3n de 5 291 j\u00f3venes  bolivianos que estudian medicina en Cuba, entre ellos 621 en la Escuela  Latinoamericana de Medicina, en la que se han producido ya tres graduaciones  con excelentes resultados, y 4 670 del nuevo programa. No exagero si afirmo que  entre los m\u00e1s firmes y combativos amigos de Cuba en Am\u00e9rica Latina, y por  supuesto en Bolivia, est\u00e1n los familiares cuyos hijos estudian esa especialidad  en nuestra patria. <br \/>&#13;<br \/>\n<br \/>&#13;<br \/>\nLa joven estudiante Beatriz  Porco Calle, de 22 a\u00f1os de edad, a la que se refiere el cable, portaba  pasaporte n\u00famero 5968246; proced\u00eda del departamento de Oruro, provincia de  Samara, municipio de Curahuara de Carangas, comunidad rural de Toypicollana, de  procedencia ind\u00edgena y religi\u00f3n cristiana adventista. Cursaba  satisfactoriamente el segundo a\u00f1o de la carrera m\u00e9dica, en la Facultad  \u00abMiguel Sandar\u00e1n Corzo\u00bb, de Matanzas. <br \/>&#13;<br \/>\n<br \/>&#13;<br \/>\nPierde bruscamente la conciencia  el 6 de marzo en el ba\u00f1o de su dormitorio. M\u00e9dicos y profesores deciden  trasladarla de inmediato al Hospital Provincial. En el examen f\u00edsico no surgen  elementos que permitan explicar las causas, tampoco en los an\u00e1lisis de  laboratorio y otros medios, incluida la tomograf\u00eda axial computarizada. Se  recupera bien y se le da de alta. Cefaleas y mareos se presentan breve tiempo  despu\u00e9s. Nuevas investigaciones m\u00e9dicas. Se siente estresada. Se aplican los  medicamentos adecuados para tales situaciones. El 23 de marzo, a las 7 y 30  p.m., nuevas p\u00e9rdidas de conciencia. De nuevo al sistema de urgencia acompa\u00f1ada  por un profesor; cuidados intensivos, donde se diagnostica lo que se conoce,  antes de fallecer, como muerte cerebral. <br \/>&#13;<br \/>\n<br \/>&#13;<br \/>\nSe notifica al Ministerio del  Exterior y al Embajador de Bolivia, los cuales preparan documentaci\u00f3n para  viajar en caso de fallecimiento, lo que ocurre casi una semana despu\u00e9s, el d\u00eda  28. <br \/>&#13;<br \/>\n<br \/>&#13;<br \/>\nEs remitida al Instituto  Nacional de Medicina Legal, que est\u00e1 obligado a realizar la necropsia para  conocer las causas de la muerte. Se cumplen con rigor los tr\u00e1mites pertinentes.  El novio de la estudiante y otros compa\u00f1eros suyos recogieron pertenencias y sellaron  equipajes. En la Facultad, misa el 31 de marzo. Diagn\u00f3stico textual del  Instituto: \u00abmuerte por hipertensi\u00f3n endocraneana, enfermedad  cerebrovascular hemorr\u00e1gica por malformaci\u00f3n vascular men\u00edngea cerebelosa  cong\u00e9nita\u00bb. Era inevitable en ese caso la extracci\u00f3n del bloque visceral y  toma de muestras pertinentes. <br \/>&#13;<br \/>\n<br \/>&#13;<br \/>\nUna profesora de la Facultad  acompa\u00f1\u00f3 el cad\u00e1ver a Bolivia hasta entregarlo a familiares. La Misi\u00f3n M\u00e9dica  cubana asumi\u00f3 los gastos de traslado a su lugar de origen y funerales.<br \/>&#13;<br \/>\n<br \/>&#13;<br \/>\nEs duro escribir sobre esto. M\u00e1s  duro a\u00fan leer los cables que transmiten por el mundo la idea de un cad\u00e1ver  despojado de sus \u00f3rganos, que obligan a Cuba a ofrecer estas explicaciones.<br \/>&#13;<br \/>\n<br \/>&#13;<br \/>\nEs bien claro lo ocurrido. El  imperio necesita contrarrestar verdades de Cuba que no soporta. Intriga y  alienta a familiares para reclamar indemnizaci\u00f3n; asigna la tarea, como se  aprecia en uno de los cables, y lanzan por el mundo la repugnante mentira a  trav\u00e9s de un parlamentario y la agencia <em>Fides<\/em> de noticias. De ah\u00ed, a la  m\u00e1quina demoledora de sus medios y t\u00e9cnicas medi\u00e1ticas.<br \/>&#13;<br \/>\n<br \/>&#13;<br \/>\nEn nuestro propio pa\u00eds \u2014no  vacilo en afirmarlo\u2014 hay personas insensibles, de escasos conocimientos sobre  realidades, que con respuestas r\u00e1pidas e impensadas afirmar\u00e1n: \u00bb no  debemos ayudar a Bolivia\u00bb. Jam\u00e1s comprender\u00e1n que, tanto en la pol\u00edtica  como en la revoluci\u00f3n, la alternativa de una estrategia err\u00f3nea o equivocada es  la derrota.<br \/>&#13;<br \/>\n<br \/>&#13;<br \/>\n  <strong>Fidel Castro Ruz<br \/>&#13;<br \/>\n  <br \/>&#13;<br \/>\n    24 de abril de 2008<br \/>&#13;<br \/>\n    <br \/>&#13;<br \/>\n7 y 15 p.m.<\/strong><\/span><\/p>\n<p>&#13;<\/p>\n<h6> 2008-04-25 23:35:43 <\/h6>\n<p><!--\n<link rel=\"stylesheet\" href=\"css\/bootstrap.min.css\">\n\n\n<ul class=\"pagination\">\n\t    \n\t\n\n<li >\n\t<a href='?page_no=12072'>Previous<\/a>\n\t<\/li>\n\n\n       \n    \n\n<li><a href='?page_no=1'>1<\/a><\/li>\n\n\n\n<li><a href='?page_no=2'>2<\/a><\/li>\n\n\n\n<li><a>...<\/a><\/li>\n\n\n\n<li><a href='?page_no=12071'>12071<\/a><\/li>\n\n\n\n<li><a href='?page_no=12072'>12072<\/a><\/li>\n\n\n\n<li class='active'><a>12073<\/a><\/li>\n\n\n\n<li><a href='?page_no=12074'>12074<\/a><\/li>\n\n\n\n<li><a href='?page_no=12075'>12075<\/a><\/li>\n\n\n\n<li><a>...<\/a><\/li>\n\n\n\n<li><a href='?page_no=13611'>13611<\/a><\/li>\n\n\n\n<li><a href='?page_no=13612'>13612<\/a><\/li>\n\n    \n\t\n\n<li >\n\t<a href='?page_no=12074'>Next<\/a>\n\t<\/li>\n\n\n    \n\n<li><a href='?page_no=13612'>Last &rsaquo;&rsaquo;<\/a><\/li>\n\n<\/ul>\n\n\n--><br \/>\n<\/body><\/p>\n","protected":false},"excerpt":{"rendered":"<p>Reflexiones de Fidel&#13; &#13; Nuestro esp\u00edritu de sacrificio y el chantaje del imperio&#13; &#13; La primera informaci\u00f3n que vi lleg\u00f3 a trav\u00e9s de la agencia de noticias italiana ANSA el 22 de abril.&#13; &#13; \u00abLa Paz, 22 de abril.\u2014 Una Comisi\u00f3n de Diputados investigar\u00e1 el caso de una becaria boliviana muerta en Cuba, cuyo cad\u00e1ver [&hellip;]<\/p>\n","protected":false},"author":3,"featured_media":0,"comment_status":"open","ping_status":"open","sticky":false,"template":"","format":"standard","meta":{"footnotes":""},"categories":[16],"tags":[],"class_list":["post-36185","post","type-post","status-publish","format-standard","hentry","category-opiniones"],"_links":{"self":[{"href":"https:\/\/diariodominicano.com\/index.php?rest_route=\/wp\/v2\/posts\/36185","targetHints":{"allow":["GET"]}}],"collection":[{"href":"https:\/\/diariodominicano.com\/index.php?rest_route=\/wp\/v2\/posts"}],"about":[{"href":"https:\/\/diariodominicano.com\/index.php?rest_route=\/wp\/v2\/types\/post"}],"author":[{"embeddable":true,"href":"https:\/\/diariodominicano.com\/index.php?rest_route=\/wp\/v2\/users\/3"}],"replies":[{"embeddable":true,"href":"https:\/\/diariodominicano.com\/index.php?rest_route=%2Fwp%2Fv2%2Fcomments&post=36185"}],"version-history":[{"count":0,"href":"https:\/\/diariodominicano.com\/index.php?rest_route=\/wp\/v2\/posts\/36185\/revisions"}],"wp:attachment":[{"href":"https:\/\/diariodominicano.com\/index.php?rest_route=%2Fwp%2Fv2%2Fmedia&parent=36185"}],"wp:term":[{"taxonomy":"category","embeddable":true,"href":"https:\/\/diariodominicano.com\/index.php?rest_route=%2Fwp%2Fv2%2Fcategories&post=36185"},{"taxonomy":"post_tag","embeddable":true,"href":"https:\/\/diariodominicano.com\/index.php?rest_route=%2Fwp%2Fv2%2Ftags&post=36185"}],"curies":[{"name":"wp","href":"https:\/\/api.w.org\/{rel}","templated":true}]}}