{"id":36184,"date":"2008-04-28T19:18:38","date_gmt":"2008-04-28T19:18:38","guid":{"rendered":"http:\/\/diariodominicano.ddns.net\/?p=36184"},"modified":"2008-04-28T19:18:38","modified_gmt":"2008-04-28T19:18:38","slug":"el-tiro-rapido-255","status":"publish","type":"post","link":"https:\/\/diariodominicano.com\/?p=36184","title":{"rendered":"EL TIRO R\u00c1PIDO"},"content":{"rendered":"<p><body><\/p>\n<p align=\"justify\"><span class=\"titulogrande1\">EL TIRO R\u00c1PIDO<\/span><br \/>&#13;<br \/>\n  <br \/>&#13;<br \/>\n    <strong>de<\/strong><br \/>&#13;<br \/>\n  <br \/>&#13;<br \/>\n  <span class=\"textogrande\">Mario  Rivadulla<\/span><br \/>&#13;<br \/>\n<br \/>&#13;<br \/>\n<span class=\"text1noticias\">Con el crudo ara\u00f1ando la franja de los ciento veinte  d\u00f2lares el barril, el estimado de la factura petrolera para el pa\u00ecs durante el  presente a\u00f1o alcanzar\u00eca la suma de los cuatro mil millones de d\u00f2lares.\u00a0 Esa cifra sobrepasar\u00eca en un treinta y tres  porciento, o sea mil millones de d\u00f2lares la cantidad que originalmente se hab\u00eca  previsto para el 2008.<\/span><\/p>\n<p>&#13;<\/p>\n<p align=\"justify\" class=\"text1noticias\">De mayor gravedad todav\u00eca: no hay se\u00f1ales ni seguridad de  que el alza se detenga en su actual nivel.\u00a0  M\u00e0s tomando en consideraci\u00f2n la diversidad de factores que pueden  influir en su cotizaci\u00f2n: desde el ataque terrorista a un tanquero gigante  japones o la voladura de un tramo de tuber\u00eca conductora de cualquier oleaducto,  hasta una ola de calor o por el contrario, de fr\u00eco.<\/p>\n<p>&#13;<\/p>\n<p align=\"justify\" class=\"text1noticias\">Frente al incremento irrefrenable de los precios del  llamado \u201coro negro\u201d,\u00a0 que refleja abierta  y cada vez m\u00e0s creciente satisfacci\u00f2n en los rostros de los codiciosos  productores, en contraposici\u00f2n a los de l\u00f2gica amargura y preocupaci\u00f2n que  marca sus huellas en los de aquellos pa\u00ecses que no disponen de combustibles  f\u00f2siles, en particular los de econom\u00ecas m\u00e0s fr\u00e0giles, las propias naciones m\u00e0s  poderosas del mundo, incluyendo las que son productoras ellas mismas y cuentan  con buena disponibilidad de reservas, han estado tomando medidas de austeridad.<\/p>\n<p>&#13;<\/p>\n<p align=\"justify\" class=\"text1noticias\">Nosotros, en cambio, en este pedazo del\u00a0 peque\u00f1o territorio insular que compartimos,  parecer\u00eca que estamos totalmente ajenos a lo que est\u00e0 ocurriendo. Salvo esperar  tensos cada viernes el frecuente aumento de los precios de la gasolina y dem\u00e0s  combustibles y escuchar reclamos populistas de que hay que bajar los precios de  los combustibles, eliminando o rebajando sustancialmente los impuestos que  gravan los mismos, nadie habla de ahorrar.\u00a0  Y ocurre que la palabra clave es \u00e8sa precisamente: entrar en un proceso  de austeridad para bajar el consumo de combustibles, para a su vez tratar de  reducir el agobiante monto en d\u00f2lares de la factura petrolera.<\/p>\n<p>&#13;<\/p>\n<p align=\"justify\" class=\"text1noticias\">Bajar el precio de la gasolina sobre todo, eliminando o  reduciendo los impuestos que gravan los combustibles, suena muy halagador a los  o\u00ecdos de todos. \u00bfQui\u00e8n no se sentir\u00eca satisfecho con una medida de esa  naturaleza?\u00a0 Pero puede resultar tambi\u00f2en  un canto de sirena. Porque \u00bfacaso reducir\u00eca la cantidad de d\u00f2lares que tendr\u00ecamos  que erogar para pagar la cuenta de los combustibles?\u00a0 Si no estamos equivocados, los impuestos se  pagan en pesos, lo que obviamente aliviar\u00eca el bolsillo de los  consumidores.\u00a0 Pero \u00bfno tendr\u00ecamos que  seguir pagando la factura por el petr\u00f2leo al mismo precio en d\u00f2lares contantes  y sonantes?\u00a0 M\u00e0s a\u00f9n: \u00bfno pudiera ocurrir  que al bajar de manera significativa el precio local de la gasolina, aumentase  el consumo dado que no se ha desarrollado en el pa\u00ecs una pol\u00ectica ni una  cultura de austeridad? <\/p>\n<p>&#13;<\/p>\n<p align=\"justify\" class=\"text1noticias\">Lamentablemente hay que reconocer que el ser previsores no  figura en la generosa agenda de cualidades de nuestro pueblo.\u00a0 Somos abiertos y generosos, pero tambi\u00e8n  dispendiosos. Nos quejamos de los apagones, pero cuando llega la energ\u00eca  dejamos encendidas innecesariamente todas las luces y desde la computadora que  no estamos usando hasta el televisor que no estamos viendo.\u00a0 Clamamos por el agua potable en tiempos de  sequ\u00eca, pero jam\u00e0s nos preocupamos de cambiar la zapatilla de esa pluma que  gotea y desperdicia galones y m\u00e0s galones del preciado l\u00ecquido,\u00a0 ni tampoco de afeitarnos sin dejarla correr  en abundancia desde que comenzamos hasta finalizar, ni mucho menos, \u00a1Dios  libre! de regar a diario el jard\u00ecn y lavar el carro a chorro abierto.\u00a0 Ponemos el grito en el cielo cuando el cami\u00f2n  de la basura se toma una semana sin pasar frente a nuestra casa&#8230;pero ponemos  el mismo empe\u00f1o en arrojar desperdicios a diestro y siniestro en las v\u00ecas  p\u00f9blicas, las aceras y los parques.\u00a0 As\u00ec  con todo.<\/p>\n<p>&#13;<\/p>\n<p align=\"justify\" class=\"text1noticias\">Desde la d\u00e8cada de los setenta que comenz\u00f2 el petr\u00f2leo a  coqueatear con el alza, se nos ofreci\u00f2 el alivio del Acuerdo de San Jos\u00e8,\u00a0 parte del precio en cr\u00e8ditos blandos a veinte  a\u00f1os si dedic\u00e0bamos los pr\u00e8stamos a desarrollar fuentes alternativas de energ\u00eca.\u00a0 \u00a1Todav\u00eca a estas alturas, cuatro d\u00e8cadas  despu\u00e8s, no contamos\u00a0 con el reglamento  de la dilatada,\u00a0 reci\u00e8n y muy  trabajosamente aprobada ley de incentivo a los proyectos de energ\u00ecas  alternativas! Tenemos sol en abundancia, una cantidad aceptable de vientos y  a\u00f9n nos quedan algunas fuentes de agua que se han salvado de la depredaci\u00f2n y  que pueden ser aprovechadas para ampliar el parque hidroel\u00e8ctrico.\u00a0 Como expres\u00f2 recientemente el Presidente de  la Comisi\u00f2n Nacional de Energ\u00eca, Ar\u00ecstides Fern\u00e0ndez Zucco, esos tres elementos  son nuestro petr\u00f2leo. Tenemos que aprovecharlos y hacerlo cuanto antes.<\/p>\n<p>&#13;<\/p>\n<p align=\"justify\" class=\"text1noticias\">Pero mientras tanto, dado que para ello se requiere de  tiempo, tecnolog\u00eca y cuantiosas inversiones no tenemos m\u00e0s alternativa que  meter nuestros niveles de consumo en una verdadera camisa de fuerza. <br \/>&#13;<br \/>\n  <br \/>&#13;<br \/>\nConvertirnos de dispendiosos y botarates en  racionales y\u00a0 ahorrativos. Austeridad es  palabra clave en las presentes circunstancias. Porque ni la econom\u00eca del pa\u00ecs  ni la personal de la gran mayor\u00eca de la poblaci\u00f2n puede soportar de manera  indefinida y por mucho m\u00e0s tiempo, la pesada carga del petr\u00f2leo agravada por la  crisis financiera norteamericana y el disparo de los precios de alimentos,  fertilizantes, acero y dem\u00e0s insumos y materias primas como fen\u00f2meno mundial.<\/p>\n<p>&#13;<\/p>\n<h6> 2008-04-28 19:18:38 <\/h6>\n<p><!--\n<link rel=\"stylesheet\" href=\"css\/bootstrap.min.css\">\n\n\n<ul class=\"pagination\">\n\t    \n\t\n\n<li >\n\t<a href='?page_no=12071'>Previous<\/a>\n\t<\/li>\n\n\n       \n    \n\n<li><a href='?page_no=1'>1<\/a><\/li>\n\n\n\n<li><a href='?page_no=2'>2<\/a><\/li>\n\n\n\n<li><a>...<\/a><\/li>\n\n\n\n<li><a href='?page_no=12070'>12070<\/a><\/li>\n\n\n\n<li><a href='?page_no=12071'>12071<\/a><\/li>\n\n\n\n<li class='active'><a>12072<\/a><\/li>\n\n\n\n<li><a href='?page_no=12073'>12073<\/a><\/li>\n\n\n\n<li><a href='?page_no=12074'>12074<\/a><\/li>\n\n\n\n<li><a>...<\/a><\/li>\n\n\n\n<li><a href='?page_no=13611'>13611<\/a><\/li>\n\n\n\n<li><a href='?page_no=13612'>13612<\/a><\/li>\n\n    \n\t\n\n<li >\n\t<a href='?page_no=12073'>Next<\/a>\n\t<\/li>\n\n\n    \n\n<li><a href='?page_no=13612'>Last &rsaquo;&rsaquo;<\/a><\/li>\n\n<\/ul>\n\n\n--><br \/>\n<\/body><\/p>\n","protected":false},"excerpt":{"rendered":"<p>EL TIRO R\u00c1PIDO&#13; &#13; de&#13; &#13; Mario Rivadulla&#13; &#13; Con el crudo ara\u00f1ando la franja de los ciento veinte d\u00f2lares el barril, el estimado de la factura petrolera para el pa\u00ecs durante el presente a\u00f1o alcanzar\u00eca la suma de los cuatro mil millones de d\u00f2lares.\u00a0 Esa cifra sobrepasar\u00eca en un treinta y tres porciento, o [&hellip;]<\/p>\n","protected":false},"author":3,"featured_media":0,"comment_status":"open","ping_status":"open","sticky":false,"template":"","format":"standard","meta":{"footnotes":""},"categories":[16],"tags":[],"class_list":["post-36184","post","type-post","status-publish","format-standard","hentry","category-opiniones"],"_links":{"self":[{"href":"https:\/\/diariodominicano.com\/index.php?rest_route=\/wp\/v2\/posts\/36184","targetHints":{"allow":["GET"]}}],"collection":[{"href":"https:\/\/diariodominicano.com\/index.php?rest_route=\/wp\/v2\/posts"}],"about":[{"href":"https:\/\/diariodominicano.com\/index.php?rest_route=\/wp\/v2\/types\/post"}],"author":[{"embeddable":true,"href":"https:\/\/diariodominicano.com\/index.php?rest_route=\/wp\/v2\/users\/3"}],"replies":[{"embeddable":true,"href":"https:\/\/diariodominicano.com\/index.php?rest_route=%2Fwp%2Fv2%2Fcomments&post=36184"}],"version-history":[{"count":0,"href":"https:\/\/diariodominicano.com\/index.php?rest_route=\/wp\/v2\/posts\/36184\/revisions"}],"wp:attachment":[{"href":"https:\/\/diariodominicano.com\/index.php?rest_route=%2Fwp%2Fv2%2Fmedia&parent=36184"}],"wp:term":[{"taxonomy":"category","embeddable":true,"href":"https:\/\/diariodominicano.com\/index.php?rest_route=%2Fwp%2Fv2%2Fcategories&post=36184"},{"taxonomy":"post_tag","embeddable":true,"href":"https:\/\/diariodominicano.com\/index.php?rest_route=%2Fwp%2Fv2%2Ftags&post=36184"}],"curies":[{"name":"wp","href":"https:\/\/api.w.org\/{rel}","templated":true}]}}