{"id":36183,"date":"2008-04-28T19:21:25","date_gmt":"2008-04-28T19:21:25","guid":{"rendered":"http:\/\/diariodominicano.ddns.net\/?p=36183"},"modified":"2008-04-28T19:21:25","modified_gmt":"2008-04-28T19:21:25","slug":"la-victoria-electoral-de-miguel-vargas","status":"publish","type":"post","link":"https:\/\/diariodominicano.com\/?p=36183","title":{"rendered":"La Victoria Electoral de Miguel Vargas"},"content":{"rendered":"<p><body><\/p>\n<p class=\"titulogrande1\"><strong>La    Victoria Electoral de  Miguel Vargas<\/strong><\/p>\n<p>&#13;<\/p>\n<p align=\"justify\" class=\"text1noticias\">Hace tres  a\u00f1os y medio que la visi\u00f3n del hoy candidato del PRD Ing. Miguel Vargas fue que  esa organizaci\u00f3n pol\u00edtica por estar apoyada por los sectores mayoritarios de  las clases medias y los sectores pobres, si se unificaba en torno a un inter\u00e9s  com\u00fan ten\u00eda todas las posibilidades de ganar estas elecciones de mayo.<\/p>\n<p>&#13;<\/p>\n<p align=\"justify\" class=\"text1noticias\">Apoyado en  esa visi\u00f3n participo en las elecciones internas y obtuvo un triunfo que le  otorgo el 80% de los votos de los perredeistas que votaron en ese proceso interno  de votaci\u00f3n. Luego la tarea del Ing. Miguel Vargas \u00a0fue unificar a todos\u00a0 los sectores del PRD para poder participar  con \u00e9xito en estas elecciones. As\u00ed ha ocurrido.<\/p>\n<p>&#13;<\/p>\n<p align=\"justify\" class=\"text1noticias\">La unidad  del PRD en torno a su candidatura presidencial, en la que se han nucleado todos  los sectores y personalidades con miras a las elecciones de mayo, es lo que ha  venido a despertar la fuerza y el entusiasmo que se observa en las grandes  marchas y caminatas que protagoniza el Ing. Miguel Vargas y la dirigencia de  este partido en todo el pa\u00eds.<\/p>\n<p>&#13;<\/p>\n<p align=\"justify\" class=\"text1noticias\">Sumado a la  unidad del PRD el Ing. Miguel Vargas concibi\u00f3 para su triunfo electoral la  formaci\u00f3n de cientos de movimientos pol\u00edticos externos que hoy apoyan su  candidatura, tanto en el pa\u00eds como en el exterior. El apoyo que hoy dispensamos  a la candidatura del Ing. Miguel Vargas lo hacemos desde el Movimiento en L\u00ednea,  que dirigido por un joven entusiasta, como lo es el Dr. Francisco Fern\u00e1ndez, en  la actualidad aglutina unos 80 mil miembros en su matricula.<\/p>\n<p>&#13;<\/p>\n<p align=\"justify\" class=\"text1noticias\">La  candidatura del Ing. Miguel Vargas ha logrado la integraci\u00f3n y la unidad del  PRD de cara a las elecciones de mayo. En cambio el candidato a la reelecci\u00f3n  contin\u00faa con su partido dividido, en donde su l\u00edder partidario de mayor  arraigo, en las bases del PLD, observa de forma cautelosa el proceso electoral  en marcha, sin tomar una participaci\u00f3n protag\u00f3nica en el mismo. Es evidente que  la fuerza pol\u00edtica de Danilo Medina es decisiva en este proceso electoral,  porque el representa un s\u00edmbolo para la base de su organizaci\u00f3n y porque tiene  un apoyo electoral en todo el pa\u00eds que oscila entre un 15\u00a0 a un 20%.<\/p>\n<p>&#13;<\/p>\n<p align=\"justify\" class=\"text1noticias\">La victoria  electoral de Miguel Vargas se ve favorecida porque la percepci\u00f3n que quiso  vender el gobierno de que ganaba como quiera se cay\u00f3 y ahora se observa\u00a0 la candidatura del Ing. Miguel Vargas seguida  por \u201cr\u00edos de gentes\u201d que lo perciben como el candidato ganador en estas  elecciones. Las marchas del domingo 13 de abril en la capital y la realizada el  domingo 27 en la zona oriental, as\u00ed \u00a0como  la realizada el domingo 20 de abril en Santiago as\u00ed lo confirman.\u00a0<br \/>&#13;<br \/>\n  <br \/>&#13;<br \/>\nLa victoria electoral del Ing. Miguel Vargas  es el resultado de la situaci\u00f3n de crisis econ\u00f3mica y moral que esta viviendo  el pa\u00eds y en la que el gobierno ha tenido un\u00a0  pobre desempe\u00f1o, ya que ni siquiera\u00a0  ha podido dar respuesta a las alzas en los precios de los productos de  la canasta familiar, que hoy se ven por \u201clas nubes\u201d por la falta de previsi\u00f3n  del gobierno.<\/p>\n<p>&#13;<\/p>\n<p align=\"justify\" class=\"text1noticias\">Bajar los  precios de los art\u00edculos de primera necesidad s\u00f3lo es posible si hay mayor  producci\u00f3n de alimentos en el campo y ello s\u00f3lo es posible lograrlo cuando haya  un gobierno que planifique\u00a0 el aumento en  la producci\u00f3n de alimentos, porque tenga una pol\u00edtica econ\u00f3mica y de  inversiones orientada a ese fin. Tratar de bajar los precios por decreto es una  muestra m\u00e1s de la incapacidad y\u00a0 la  improvisaci\u00f3n de este gobierno.<\/p>\n<p>&#13;<\/p>\n<p align=\"justify\" class=\"text1noticias\">La victoria  electoral de Miguel Vargas se ve favorecida, adem\u00e1s porque la gente ha visto  que tiene propuestas claras para solucionar estos problemas, ya que bajar\u00e1 los  impuestos a una tasa unificada de un 15% y la tasa de inter\u00e9s estar\u00e1 orientada \u00a0a la producci\u00f3n de alimentos en el campo, ya  que bajara la tasa de inter\u00e9s del Banco Agr\u00edcola a un 10% para darle la  oportunidad a los grandes, medianos y peque\u00f1os agricultores que produzcan mayor  variedad de rubros alimenticios.<\/p>\n<p>&#13;<\/p>\n<p align=\"justify\" class=\"text1noticias\">La victoria  electoral de Miguel Vargas es el resultadote de una posici\u00f3n pol\u00edtica sincera,  de cara al pa\u00eds, en donde la gente ha visto propuestas y compromisos realizados  con los diferentes sectores sociales y econ\u00f3micos de la naci\u00f3n, que demandan un  cambio en la situaci\u00f3n de estrangulamiento econ\u00f3mico a que los ha llevado este  gobierno con las altas tasas de impuestos.<\/p>\n<p>&#13;<\/p>\n<p align=\"justify\" class=\"text1noticias\">La victoria  electoral del Ing. Miguel Vargas es el resultado de una nueva visi\u00f3n pol\u00edtica,  apoyada en el trabajo, la solidaridad, la transparencia y\u00a0 nuevas ideas para ejercer un gobierno al  servicio de las mayor\u00edas, sin exclusiones de grupos sociales y econ\u00f3micos, es  decir la victoria electoral de Miguel Vargas es el resultado de que el pa\u00eds  espera del nuevo presidente m\u00e1s sinceridad\u00a0  y menos mentiras desde el Estado.<\/p>\n<p>&#13;<\/p>\n<p align=\"justify\" class=\"text1noticias\">La  victorias electoral de mayo pr\u00f3ximo es el triunfo de la mayor\u00eda que desea una  sociedad mas prospera y alejada del enga\u00f1o y la demagogia tradicional de que  hemos sido victimas, como naci\u00f3n, por parte de unos \u201cdirigentes pol\u00edticos\u201d  voraces y alejados del bien com\u00fan.<\/p>\n<p>&#13;<\/p>\n<p align=\"justify\" class=\"text1noticias\">Que Dios  ilumine la mente de los dominicanos y dominicanas este 16 de mayo y que ilumine  adem\u00e1s la mente de Miguel Vargas para que su victoria electoral sea el triunfo  del pa\u00eds y del cambio de rumbo que estamos demandando como naci\u00f3n.<\/p>\n<p>&#13;<\/p>\n<p align=\"justify\" class=\"text1noticias\">Evelio  Arroyo es Soci\u00f3logo, Abogado y Escritor. Es, adem\u00e1s, Director Nacional de  Comunicaciones y Estrategias del Movimiento en L\u00ednea con Miguel, que preside el  Dr. Francisco Fern\u00e1ndez. <\/p>\n<p>&#13;<\/p>\n<h6> 2008-04-28 19:21:25 <\/h6>\n<p><!--\n<link rel=\"stylesheet\" href=\"css\/bootstrap.min.css\">\n\n\n<ul class=\"pagination\">\n\t    \n\t\n\n<li >\n\t<a href='?page_no=12070'>Previous<\/a>\n\t<\/li>\n\n\n       \n    \n\n<li><a href='?page_no=1'>1<\/a><\/li>\n\n\n\n<li><a href='?page_no=2'>2<\/a><\/li>\n\n\n\n<li><a>...<\/a><\/li>\n\n\n\n<li><a href='?page_no=12069'>12069<\/a><\/li>\n\n\n\n<li><a href='?page_no=12070'>12070<\/a><\/li>\n\n\n\n<li class='active'><a>12071<\/a><\/li>\n\n\n\n<li><a href='?page_no=12072'>12072<\/a><\/li>\n\n\n\n<li><a href='?page_no=12073'>12073<\/a><\/li>\n\n\n\n<li><a>...<\/a><\/li>\n\n\n\n<li><a href='?page_no=13611'>13611<\/a><\/li>\n\n\n\n<li><a href='?page_no=13612'>13612<\/a><\/li>\n\n    \n\t\n\n<li >\n\t<a href='?page_no=12072'>Next<\/a>\n\t<\/li>\n\n\n    \n\n<li><a href='?page_no=13612'>Last &rsaquo;&rsaquo;<\/a><\/li>\n\n<\/ul>\n\n\n--><br \/>\n<\/body><\/p>\n","protected":false},"excerpt":{"rendered":"<p>La Victoria Electoral de Miguel Vargas &#13; Hace tres a\u00f1os y medio que la visi\u00f3n del hoy candidato del PRD Ing. Miguel Vargas fue que esa organizaci\u00f3n pol\u00edtica por estar apoyada por los sectores mayoritarios de las clases medias y los sectores pobres, si se unificaba en torno a un inter\u00e9s com\u00fan ten\u00eda todas las [&hellip;]<\/p>\n","protected":false},"author":3,"featured_media":0,"comment_status":"open","ping_status":"open","sticky":false,"template":"","format":"standard","meta":{"footnotes":""},"categories":[16],"tags":[],"class_list":["post-36183","post","type-post","status-publish","format-standard","hentry","category-opiniones"],"_links":{"self":[{"href":"https:\/\/diariodominicano.com\/index.php?rest_route=\/wp\/v2\/posts\/36183","targetHints":{"allow":["GET"]}}],"collection":[{"href":"https:\/\/diariodominicano.com\/index.php?rest_route=\/wp\/v2\/posts"}],"about":[{"href":"https:\/\/diariodominicano.com\/index.php?rest_route=\/wp\/v2\/types\/post"}],"author":[{"embeddable":true,"href":"https:\/\/diariodominicano.com\/index.php?rest_route=\/wp\/v2\/users\/3"}],"replies":[{"embeddable":true,"href":"https:\/\/diariodominicano.com\/index.php?rest_route=%2Fwp%2Fv2%2Fcomments&post=36183"}],"version-history":[{"count":0,"href":"https:\/\/diariodominicano.com\/index.php?rest_route=\/wp\/v2\/posts\/36183\/revisions"}],"wp:attachment":[{"href":"https:\/\/diariodominicano.com\/index.php?rest_route=%2Fwp%2Fv2%2Fmedia&parent=36183"}],"wp:term":[{"taxonomy":"category","embeddable":true,"href":"https:\/\/diariodominicano.com\/index.php?rest_route=%2Fwp%2Fv2%2Fcategories&post=36183"},{"taxonomy":"post_tag","embeddable":true,"href":"https:\/\/diariodominicano.com\/index.php?rest_route=%2Fwp%2Fv2%2Ftags&post=36183"}],"curies":[{"name":"wp","href":"https:\/\/api.w.org\/{rel}","templated":true}]}}