{"id":36180,"date":"2008-04-28T19:44:19","date_gmt":"2008-04-28T19:44:19","guid":{"rendered":"http:\/\/diariodominicano.ddns.net\/?p=36180"},"modified":"2008-04-28T19:44:19","modified_gmt":"2008-04-28T19:44:19","slug":"hacia-el-campo-la-tierra-espera","status":"publish","type":"post","link":"https:\/\/diariodominicano.com\/?p=36180","title":{"rendered":"Hacia el Campo, La Tierra espera"},"content":{"rendered":"<p><body><\/p>\n<p><strong>Punto y Coma <\/strong><br \/>&#13;<br \/>\n  <br \/>&#13;<br \/>\n    <span class=\"titulogrande1\"><strong>Hacia el Campo, La Tierra espera<\/strong><\/span><strong><br \/>&#13;<br \/>\n  <\/strong><br \/>&#13;<br \/>\n    <strong class=\"textogrande\">Santos Aquino Rubio.<\/strong><\/p>\n<p>&#13;<\/p>\n<p align=\"justify\" class=\"text1noticias\">La Crisis alimentar\u00eda que ha sido advertida por organismos internacionales y que  especialistas particulares han presentado como un problema de grandes  dimensiones, marcha en forma acelerada hacia su materializaci\u00f3n.<\/p>\n<p>&#13;<\/p>\n<p align=\"justify\" class=\"text1noticias\">Los pa\u00edses  desarrollados est\u00e1n presentando su preocupaci\u00f3n en este sentido y es preciso  que le hagamos caso. A esas naciones, cuyos problemas son marcadamente menores  que los nuestros.<\/p>\n<p>&#13;<\/p>\n<p align=\"justify\" class=\"text1noticias\">Ahora no deben  importar las razones ni\u00a0 las variables  econ\u00f3micas que originan el problema, lo importante es afrontarlo con los  recursos a nuestro alcance.<br \/>&#13;<br \/>\n  <br \/>&#13;<br \/>\n  El mundo est\u00e1  consciente de los graves da\u00f1os causados por la sequ\u00eda en los pa\u00edses de grandes  producciones de arroz, trigo, soya y otros rubros imprescindibles tanto como  importantes partes de la canasta familiar, sino como componentes primarios de  otros.<br \/>&#13;<br \/>\n  <br \/>&#13;<br \/>\n  El pa\u00eds no es  gran productor de ma\u00edz, trigo ni soya, pero contamos con tierra suficiente para  sembrar rubros de ciclo corto y luego tener paciencia para los dem\u00e1s puedan ser  cosechados.<br \/>&#13;<br \/>\n  <br \/>&#13;<br \/>\n  El sector  Agropecuario tiene ahora un gran reto. Es precisamente propiciar la producci\u00f3n  de yaut\u00eda, batata, papa, oleaginosas, mus\u00e1ceas y otros rubros de ciclo corto,  que nos permitan tener un consumo controlado, hasta que pase la \u00e9poca dif\u00edcil.<\/p>\n<p>&#13;<\/p>\n<p align=\"justify\" class=\"text1noticias\">Debemos sacar provecho a esta crisis que  camina en forma aclarada para reflexionar sobre la importancia de nuestro campo  y, quiz\u00e1s, podamos retornar a entremezclarnos con la tierra y sacarle el  provecho que se espera sin depredar ni destruir, como hasta ahora ha ocurrido.<\/p>\n<p>&#13;<\/p>\n<p align=\"justify\" class=\"text1noticias\">Es preciso que  ahora, sin pensarlo mucho, en un esfuerzo unificado, autoridades y pueblo nos  lanzamos sin colores ni credos a revertir esta terrible amenaza que cierne  sobre el mundo y, con gran peligro en estros pa\u00eds.<\/p>\n<p>&#13;<\/p>\n<p align=\"justify\" class=\"text1noticias\">Dominicanos y  dominicanas, este es un nuevo reto que debemos afrontar con dedicaci\u00f3n y  valent\u00eda. La nuestra es una naci\u00f3n marcada en el sacrificio, pero con gran  capacidad para reponerse y afrontar los grandes retos, como el que ahora tenemos  de frente.<\/p>\n<p>&#13;<\/p>\n<p align=\"justify\" class=\"text1noticias\">La falta de  alimento y sus elevados precios podemos conjurarlos si desde ahora ponemos  nuestras manos, mente, coraz\u00f3n y los recursos necesarios en el campo. La Tierra nos espera, vamos a encontrarnos\u00a0 con ella.<\/p>\n<p>&#13;<\/p>\n<p align=\"justify\" class=\"text1noticias\">El autor es abogado y periodista.<\/p>\n<p>&#13;<\/p>\n<h6> 2008-04-28 19:44:19 <\/h6>\n<p><!--\n<link rel=\"stylesheet\" href=\"css\/bootstrap.min.css\">\n\n\n<ul class=\"pagination\">\n\t    \n\t\n\n<li >\n\t<a href='?page_no=12068'>Previous<\/a>\n\t<\/li>\n\n\n       \n    \n\n<li><a href='?page_no=1'>1<\/a><\/li>\n\n\n\n<li><a href='?page_no=2'>2<\/a><\/li>\n\n\n\n<li><a>...<\/a><\/li>\n\n\n\n<li><a href='?page_no=12067'>12067<\/a><\/li>\n\n\n\n<li><a href='?page_no=12068'>12068<\/a><\/li>\n\n\n\n<li class='active'><a>12069<\/a><\/li>\n\n\n\n<li><a href='?page_no=12070'>12070<\/a><\/li>\n\n\n\n<li><a href='?page_no=12071'>12071<\/a><\/li>\n\n\n\n<li><a>...<\/a><\/li>\n\n\n\n<li><a href='?page_no=13611'>13611<\/a><\/li>\n\n\n\n<li><a href='?page_no=13612'>13612<\/a><\/li>\n\n    \n\t\n\n<li >\n\t<a href='?page_no=12070'>Next<\/a>\n\t<\/li>\n\n\n    \n\n<li><a href='?page_no=13612'>Last &rsaquo;&rsaquo;<\/a><\/li>\n\n<\/ul>\n\n\n--><br \/>\n<\/body><\/p>\n","protected":false},"excerpt":{"rendered":"<p>Punto y Coma &#13; &#13; Hacia el Campo, La Tierra espera&#13; &#13; Santos Aquino Rubio. &#13; La Crisis alimentar\u00eda que ha sido advertida por organismos internacionales y que especialistas particulares han presentado como un problema de grandes dimensiones, marcha en forma acelerada hacia su materializaci\u00f3n. &#13; Los pa\u00edses desarrollados est\u00e1n presentando su preocupaci\u00f3n en este [&hellip;]<\/p>\n","protected":false},"author":3,"featured_media":0,"comment_status":"open","ping_status":"open","sticky":false,"template":"","format":"standard","meta":{"footnotes":""},"categories":[16],"tags":[],"class_list":["post-36180","post","type-post","status-publish","format-standard","hentry","category-opiniones"],"_links":{"self":[{"href":"https:\/\/diariodominicano.com\/index.php?rest_route=\/wp\/v2\/posts\/36180","targetHints":{"allow":["GET"]}}],"collection":[{"href":"https:\/\/diariodominicano.com\/index.php?rest_route=\/wp\/v2\/posts"}],"about":[{"href":"https:\/\/diariodominicano.com\/index.php?rest_route=\/wp\/v2\/types\/post"}],"author":[{"embeddable":true,"href":"https:\/\/diariodominicano.com\/index.php?rest_route=\/wp\/v2\/users\/3"}],"replies":[{"embeddable":true,"href":"https:\/\/diariodominicano.com\/index.php?rest_route=%2Fwp%2Fv2%2Fcomments&post=36180"}],"version-history":[{"count":0,"href":"https:\/\/diariodominicano.com\/index.php?rest_route=\/wp\/v2\/posts\/36180\/revisions"}],"wp:attachment":[{"href":"https:\/\/diariodominicano.com\/index.php?rest_route=%2Fwp%2Fv2%2Fmedia&parent=36180"}],"wp:term":[{"taxonomy":"category","embeddable":true,"href":"https:\/\/diariodominicano.com\/index.php?rest_route=%2Fwp%2Fv2%2Fcategories&post=36180"},{"taxonomy":"post_tag","embeddable":true,"href":"https:\/\/diariodominicano.com\/index.php?rest_route=%2Fwp%2Fv2%2Ftags&post=36180"}],"curies":[{"name":"wp","href":"https:\/\/api.w.org\/{rel}","templated":true}]}}