{"id":36178,"date":"2008-04-30T18:09:52","date_gmt":"2008-04-30T18:09:52","guid":{"rendered":"http:\/\/diariodominicano.ddns.net\/?p=36178"},"modified":"2008-04-30T18:09:52","modified_gmt":"2008-04-30T18:09:52","slug":"el-tiro-rapido-254","status":"publish","type":"post","link":"https:\/\/diariodominicano.com\/?p=36178","title":{"rendered":"EL TIRO R\u00c1PIDO"},"content":{"rendered":"<p><body><\/p>\n<p><span class=\"titulogrande1\">EL TIRO R\u00c1PIDO<\/span><br \/>&#13;<br \/>\n  <br \/>&#13;<br \/>\n    <strong>de<\/strong><br \/>&#13;<br \/>\n    <br \/>&#13;<br \/>\n    <strong class=\"textogrande\">Mario  Rivadulla<\/strong><\/p>\n<p>&#13;<\/p>\n<p align=\"justify\" class=\"text1noticias\">Que el pa\u00ecs enfrentar\u00e0 una situaci\u00f2n bien dif\u00eccil en el  resto del a\u00f1o y Dios sabe por cuanto tiempo m\u00e0s, cuyos efectos ya se est\u00e0n  dejando sentir, no parece noticia que pueda tomar de sorpresa a nadie.\u00a0 Ha habido en este sentido la m\u00e0s amplia  divulgaci\u00f2n y env\u00eco de se\u00f1ales de alerta.\u00a0 <\/p>\n<p>&#13;<\/p>\n<p align=\"justify\" class=\"text1noticias\">Desde el propio Secretario de Estado de Econom\u00eca,  Planificaci\u00f2n y Desarrollo, Juan Tem\u00ecstocles Mont\u00e0s, hasta calificados  economistas como Jos\u00e8 Luis de Ram\u00f2n, Miguel Ceara Hatton, Pavel Isa, Frank  Tejada y Carlos Despradel, por citar solo unos pocos nombres entre los m\u00e0s  conocidos, se han referido al tema con opiniones, pron\u00f2sticos y advertencias  coincidentes.<\/p>\n<p>&#13;<\/p>\n<p align=\"justify\" class=\"text1noticias\">El funcionario oficial, considerado eje del llamado  gabinete econ\u00f2mico del gobierno,\u00a0\u00a0 lleg\u00f2  a calificar de \u201cterrible\u201d la situaci\u00f2n que a su juicio nos espera, seg\u00f9n  expresi\u00f2n textual.\u00a0 En tanto,\u00a0 Fernando Alvarez Bogaert, dedicado de lleno a  dar seguimiento a las variables de la econom\u00eca mundial,\u00a0 que de una u otra forma y medida inciden en  la nuestra, hace hincapi\u00e8 en la crisis que hoy afecta a nuestros dos  principales socios comerciales: los Estados y Espa\u00f1a.<\/p>\n<p>&#13;<\/p>\n<p align=\"justify\" class=\"text1noticias\">El Cardenal L\u00f2pez Rodr\u00ecguez tampoco se ha quedado rezagado  en tomar posici\u00f2n, reclamando, al igual que los mencionados, el aumento  significativo, y acelerado y eficiente agregar\u00ecamos nosotros, de la producci\u00f2n  nacional, a lo entendemos y reiteramos que debi\u00e8ramos sumar una pol\u00ectica  oficial de austeridad y una actitud social de ahorro.<\/p>\n<p>&#13;<\/p>\n<p align=\"justify\" class=\"text1noticias\">Con todas estas clarinadas de peligro en el ambiente,  pudiera asegurarse que todos o casi todos estamos conscientes de que nos  esperan d\u00ecas muy dif\u00ecciles determinadas por causas de origen externo,\u00a0 y por tanto de fuerza mayor, ajenas a nuestra  voluntad y manejo.\u00a0 Tal, inclusive lo  acaba de reconocer en una entrevista radial y en un gesto que lo enaltece, el  ex Presidente Hip\u00f2lito Mej\u00eca, pese a su condici\u00f2n de radical opositor al actual  gobierno.<\/p>\n<p>&#13;<\/p>\n<p align=\"justify\" class=\"text1noticias\">Ni dudar que los propios aspirantes a la Presidencia y los  partidos que los respaldan est\u00e0n igualmente al tanto de la situaci\u00f2n, por m\u00e0s  que apenas de una quincena de la batalla de las urnas,\u00a0 focalicen todos sus empe\u00f1os en sumar la mayor  cantidad posible de votos que les permita alcanzar la victoria.<\/p>\n<p>&#13;<\/p>\n<p align=\"justify\" class=\"text1noticias\">De ah\u00ec, que sea oportuno y no resulte ilusorio el llamamiento  que acaban de hacer las principales entidades empresariales del pa\u00ecs planteando  la necesidad de asumir, inmediatamente despu\u00e8s del 16 de Mayo, una agenda  concertada entre todos los sectores de la vida nacional a fin enfrentar los  retos que se nos vienen encima y que est\u00e0n claramente definidos en nuestro  horizonte inmediato.<\/p>\n<p>&#13;<\/p>\n<p align=\"justify\" class=\"text1noticias\">Pa\u00ecses con mayores niveles de previsi\u00f2n que nosotros, han  asumido a su momento un proyecto de naci\u00f2n.\u00a0  <br \/>&#13;<br \/>\n  <br \/>&#13;<br \/>\nEs el mismo compromiso que se ha venido sugiriendo y reclamando aqu\u00ed por  espacio de mucho tiempo, con voz clamante de desierto, sin encontrar el debido  eco y menos a\u00f9n la intenci\u00f2n de tratar de llevarlo ala pr\u00e0ctica ni siquiera de  quienes debieran estar m\u00e0s interesados en impulsarlo.<\/p>\n<p>&#13;<\/p>\n<p align=\"justify\" class=\"text1noticias\">Pero ya la decisi\u00f2n no es electiva, ahora resulta  obligada, imperativa, impostergable e inexorable. Las amenazas son demasiado  evidentes, fuertes y apremiantes y no dejan resquicio para evasiones mezquinas  ni oportunistas.\u00a0 Ya no podemos seguir  jugando a la pol\u00ectica menuda y al ventajismo coyuntural con los destinos del  pa\u00ecs.<\/p>\n<p>&#13;<\/p>\n<p align=\"justify\" class=\"text1noticias\">Niegan esa posibilidad el petr\u00f2leo a 120 d\u00f2lares y en  pron\u00f2stico de 150 antes de finalizar el a\u00f1o; las alzas desmesuradas en los  precios de los cereales, los productos l\u00e0cteos y los aceites comestibles que  ahora la ONU atribuye a especulaci\u00f2n; la suspensi\u00f2n de las exportaciones de  alimentos por parte de pa\u00ecses productores y los graves problemas econ\u00f2micos que  aquejan a los Estados Unidos y a Espa\u00f1a, que no solo son nuestros dos  principales socios comerciales sino tambi\u00e8n de remesadores de divisas por parte  de dominicanos ausentes.<\/p>\n<p>&#13;<\/p>\n<p align=\"justify\" class=\"text1noticias\">Ante tan penosas realidades, es de esperar que  reaccionemos en la \u00f9nica forma posible: tomando conciencia de la real situaci\u00f2n  a que estamos abocados y en la que ya nos encontramos dando los primeros pasos,  quiz\u00e0s ser\u00eca m\u00e0s propio decir tropezones,\u00a0  y de la inaplazable necesidad de unir mentes y voluntades en un gran  esfuerzo com\u00f9n por salir adelante.<\/p>\n<p>&#13;<\/p>\n<p align=\"justify\" class=\"text1noticias\">Si ponemos empe\u00f1o, podemos lograrlo.\u00a0 De lo contrario,\u00a0 si dejamos que el pa\u00ecs se vaya a pique, todos  nos iremos con \u00e8l.<\/p>\n<p>&#13;<\/p>\n<h6> 2008-04-30 18:09:52 <\/h6>\n<p><!--\n<link rel=\"stylesheet\" href=\"css\/bootstrap.min.css\">\n\n\n<ul class=\"pagination\">\n\t    \n\t\n\n<li >\n\t<a href='?page_no=12066'>Previous<\/a>\n\t<\/li>\n\n\n       \n    \n\n<li><a href='?page_no=1'>1<\/a><\/li>\n\n\n\n<li><a href='?page_no=2'>2<\/a><\/li>\n\n\n\n<li><a>...<\/a><\/li>\n\n\n\n<li><a href='?page_no=12065'>12065<\/a><\/li>\n\n\n\n<li><a href='?page_no=12066'>12066<\/a><\/li>\n\n\n\n<li class='active'><a>12067<\/a><\/li>\n\n\n\n<li><a href='?page_no=12068'>12068<\/a><\/li>\n\n\n\n<li><a href='?page_no=12069'>12069<\/a><\/li>\n\n\n\n<li><a>...<\/a><\/li>\n\n\n\n<li><a href='?page_no=13611'>13611<\/a><\/li>\n\n\n\n<li><a href='?page_no=13612'>13612<\/a><\/li>\n\n    \n\t\n\n<li >\n\t<a href='?page_no=12068'>Next<\/a>\n\t<\/li>\n\n\n    \n\n<li><a href='?page_no=13612'>Last &rsaquo;&rsaquo;<\/a><\/li>\n\n<\/ul>\n\n\n--><br \/>\n<\/body><\/p>\n","protected":false},"excerpt":{"rendered":"<p>EL TIRO R\u00c1PIDO&#13; &#13; de&#13; &#13; Mario Rivadulla &#13; Que el pa\u00ecs enfrentar\u00e0 una situaci\u00f2n bien dif\u00eccil en el resto del a\u00f1o y Dios sabe por cuanto tiempo m\u00e0s, cuyos efectos ya se est\u00e0n dejando sentir, no parece noticia que pueda tomar de sorpresa a nadie.\u00a0 Ha habido en este sentido la m\u00e0s amplia divulgaci\u00f2n [&hellip;]<\/p>\n","protected":false},"author":3,"featured_media":0,"comment_status":"open","ping_status":"open","sticky":false,"template":"","format":"standard","meta":{"footnotes":""},"categories":[16],"tags":[],"class_list":["post-36178","post","type-post","status-publish","format-standard","hentry","category-opiniones"],"_links":{"self":[{"href":"https:\/\/diariodominicano.com\/index.php?rest_route=\/wp\/v2\/posts\/36178","targetHints":{"allow":["GET"]}}],"collection":[{"href":"https:\/\/diariodominicano.com\/index.php?rest_route=\/wp\/v2\/posts"}],"about":[{"href":"https:\/\/diariodominicano.com\/index.php?rest_route=\/wp\/v2\/types\/post"}],"author":[{"embeddable":true,"href":"https:\/\/diariodominicano.com\/index.php?rest_route=\/wp\/v2\/users\/3"}],"replies":[{"embeddable":true,"href":"https:\/\/diariodominicano.com\/index.php?rest_route=%2Fwp%2Fv2%2Fcomments&post=36178"}],"version-history":[{"count":0,"href":"https:\/\/diariodominicano.com\/index.php?rest_route=\/wp\/v2\/posts\/36178\/revisions"}],"wp:attachment":[{"href":"https:\/\/diariodominicano.com\/index.php?rest_route=%2Fwp%2Fv2%2Fmedia&parent=36178"}],"wp:term":[{"taxonomy":"category","embeddable":true,"href":"https:\/\/diariodominicano.com\/index.php?rest_route=%2Fwp%2Fv2%2Fcategories&post=36178"},{"taxonomy":"post_tag","embeddable":true,"href":"https:\/\/diariodominicano.com\/index.php?rest_route=%2Fwp%2Fv2%2Ftags&post=36178"}],"curies":[{"name":"wp","href":"https:\/\/api.w.org\/{rel}","templated":true}]}}